{"id":37533,"date":"2022-09-21T15:11:25","date_gmt":"2022-09-21T15:11:25","guid":{"rendered":"https:\/\/www.achimbrueckner.de\/dxradio\/php\/wordpress\/?p=37533"},"modified":"2022-09-21T15:11:25","modified_gmt":"2022-09-21T15:11:25","slug":"pocket-casts-auf-sonos-funktioniert-nicht-das-ist-die-losung","status":"publish","type":"post","link":"https:\/\/www.achimbrueckner.de\/dxradio\/php\/wordpress\/?p=37533","title":{"rendered":"Pocket Casts auf Sonos funktioniert nicht: Das ist die L\u00f6sung"},"content":{"rendered":"<p><a href=\"https:\/\/www.radioblog.eu\/2022\/09\/21\/pocket-casts-auf-sonos-funktioniert-nicht-das-ist-die-loesung\/\" rel=\"noopener\" target=\"_blank\">https:\/\/www.radioblog.eu\/2022\/09\/21\/pocket-casts-auf-sonos-funktioniert-nicht-das-ist-die-loesung\/<\/a><\/p>\n","protected":false},"excerpt":{"rendered":"<p>https:\/\/www.radioblog.eu\/2022\/09\/21\/pocket-casts-auf-sonos-funktioniert-nicht-das-ist-die-loesung\/<\/p>\n","protected":false},"author":1,"featured_media":0,"comment_status":"closed","ping_status":"open","sticky":false,"template":"","format":"standard","meta":{"_jetpack_memberships_contains_paid_content":false,"footnotes":"","jetpack_publicize_message":"","jetpack_publicize_feature_enabled":true,"jetpack_social_post_already_shared":true,"jetpack_social_options":{"image_generator_settings":{"template":"highway","default_image_id":0,"font":"","enabled":false},"version":2}},"categories":[1],"tags":[],"class_list":["post-37533","post","type-post","status-publish","format-standard","hentry","category-deutsch"],"jetpack_publicize_connections":[],"jetpack_featured_media_url":"","jetpack_sharing_enabled":true,"jetpack_shortlink":"https:\/\/wp.me\/p5CDmr-9Ln","jetpack-related-posts":[{"id":44317,"url":"https:\/\/www.achimbrueckner.de\/dxradio\/php\/wordpress\/?p=44317","url_meta":{"origin":37533,"position":0},"title":"St\u00f6rung auf Sonos: Pocket Casts derzeit nicht nutzbar (Update)","author":"Administrator","date":"November 18, 2025","format":false,"excerpt":"https:\/\/www.radioblog.eu\/2025\/11\/17\/stoerung-auf-sonos-pocket-casts-derzeit-nicht-nutzbar\/","rel":"","context":"In &quot;Deutsch&quot;","block_context":{"text":"Deutsch","link":"https:\/\/www.achimbrueckner.de\/dxradio\/php\/wordpress\/?cat=1"},"img":{"alt_text":"","src":"","width":0,"height":0},"classes":[]},{"id":43131,"url":"https:\/\/www.achimbrueckner.de\/dxradio\/php\/wordpress\/?p=43131","url_meta":{"origin":37533,"position":1},"title":"Sonos verbessert Unterst\u00fctzung f\u00fcr Pocket Casts","author":"Administrator","date":"June 26, 2025","format":false,"excerpt":"https:\/\/www.radioblog.eu\/2025\/06\/26\/sonos-verbessert-unterstuetzung-fuer-pocket-casts\/","rel":"","context":"In &quot;Deutsch&quot;","block_context":{"text":"Deutsch","link":"https:\/\/www.achimbrueckner.de\/dxradio\/php\/wordpress\/?cat=1"},"img":{"alt_text":"","src":"","width":0,"height":0},"classes":[]},{"id":41102,"url":"https:\/\/www.achimbrueckner.de\/dxradio\/php\/wordpress\/?p=41102","url_meta":{"origin":37533,"position":2},"title":"Radio.de auf Sonos ausgefallen: War es das?","author":"Administrator","date":"March 28, 2024","format":false,"excerpt":"https:\/\/www.radioblog.eu\/2024\/03\/28\/radio-de-auf-sonos-ausgefallen-war-es-das\/","rel":"","context":"In &quot;Deutsch&quot;","block_context":{"text":"Deutsch","link":"https:\/\/www.achimbrueckner.de\/dxradio\/php\/wordpress\/?cat=1"},"img":{"alt_text":"","src":"","width":0,"height":0},"classes":[]},{"id":29007,"url":"https:\/\/www.achimbrueckner.de\/dxradio\/php\/wordpress\/?p=29007","url_meta":{"origin":37533,"position":3},"title":"Das neue Sonos-Betriebssystem ist da","author":"Administrator","date":"June 9, 2020","format":false,"excerpt":"https:\/\/www.smartphonefan.de\/2020\/06\/09\/das-neue-sonos-betriebssystem-ist-da\/","rel":"","context":"In &quot;Deutsch&quot;","block_context":{"text":"Deutsch","link":"https:\/\/www.achimbrueckner.de\/dxradio\/php\/wordpress\/?cat=1"},"img":{"alt_text":"","src":"","width":0,"height":0},"classes":[]},{"id":22837,"url":"https:\/\/www.achimbrueckner.de\/dxradio\/php\/wordpress\/?p=22837","url_meta":{"origin":37533,"position":4},"title":"Darum ist Sonos das bessere WLAN-Radio","author":"Administrator","date":"April 22, 2019","format":false,"excerpt":"https:\/\/www.smartphonefan.de\/2019\/04\/22\/darum-ist-sonos-das-bessere-wlan-radio\/","rel":"","context":"In &quot;Deutsch&quot;","block_context":{"text":"Deutsch","link":"https:\/\/www.achimbrueckner.de\/dxradio\/php\/wordpress\/?cat=1"},"img":{"alt_text":"","src":"","width":0,"height":0},"classes":[]},{"id":40624,"url":"https:\/\/www.achimbrueckner.de\/dxradio\/php\/wordpress\/?p=40624","url_meta":{"origin":37533,"position":5},"title":"Pocket Casts: Pers\u00f6nliche Jahresr\u00fcckblicke f\u00fcr die Nutzer","author":"Administrator","date":"December 12, 2023","format":false,"excerpt":"https:\/\/www.radioblog.eu\/2023\/12\/12\/pocket-casts-persoenliche-jahresrueckblicke-fuer-die-nutzer\/","rel":"","context":"In &quot;Deutsch&quot;","block_context":{"text":"Deutsch","link":"https:\/\/www.achimbrueckner.de\/dxradio\/php\/wordpress\/?cat=1"},"img":{"alt_text":"","src":"","width":0,"height":0},"classes":[]}],"_links":{"self":[{"href":"https:\/\/www.achimbrueckner.de\/dxradio\/php\/wordpress\/index.php?rest_route=\/wp\/v2\/posts\/37533","targetHints":{"allow":["GET"]}}],"collection":[{"href":"https:\/\/www.achimbrueckner.de\/dxradio\/php\/wordpress\/index.php?rest_route=\/wp\/v2\/posts"}],"about":[{"href":"https:\/\/www.achimbrueckner.de\/dxradio\/php\/wordpress\/index.php?rest_route=\/wp\/v2\/types\/post"}],"author":[{"embeddable":true,"href":"https:\/\/www.achimbrueckner.de\/dxradio\/php\/wordpress\/index.php?rest_route=\/wp\/v2\/users\/1"}],"replies":[{"embeddable":true,"href":"https:\/\/www.achimbrueckner.de\/dxradio\/php\/wordpress\/index.php?rest_route=%2Fwp%2Fv2%2Fcomments&post=37533"}],"version-history":[{"count":0,"href":"https:\/\/www.achimbrueckner.de\/dxradio\/php\/wordpress\/index.php?rest_route=\/wp\/v2\/posts\/37533\/revisions"}],"wp:attachment":[{"href":"https:\/\/www.achimbrueckner.de\/dxradio\/php\/wordpress\/index.php?rest_route=%2Fwp%2Fv2%2Fmedia&parent=37533"}],"wp:term":[{"taxonomy":"category","embeddable":true,"href":"https:\/\/www.achimbrueckner.de\/dxradio\/php\/wordpress\/index.php?rest_route=%2Fwp%2Fv2%2Fcategories&post=37533"},{"taxonomy":"post_tag","embeddable":true,"href":"https:\/\/www.achimbrueckner.de\/dxradio\/php\/wordpress\/index.php?rest_route=%2Fwp%2Fv2%2Ftags&post=37533"}],"curies":[{"name":"wp","href":"https:\/\/api.w.org\/{rel}","templated":true}]}}