{"id":37586,"date":"2022-09-29T17:42:13","date_gmt":"2022-09-29T17:42:13","guid":{"rendered":"https:\/\/www.achimbrueckner.de\/dxradio\/php\/wordpress\/?p=37586"},"modified":"2022-09-29T17:42:13","modified_gmt":"2022-09-29T17:42:13","slug":"hyperlokales-radio-intime-momente-aus-dem-wohnwagenstudio","status":"publish","type":"post","link":"https:\/\/www.achimbrueckner.de\/dxradio\/php\/wordpress\/?p=37586","title":{"rendered":"Hyperlokales Radio: intime Momente aus dem Wohnwagenstudio"},"content":{"rendered":"<p><a href=\"https:\/\/medienwoche.ch\/2022\/09\/29\/hyperlokales-radio-intime-momente-aus-dem-wohnwagenstudio\/\" rel=\"noopener\" target=\"_blank\">https:\/\/medienwoche.ch\/2022\/09\/29\/hyperlokales-radio-intime-momente-aus-dem-wohnwagenstudio\/<\/a><\/p>\n","protected":false},"excerpt":{"rendered":"<p>https:\/\/medienwoche.ch\/2022\/09\/29\/hyperlokales-radio-intime-momente-aus-dem-wohnwagenstudio\/<\/p>\n","protected":false},"author":1,"featured_media":0,"comment_status":"closed","ping_status":"open","sticky":false,"template":"","format":"standard","meta":{"_jetpack_memberships_contains_paid_content":false,"footnotes":"","jetpack_publicize_message":"","jetpack_publicize_feature_enabled":true,"jetpack_social_post_already_shared":true,"jetpack_social_options":{"image_generator_settings":{"template":"highway","default_image_id":0,"font":"","enabled":false},"version":2}},"categories":[1],"tags":[],"class_list":["post-37586","post","type-post","status-publish","format-standard","hentry","category-deutsch"],"jetpack_publicize_connections":[],"jetpack_featured_media_url":"","jetpack_sharing_enabled":true,"jetpack_shortlink":"https:\/\/wp.me\/p5CDmr-9Me","jetpack-related-posts":[{"id":20268,"url":"https:\/\/www.achimbrueckner.de\/dxradio\/php\/wordpress\/?p=20268","url_meta":{"origin":37586,"position":0},"title":"5 ganz besondere Radio-Momente","author":"Administrator","date":"December 5, 2018","format":false,"excerpt":"https:\/\/www.suedostschweiz.ch\/aus-dem-leben\/2018-12-04\/5-ganz-besondere-radio-momente","rel":"","context":"In &quot;Deutsch&quot;","block_context":{"text":"Deutsch","link":"https:\/\/www.achimbrueckner.de\/dxradio\/php\/wordpress\/?cat=1"},"img":{"alt_text":"","src":"","width":0,"height":0},"classes":[]},{"id":40776,"url":"https:\/\/www.achimbrueckner.de\/dxradio\/php\/wordpress\/?p=40776","url_meta":{"origin":37586,"position":1},"title":"30 Jahre Deutschlandradio","author":"Administrator","date":"January 6, 2024","format":false,"excerpt":"Aus drei wurde eins: 1994 entstand aus den Sendern RIAS und DS Kultur in Berlin sowie Deutschlandfunk in K\u00f6ln das \u00f6ffentlich-rechtliche Medienunternehmen Deutschlandradio. Am 1. Januar j\u00e4hrt sich der erste Sendetag zum 30. Mal. Alle Infos zum Jubil\u00e4um finden Sie hier: https:\/\/www.deutschlandradio.de\/30-jahre-100.html Eine knarzende Telefonleitung eines gefl\u00fcchteten Volkspolizisten, ein intimes\u2026","rel":"","context":"In &quot;Deutsch&quot;","block_context":{"text":"Deutsch","link":"https:\/\/www.achimbrueckner.de\/dxradio\/php\/wordpress\/?cat=1"},"img":{"alt_text":"","src":"","width":0,"height":0},"classes":[]},{"id":28424,"url":"https:\/\/www.achimbrueckner.de\/dxradio\/php\/wordpress\/?p=28424","url_meta":{"origin":37586,"position":2},"title":"&#8220;Mein Spiel &#8211; Die gr\u00f6\u00dften Momente der Fu\u00dfball-Reporter&#8221;: Podcast bei AUDIO NOW","author":"Administrator","date":"April 30, 2020","format":false,"excerpt":"https:\/\/www.rtl.de\/cms\/mein-spiel-die-groessten-momente-der-fussball-reporter-podcast-bei-audio-now-4532465.html","rel":"","context":"In &quot;audio&quot;","block_context":{"text":"audio","link":"https:\/\/www.achimbrueckner.de\/dxradio\/php\/wordpress\/?cat=47"},"img":{"alt_text":"","src":"","width":0,"height":0},"classes":[]},{"id":39674,"url":"https:\/\/www.achimbrueckner.de\/dxradio\/php\/wordpress\/?p=39674","url_meta":{"origin":37586,"position":3},"title":"Deutschlands bekanntester, bergsteigender Funkamateur Emil Bergmann zu Gast auf der Ham Radio vom 23. bis 25. Juni 2023","author":"Administrator","date":"June 17, 2023","format":false,"excerpt":"Deutschlands bekanntester, bergsteigender Funkamateur Emil Bergmann zu Gast auf der Ham Radio vom 23. bis 25. Juni 2023 Abenteuer Amateurfunk: Einmal um die ganze Welt mit Funkequipment 12.06.2023 | Emil Bergmann Friedrichshafen \u2013 Emil Bergmann, Alpinist, Extremkletterer und leidenschaftlicher Funkamateur hat vor wenigen Tagen seine j\u00fcngste Expedition beendet. Gemeinsam mit\u2026","rel":"","context":"In &quot;camps&quot;","block_context":{"text":"camps","link":"https:\/\/www.achimbrueckner.de\/dxradio\/php\/wordpress\/?cat=5"},"img":{"alt_text":"","src":"","width":0,"height":0},"classes":[]},{"id":1755,"url":"https:\/\/www.achimbrueckner.de\/dxradio\/php\/wordpress\/?p=1755","url_meta":{"origin":37586,"position":4},"title":"Radio 538 nimmt seine Podcasts aus dem Netz","author":"Administrator","date":"August 25, 2011","format":false,"excerpt":"Radio 538 nimmt seine Podcasts aus dem Netz http:\/\/www.radioszene.de\/28915\/radio-538-nimmt-seine-podcasts-aus-dem-netz.html","rel":"","context":"In &quot;Deutsch&quot;","block_context":{"text":"Deutsch","link":"https:\/\/www.achimbrueckner.de\/dxradio\/php\/wordpress\/?cat=1"},"img":{"alt_text":"","src":"","width":0,"height":0},"classes":[]},{"id":1670,"url":"https:\/\/www.achimbrueckner.de\/dxradio\/php\/wordpress\/?p=1670","url_meta":{"origin":37586,"position":5},"title":"R\u00fcckzug aus dem Lokalfunk: &#8220;Abendzeitung&#8221; versilbert Anteile an Radio Gong","author":"Administrator","date":"July 20, 2011","format":false,"excerpt":"R\u00fcckzug aus dem Lokalfunk: \"Abendzeitung\" versilbert Anteile an Radio Gong http:\/\/kress.de\/tweet\/tagesdienst\/detail\/beitrag\/111145-rueckzug-aus-dem-lokalfunk-abendzeitung-versilbert-anteile-an-radio-gong.html","rel":"","context":"In &quot;Deutsch&quot;","block_context":{"text":"Deutsch","link":"https:\/\/www.achimbrueckner.de\/dxradio\/php\/wordpress\/?cat=1"},"img":{"alt_text":"","src":"","width":0,"height":0},"classes":[]}],"_links":{"self":[{"href":"https:\/\/www.achimbrueckner.de\/dxradio\/php\/wordpress\/index.php?rest_route=\/wp\/v2\/posts\/37586","targetHints":{"allow":["GET"]}}],"collection":[{"href":"https:\/\/www.achimbrueckner.de\/dxradio\/php\/wordpress\/index.php?rest_route=\/wp\/v2\/posts"}],"about":[{"href":"https:\/\/www.achimbrueckner.de\/dxradio\/php\/wordpress\/index.php?rest_route=\/wp\/v2\/types\/post"}],"author":[{"embeddable":true,"href":"https:\/\/www.achimbrueckner.de\/dxradio\/php\/wordpress\/index.php?rest_route=\/wp\/v2\/users\/1"}],"replies":[{"embeddable":true,"href":"https:\/\/www.achimbrueckner.de\/dxradio\/php\/wordpress\/index.php?rest_route=%2Fwp%2Fv2%2Fcomments&post=37586"}],"version-history":[{"count":0,"href":"https:\/\/www.achimbrueckner.de\/dxradio\/php\/wordpress\/index.php?rest_route=\/wp\/v2\/posts\/37586\/revisions"}],"wp:attachment":[{"href":"https:\/\/www.achimbrueckner.de\/dxradio\/php\/wordpress\/index.php?rest_route=%2Fwp%2Fv2%2Fmedia&parent=37586"}],"wp:term":[{"taxonomy":"category","embeddable":true,"href":"https:\/\/www.achimbrueckner.de\/dxradio\/php\/wordpress\/index.php?rest_route=%2Fwp%2Fv2%2Fcategories&post=37586"},{"taxonomy":"post_tag","embeddable":true,"href":"https:\/\/www.achimbrueckner.de\/dxradio\/php\/wordpress\/index.php?rest_route=%2Fwp%2Fv2%2Ftags&post=37586"}],"curies":[{"name":"wp","href":"https:\/\/api.w.org\/{rel}","templated":true}]}}