{"id":37612,"date":"2022-10-03T14:58:36","date_gmt":"2022-10-03T14:58:36","guid":{"rendered":"https:\/\/www.achimbrueckner.de\/dxradio\/php\/wordpress\/?p=37612"},"modified":"2022-10-03T14:58:36","modified_gmt":"2022-10-03T14:58:36","slug":"dab-sendestorung-im-rhein-main-gebiet","status":"publish","type":"post","link":"https:\/\/www.achimbrueckner.de\/dxradio\/php\/wordpress\/?p=37612","title":{"rendered":"DAB+-Sendest\u00f6rung im Rhein-Main-Gebiet"},"content":{"rendered":"<p><a href=\"https:\/\/www.radioblog.eu\/2022\/10\/02\/dab-sendestoerung-im-rhein-main-gebiet\/\" rel=\"noopener\" target=\"_blank\">https:\/\/www.radioblog.eu\/2022\/10\/02\/dab-sendestoerung-im-rhein-main-gebiet\/<\/a><\/p>\n","protected":false},"excerpt":{"rendered":"<p>https:\/\/www.radioblog.eu\/2022\/10\/02\/dab-sendestoerung-im-rhein-main-gebiet\/<\/p>\n","protected":false},"author":1,"featured_media":0,"comment_status":"closed","ping_status":"open","sticky":false,"template":"","format":"standard","meta":{"_jetpack_memberships_contains_paid_content":false,"footnotes":"","jetpack_publicize_message":"","jetpack_publicize_feature_enabled":true,"jetpack_social_post_already_shared":true,"jetpack_social_options":{"image_generator_settings":{"template":"highway","default_image_id":0,"font":"","enabled":false},"version":2}},"categories":[1],"tags":[],"class_list":["post-37612","post","type-post","status-publish","format-standard","hentry","category-deutsch"],"jetpack_publicize_connections":[],"jetpack_featured_media_url":"","jetpack_sharing_enabled":true,"jetpack_shortlink":"https:\/\/wp.me\/p5CDmr-9ME","jetpack-related-posts":[{"id":10553,"url":"https:\/\/www.achimbrueckner.de\/dxradio\/php\/wordpress\/?p=10553","url_meta":{"origin":37612,"position":0},"title":"Statt Rheinwelle Wiesbaden: Vorerst Radio R\u00fcsselsheim auf DAB+ im Rhein-Main-Gebiet","author":"Administrator","date":"September 30, 2016","format":false,"excerpt":"https:\/\/smartphonefan.wordpress.com\/2016\/09\/30\/statt-rheinwelle-wiesbaden-vorerst-radio-ruesselsheim-auf-dab-im-rhein-main-gebiet\/","rel":"","context":"In &quot;Deutsch&quot;","block_context":{"text":"Deutsch","link":"https:\/\/www.achimbrueckner.de\/dxradio\/php\/wordpress\/?cat=1"},"img":{"alt_text":"","src":"","width":0,"height":0},"classes":[]},{"id":19858,"url":"https:\/\/www.achimbrueckner.de\/dxradio\/php\/wordpress\/?p=19858","url_meta":{"origin":37612,"position":1},"title":"MDR auf DAB+ jetzt bis ins Rhein-Main-Gebiet zu h\u00f6ren","author":"Administrator","date":"October 31, 2018","format":false,"excerpt":"https:\/\/www.smartphonefan.de\/2018\/10\/31\/mdr-auf-dab-jetzt-bis-ins-rhein-main-gebiet-zu-hoeren\/","rel":"","context":"In &quot;Deutsch&quot;","block_context":{"text":"Deutsch","link":"https:\/\/www.achimbrueckner.de\/dxradio\/php\/wordpress\/?cat=1"},"img":{"alt_text":"","src":"","width":0,"height":0},"classes":[]},{"id":21679,"url":"https:\/\/www.achimbrueckner.de\/dxradio\/php\/wordpress\/?p=21679","url_meta":{"origin":37612,"position":2},"title":"Radio im Rhein-Main-Gebiet im Check","author":"Administrator","date":"February 17, 2019","format":false,"excerpt":"https:\/\/www.smartphonefan.de\/2019\/02\/17\/radio-im-rhein-main-gebiet-im-check\/","rel":"","context":"In &quot;Deutsch&quot;","block_context":{"text":"Deutsch","link":"https:\/\/www.achimbrueckner.de\/dxradio\/php\/wordpress\/?cat=1"},"img":{"alt_text":"","src":"","width":0,"height":0},"classes":[]},{"id":20812,"url":"https:\/\/www.achimbrueckner.de\/dxradio\/php\/wordpress\/?p=20812","url_meta":{"origin":37612,"position":3},"title":"Antenne Frankfurt: Lokalradio im Rhein-Main-Gebiet","author":"Administrator","date":"January 8, 2019","format":false,"excerpt":"https:\/\/www.smartphonefan.de\/2019\/01\/08\/antenne-frankfurt-lokalradio-im-rhein-main-gebiet\/","rel":"","context":"In &quot;Deutsch&quot;","block_context":{"text":"Deutsch","link":"https:\/\/www.achimbrueckner.de\/dxradio\/php\/wordpress\/?cat=1"},"img":{"alt_text":"","src":"","width":0,"height":0},"classes":[]},{"id":37665,"url":"https:\/\/www.achimbrueckner.de\/dxradio\/php\/wordpress\/?p=37665","url_meta":{"origin":37612,"position":4},"title":"DAB+ DX in Weil am Rhein: Das ist im Dreil\u00e4ndereck zu h\u00f6ren","author":"Administrator","date":"October 12, 2022","format":false,"excerpt":"https:\/\/www.radioblog.eu\/2022\/10\/11\/dab-dx-in-weil-am-rhein-das-ist-im-dreilaendereck-zu-hoeren\/","rel":"","context":"In &quot;Deutsch&quot;","block_context":{"text":"Deutsch","link":"https:\/\/www.achimbrueckner.de\/dxradio\/php\/wordpress\/?cat=1"},"img":{"alt_text":"","src":"","width":0,"height":0},"classes":[]},{"id":37614,"url":"https:\/\/www.achimbrueckner.de\/dxradio\/php\/wordpress\/?p=37614","url_meta":{"origin":37612,"position":5},"title":"DAB+ Hessen-S\u00fcd: Mehr als dreit\u00e4gige Sendest\u00f6rung behoben","author":"Administrator","date":"October 4, 2022","format":false,"excerpt":"https:\/\/www.radioblog.eu\/2022\/10\/04\/dab-hessen-sued-mehr-als-dreitaegige-sendestoerung-behoben\/","rel":"","context":"In &quot;Deutsch&quot;","block_context":{"text":"Deutsch","link":"https:\/\/www.achimbrueckner.de\/dxradio\/php\/wordpress\/?cat=1"},"img":{"alt_text":"","src":"","width":0,"height":0},"classes":[]}],"_links":{"self":[{"href":"https:\/\/www.achimbrueckner.de\/dxradio\/php\/wordpress\/index.php?rest_route=\/wp\/v2\/posts\/37612","targetHints":{"allow":["GET"]}}],"collection":[{"href":"https:\/\/www.achimbrueckner.de\/dxradio\/php\/wordpress\/index.php?rest_route=\/wp\/v2\/posts"}],"about":[{"href":"https:\/\/www.achimbrueckner.de\/dxradio\/php\/wordpress\/index.php?rest_route=\/wp\/v2\/types\/post"}],"author":[{"embeddable":true,"href":"https:\/\/www.achimbrueckner.de\/dxradio\/php\/wordpress\/index.php?rest_route=\/wp\/v2\/users\/1"}],"replies":[{"embeddable":true,"href":"https:\/\/www.achimbrueckner.de\/dxradio\/php\/wordpress\/index.php?rest_route=%2Fwp%2Fv2%2Fcomments&post=37612"}],"version-history":[{"count":0,"href":"https:\/\/www.achimbrueckner.de\/dxradio\/php\/wordpress\/index.php?rest_route=\/wp\/v2\/posts\/37612\/revisions"}],"wp:attachment":[{"href":"https:\/\/www.achimbrueckner.de\/dxradio\/php\/wordpress\/index.php?rest_route=%2Fwp%2Fv2%2Fmedia&parent=37612"}],"wp:term":[{"taxonomy":"category","embeddable":true,"href":"https:\/\/www.achimbrueckner.de\/dxradio\/php\/wordpress\/index.php?rest_route=%2Fwp%2Fv2%2Fcategories&post=37612"},{"taxonomy":"post_tag","embeddable":true,"href":"https:\/\/www.achimbrueckner.de\/dxradio\/php\/wordpress\/index.php?rest_route=%2Fwp%2Fv2%2Ftags&post=37612"}],"curies":[{"name":"wp","href":"https:\/\/api.w.org\/{rel}","templated":true}]}}