{"id":37617,"date":"2022-10-04T12:49:35","date_gmt":"2022-10-04T12:49:35","guid":{"rendered":"https:\/\/www.achimbrueckner.de\/dxradio\/php\/wordpress\/?p=37617"},"modified":"2022-10-04T12:49:35","modified_gmt":"2022-10-04T12:49:35","slug":"p7s1-ceo-beaujean-muss-gehen-bert-habets-ubernimmt","status":"publish","type":"post","link":"https:\/\/www.achimbrueckner.de\/dxradio\/php\/wordpress\/?p=37617","title":{"rendered":"P7S1-CEO Beaujean muss gehen, Bert Habets \u00fcbernimmt"},"content":{"rendered":"<p><a href=\"https:\/\/meedia.de\/2022\/10\/03\/p7s1-ceo-beaujean-muss-gehen-bert-habets-uebernimmt\/\" rel=\"noopener\" target=\"_blank\">https:\/\/meedia.de\/2022\/10\/03\/p7s1-ceo-beaujean-muss-gehen-bert-habets-uebernimmt\/<\/a><\/p>\n","protected":false},"excerpt":{"rendered":"<p>https:\/\/meedia.de\/2022\/10\/03\/p7s1-ceo-beaujean-muss-gehen-bert-habets-uebernimmt\/<\/p>\n","protected":false},"author":1,"featured_media":0,"comment_status":"closed","ping_status":"open","sticky":false,"template":"","format":"standard","meta":{"_jetpack_memberships_contains_paid_content":false,"footnotes":"","jetpack_publicize_message":"","jetpack_publicize_feature_enabled":true,"jetpack_social_post_already_shared":true,"jetpack_social_options":{"image_generator_settings":{"template":"highway","default_image_id":0,"font":"","enabled":false},"version":2}},"categories":[1],"tags":[],"class_list":["post-37617","post","type-post","status-publish","format-standard","hentry","category-deutsch"],"jetpack_publicize_connections":[],"jetpack_featured_media_url":"","jetpack_sharing_enabled":true,"jetpack_shortlink":"https:\/\/wp.me\/p5CDmr-9MJ","jetpack-related-posts":[{"id":39155,"url":"https:\/\/www.achimbrueckner.de\/dxradio\/php\/wordpress\/?p=39155","url_meta":{"origin":37617,"position":0},"title":"CEO erkl\u00e4rt seine Strategie Bert Habets&#8217; Pl\u00e4ne f\u00fcr P7S1: Neues in Nuancen","author":"Administrator","date":"March 29, 2023","format":false,"excerpt":"https:\/\/www.dwdl.de\/nachrichten\/92329\/bert_habets_plaene_fuer_p7s1_neues_in_nuancen\/","rel":"","context":"In &quot;Deutsch&quot;","block_context":{"text":"Deutsch","link":"https:\/\/www.achimbrueckner.de\/dxradio\/php\/wordpress\/?cat=1"},"img":{"alt_text":"","src":"","width":0,"height":0},"classes":[]},{"id":38275,"url":"https:\/\/www.achimbrueckner.de\/dxradio\/php\/wordpress\/?p=38275","url_meta":{"origin":37617,"position":1},"title":"DJV fordert, Berlusconi-\u00dcbernahme von P7S1 zu verhindern","author":"Administrator","date":"December 19, 2022","format":false,"excerpt":"https:\/\/meedia.de\/2022\/12\/19\/djv-fordert-berlusconi-uebernahme-von-p7s1-zu-verhindern\/","rel":"","context":"In &quot;Deutsch&quot;","block_context":{"text":"Deutsch","link":"https:\/\/www.achimbrueckner.de\/dxradio\/php\/wordpress\/?cat=1"},"img":{"alt_text":"","src":"","width":0,"height":0},"classes":[]},{"id":15508,"url":"https:\/\/www.achimbrueckner.de\/dxradio\/php\/wordpress\/?p=15508","url_meta":{"origin":37617,"position":2},"title":"&#8220;Man muss mit der Technik seiner Zeit gehen&#8221;","author":"Administrator","date":"November 14, 2017","format":false,"excerpt":"https:\/\/www.swissinfo.ch\/ger\/wissen-technik\/untergang-von-ukw-radio_-man-muss-mit-der-technik-seiner-zeit-gehen-\/43660606#.WgrIhPA4mJc.facebook","rel":"","context":"In &quot;Deutsch&quot;","block_context":{"text":"Deutsch","link":"https:\/\/www.achimbrueckner.de\/dxradio\/php\/wordpress\/?cat=1"},"img":{"alt_text":"","src":"","width":0,"height":0},"classes":[]},{"id":39104,"url":"https:\/\/www.achimbrueckner.de\/dxradio\/php\/wordpress\/?p=39104","url_meta":{"origin":37617,"position":3},"title":"ProSiebenSat.1-Chef Habets schl\u00e4gt gemeinsame Inhalte-Plattform vor","author":"Administrator","date":"March 23, 2023","format":false,"excerpt":"https:\/\/www.infosat.de\/digital-tv\/prosiebensat1-chef-habets-schl-gt-gemeinsame-inhalte-plattform-vor","rel":"","context":"In &quot;Deutsch&quot;","block_context":{"text":"Deutsch","link":"https:\/\/www.achimbrueckner.de\/dxradio\/php\/wordpress\/?cat=1"},"img":{"alt_text":"","src":"","width":0,"height":0},"classes":[]},{"id":34920,"url":"https:\/\/www.achimbrueckner.de\/dxradio\/php\/wordpress\/?p=34920","url_meta":{"origin":37617,"position":4},"title":"Wie viel russische Propaganda muss der Westen aushalten, Professor Hoffmann?","author":"Administrator","date":"March 4, 2022","format":false,"excerpt":"https:\/\/meedia.de\/2022\/03\/04\/wie-viel-russische-propaganda-muss-der-westen-aushalten-professor-hoffmann\/","rel":"","context":"In &quot;Deutsch&quot;","block_context":{"text":"Deutsch","link":"https:\/\/www.achimbrueckner.de\/dxradio\/php\/wordpress\/?cat=1"},"img":{"alt_text":"","src":"","width":0,"height":0},"classes":[]},{"id":36689,"url":"https:\/\/www.achimbrueckner.de\/dxradio\/php\/wordpress\/?p=36689","url_meta":{"origin":37617,"position":5},"title":"Neue Entlassungsrunde bei Netflix: 300 Mitarbeiter m\u00fcssen gehen","author":"Administrator","date":"June 24, 2022","format":false,"excerpt":"https:\/\/meedia.de\/2022\/06\/24\/neue-entlassungsrunde-bei-netflix-300-mitarbeiter-muessen-gehen\/","rel":"","context":"In &quot;Deutsch&quot;","block_context":{"text":"Deutsch","link":"https:\/\/www.achimbrueckner.de\/dxradio\/php\/wordpress\/?cat=1"},"img":{"alt_text":"","src":"","width":0,"height":0},"classes":[]}],"_links":{"self":[{"href":"https:\/\/www.achimbrueckner.de\/dxradio\/php\/wordpress\/index.php?rest_route=\/wp\/v2\/posts\/37617","targetHints":{"allow":["GET"]}}],"collection":[{"href":"https:\/\/www.achimbrueckner.de\/dxradio\/php\/wordpress\/index.php?rest_route=\/wp\/v2\/posts"}],"about":[{"href":"https:\/\/www.achimbrueckner.de\/dxradio\/php\/wordpress\/index.php?rest_route=\/wp\/v2\/types\/post"}],"author":[{"embeddable":true,"href":"https:\/\/www.achimbrueckner.de\/dxradio\/php\/wordpress\/index.php?rest_route=\/wp\/v2\/users\/1"}],"replies":[{"embeddable":true,"href":"https:\/\/www.achimbrueckner.de\/dxradio\/php\/wordpress\/index.php?rest_route=%2Fwp%2Fv2%2Fcomments&post=37617"}],"version-history":[{"count":0,"href":"https:\/\/www.achimbrueckner.de\/dxradio\/php\/wordpress\/index.php?rest_route=\/wp\/v2\/posts\/37617\/revisions"}],"wp:attachment":[{"href":"https:\/\/www.achimbrueckner.de\/dxradio\/php\/wordpress\/index.php?rest_route=%2Fwp%2Fv2%2Fmedia&parent=37617"}],"wp:term":[{"taxonomy":"category","embeddable":true,"href":"https:\/\/www.achimbrueckner.de\/dxradio\/php\/wordpress\/index.php?rest_route=%2Fwp%2Fv2%2Fcategories&post=37617"},{"taxonomy":"post_tag","embeddable":true,"href":"https:\/\/www.achimbrueckner.de\/dxradio\/php\/wordpress\/index.php?rest_route=%2Fwp%2Fv2%2Ftags&post=37617"}],"curies":[{"name":"wp","href":"https:\/\/api.w.org\/{rel}","templated":true}]}}