{"id":37618,"date":"2022-10-04T12:51:09","date_gmt":"2022-10-04T12:51:09","guid":{"rendered":"https:\/\/www.achimbrueckner.de\/dxradio\/php\/wordpress\/?p=37618"},"modified":"2022-10-04T12:51:09","modified_gmt":"2022-10-04T12:51:09","slug":"youtube-4k-auflosung-ruckt-testweise-hinter-paywall","status":"publish","type":"post","link":"https:\/\/www.achimbrueckner.de\/dxradio\/php\/wordpress\/?p=37618","title":{"rendered":"Youtube: 4K-Aufl\u00f6sung r\u00fcckt testweise hinter Paywall"},"content":{"rendered":"<p><a href=\"https:\/\/www.heise.de\/news\/Youtube-4K-Aufloesung-rueckt-testweise-hinter-Paywall-7283166.html\" rel=\"noopener\" target=\"_blank\">https:\/\/www.heise.de\/news\/Youtube-4K-Aufloesung-rueckt-testweise-hinter-Paywall-7283166.html<\/a><\/p>\n","protected":false},"excerpt":{"rendered":"<p>https:\/\/www.heise.de\/news\/Youtube-4K-Aufloesung-rueckt-testweise-hinter-Paywall-7283166.html<\/p>\n","protected":false},"author":1,"featured_media":0,"comment_status":"closed","ping_status":"open","sticky":false,"template":"","format":"standard","meta":{"_jetpack_memberships_contains_paid_content":false,"footnotes":"","jetpack_publicize_message":"","jetpack_publicize_feature_enabled":true,"jetpack_social_post_already_shared":true,"jetpack_social_options":{"image_generator_settings":{"template":"highway","default_image_id":0,"font":"","enabled":false},"version":2}},"categories":[1],"tags":[],"class_list":["post-37618","post","type-post","status-publish","format-standard","hentry","category-deutsch"],"jetpack_publicize_connections":[],"jetpack_featured_media_url":"","jetpack_sharing_enabled":true,"jetpack_shortlink":"https:\/\/wp.me\/p5CDmr-9MK","jetpack-related-posts":[{"id":33560,"url":"https:\/\/www.achimbrueckner.de\/dxradio\/php\/wordpress\/?p=33560","url_meta":{"origin":37618,"position":0},"title":"Twitter: &#8220;Gute&#8221; Bots erhalten testweise eine Kennzeichnung","author":"Administrator","date":"September 11, 2021","format":false,"excerpt":"https:\/\/www.heise.de\/news\/Twitter-Gute-Bots-erhalten-testweise-eine-Kennzeichnung-6189158.html","rel":"","context":"In &quot;Deutsch&quot;","block_context":{"text":"Deutsch","link":"https:\/\/www.achimbrueckner.de\/dxradio\/php\/wordpress\/?cat=1"},"img":{"alt_text":"","src":"","width":0,"height":0},"classes":[]},{"id":24357,"url":"https:\/\/www.achimbrueckner.de\/dxradio\/php\/wordpress\/?p=24357","url_meta":{"origin":37618,"position":1},"title":"Live-Streaming auf Reddit: Erstmal nur testweise","author":"Administrator","date":"August 20, 2019","format":false,"excerpt":"https:\/\/www.heise.de\/newsticker\/meldung\/Live-Streaming-auf-Reddit-Erstmal-nur-testweise-4500878.html?wt_mc=rss.ho.beitrag.atom","rel":"","context":"In &quot;Deutsch&quot;","block_context":{"text":"Deutsch","link":"https:\/\/www.achimbrueckner.de\/dxradio\/php\/wordpress\/?cat=1"},"img":{"alt_text":"","src":"","width":0,"height":0},"classes":[]},{"id":22795,"url":"https:\/\/www.achimbrueckner.de\/dxradio\/php\/wordpress\/?p=22795","url_meta":{"origin":37618,"position":2},"title":"Die Verlegerverleger: Google, Apple und Facebook wollen die Paywall kapern","author":"Administrator","date":"April 18, 2019","format":false,"excerpt":"https:\/\/netzpolitik.org\/2019\/die-verlegerverleger-google-apple-und-facebook-wollen-die-paywall-kapern\/","rel":"","context":"In &quot;Deutsch&quot;","block_context":{"text":"Deutsch","link":"https:\/\/www.achimbrueckner.de\/dxradio\/php\/wordpress\/?cat=1"},"img":{"alt_text":"","src":"","width":0,"height":0},"classes":[]},{"id":37598,"url":"https:\/\/www.achimbrueckner.de\/dxradio\/php\/wordpress\/?p=37598","url_meta":{"origin":37618,"position":3},"title":"Zehn Jahre nach Ank\u00fcndigung: blick.ch ab 2023 mit Paywall","author":"Administrator","date":"October 1, 2022","format":false,"excerpt":"https:\/\/medienwoche.ch\/2022\/09\/30\/zehn-jahre-nach-ankuendigung-blick-ch-ab-2023-mit-paywall\/","rel":"","context":"In &quot;Deutsch&quot;","block_context":{"text":"Deutsch","link":"https:\/\/www.achimbrueckner.de\/dxradio\/php\/wordpress\/?cat=1"},"img":{"alt_text":"","src":"","width":0,"height":0},"classes":[]},{"id":27650,"url":"https:\/\/www.achimbrueckner.de\/dxradio\/php\/wordpress\/?p=27650","url_meta":{"origin":37618,"position":4},"title":"Paywall und Pandemie: Medien zwischen Gesch\u00e4ft und gesellschaftlicher Verantwortung","author":"Administrator","date":"March 19, 2020","format":false,"excerpt":"https:\/\/medienwoche.ch\/2020\/03\/17\/paywall-und-pandemie-medien-zwischen-geschaeft-und-gesellschaftlicher-verantwortung\/","rel":"","context":"In &quot;Deutsch&quot;","block_context":{"text":"Deutsch","link":"https:\/\/www.achimbrueckner.de\/dxradio\/php\/wordpress\/?cat=1"},"img":{"alt_text":"","src":"","width":0,"height":0},"classes":[]},{"id":9108,"url":"https:\/\/www.achimbrueckner.de\/dxradio\/php\/wordpress\/?p=9108","url_meta":{"origin":37618,"position":5},"title":"Frequenz\u00e4nderung beim DWD: neu 6180 kHz (ex 5905 kHz)","author":"Administrator","date":"August 9, 2016","format":false,"excerpt":"Hallo, die Homepage des DWD berichtet \u00fcber eine Frequenz\u00e4nderung f\u00fcr die Testsendungen in AM ab dem 08.08.2016: \"Seewetterbericht \u00fcber Kurzwelle (AM): Testweise wird ein Seewetterbericht Nord- und Ostsee ausgestrahlt auf 5905, ab 8.8.2016 auf 6180 kHz t\u00e4glich 06:00-06:30, 12:00-12:30, 20:00-2030 UTC\" Quelle: http:\/\/www.dwd.de\/DE\/fachnutzer\/schifffahrt\/seewetter\/seewetter_node.html Info via A-DX","rel":"","context":"In &quot;Deutsch&quot;","block_context":{"text":"Deutsch","link":"https:\/\/www.achimbrueckner.de\/dxradio\/php\/wordpress\/?cat=1"},"img":{"alt_text":"","src":"","width":0,"height":0},"classes":[]}],"_links":{"self":[{"href":"https:\/\/www.achimbrueckner.de\/dxradio\/php\/wordpress\/index.php?rest_route=\/wp\/v2\/posts\/37618","targetHints":{"allow":["GET"]}}],"collection":[{"href":"https:\/\/www.achimbrueckner.de\/dxradio\/php\/wordpress\/index.php?rest_route=\/wp\/v2\/posts"}],"about":[{"href":"https:\/\/www.achimbrueckner.de\/dxradio\/php\/wordpress\/index.php?rest_route=\/wp\/v2\/types\/post"}],"author":[{"embeddable":true,"href":"https:\/\/www.achimbrueckner.de\/dxradio\/php\/wordpress\/index.php?rest_route=\/wp\/v2\/users\/1"}],"replies":[{"embeddable":true,"href":"https:\/\/www.achimbrueckner.de\/dxradio\/php\/wordpress\/index.php?rest_route=%2Fwp%2Fv2%2Fcomments&post=37618"}],"version-history":[{"count":0,"href":"https:\/\/www.achimbrueckner.de\/dxradio\/php\/wordpress\/index.php?rest_route=\/wp\/v2\/posts\/37618\/revisions"}],"wp:attachment":[{"href":"https:\/\/www.achimbrueckner.de\/dxradio\/php\/wordpress\/index.php?rest_route=%2Fwp%2Fv2%2Fmedia&parent=37618"}],"wp:term":[{"taxonomy":"category","embeddable":true,"href":"https:\/\/www.achimbrueckner.de\/dxradio\/php\/wordpress\/index.php?rest_route=%2Fwp%2Fv2%2Fcategories&post=37618"},{"taxonomy":"post_tag","embeddable":true,"href":"https:\/\/www.achimbrueckner.de\/dxradio\/php\/wordpress\/index.php?rest_route=%2Fwp%2Fv2%2Ftags&post=37618"}],"curies":[{"name":"wp","href":"https:\/\/api.w.org\/{rel}","templated":true}]}}