{"id":37622,"date":"2022-10-06T16:12:13","date_gmt":"2022-10-06T16:12:13","guid":{"rendered":"https:\/\/www.achimbrueckner.de\/dxradio\/php\/wordpress\/?p=37622"},"modified":"2022-10-06T16:12:13","modified_gmt":"2022-10-06T16:12:13","slug":"antenne-thuringen-classics-schliest-mittagslucke","status":"publish","type":"post","link":"https:\/\/www.achimbrueckner.de\/dxradio\/php\/wordpress\/?p=37622","title":{"rendered":"Antenne Th\u00fcringen Classics schlie\u00dft Mittagsl\u00fccke"},"content":{"rendered":"<p><a href=\"https:\/\/www.radioblog.eu\/2022\/10\/06\/antenne-thueringen-classics-schliesst-mittagsluecke\/\" rel=\"noopener\" target=\"_blank\">https:\/\/www.radioblog.eu\/2022\/10\/06\/antenne-thueringen-classics-schliesst-mittagsluecke\/<\/a><\/p>\n","protected":false},"excerpt":{"rendered":"<p>https:\/\/www.radioblog.eu\/2022\/10\/06\/antenne-thueringen-classics-schliesst-mittagsluecke\/<\/p>\n","protected":false},"author":1,"featured_media":0,"comment_status":"closed","ping_status":"open","sticky":false,"template":"","format":"standard","meta":{"_jetpack_memberships_contains_paid_content":false,"footnotes":"","jetpack_publicize_message":"","jetpack_publicize_feature_enabled":true,"jetpack_social_post_already_shared":true,"jetpack_social_options":{"image_generator_settings":{"template":"highway","default_image_id":0,"font":"","enabled":false},"version":2}},"categories":[1],"tags":[],"class_list":["post-37622","post","type-post","status-publish","format-standard","hentry","category-deutsch"],"jetpack_publicize_connections":[],"jetpack_featured_media_url":"","jetpack_sharing_enabled":true,"jetpack_shortlink":"https:\/\/wp.me\/p5CDmr-9MO","jetpack-related-posts":[{"id":32981,"url":"https:\/\/www.achimbrueckner.de\/dxradio\/php\/wordpress\/?p=32981","url_meta":{"origin":37622,"position":0},"title":"Digitalprogramm ANTENNE TH\u00dcRINGEN Classics heute gestartet","author":"Administrator","date":"July 2, 2021","format":false,"excerpt":"https:\/\/www.radiowoche.de\/digitalprogramm-antenne-thueringen-classics-heute-gestartet\/","rel":"","context":"In &quot;Deutsch&quot;","block_context":{"text":"Deutsch","link":"https:\/\/www.achimbrueckner.de\/dxradio\/php\/wordpress\/?cat=1"},"img":{"alt_text":"","src":"","width":0,"height":0},"classes":[]},{"id":32990,"url":"https:\/\/www.achimbrueckner.de\/dxradio\/php\/wordpress\/?p=32990","url_meta":{"origin":37622,"position":1},"title":"Bald auf DAB+: Antenne Th\u00fcringen Classics gestartet","author":"Administrator","date":"July 3, 2021","format":false,"excerpt":"https:\/\/www.smartphonefan.de\/2021\/07\/03\/bald-auf-dab-antenne-thueringen-classics-gestartet\/","rel":"","context":"In &quot;Deutsch&quot;","block_context":{"text":"Deutsch","link":"https:\/\/www.achimbrueckner.de\/dxradio\/php\/wordpress\/?cat=1"},"img":{"alt_text":"","src":"","width":0,"height":0},"classes":[]},{"id":37065,"url":"https:\/\/www.achimbrueckner.de\/dxradio\/php\/wordpress\/?p=37065","url_meta":{"origin":37622,"position":2},"title":"LandesWelle Th\u00fcringen schlie\u00dft Vormittagsl\u00fccke","author":"Administrator","date":"July 24, 2022","format":false,"excerpt":"https:\/\/www.radioblog.eu\/2022\/07\/24\/landeswelle-thueringen-schliesst-vormittagsluecke\/","rel":"","context":"In &quot;Deutsch&quot;","block_context":{"text":"Deutsch","link":"https:\/\/www.achimbrueckner.de\/dxradio\/php\/wordpress\/?cat=1"},"img":{"alt_text":"","src":"","width":0,"height":0},"classes":[]},{"id":37649,"url":"https:\/\/www.achimbrueckner.de\/dxradio\/php\/wordpress\/?p=37649","url_meta":{"origin":37622,"position":3},"title":"Antenne Th\u00fcringen und Radio Top 40: Stream-Sperre f\u00fcr Nordamerika?","author":"Administrator","date":"October 9, 2022","format":false,"excerpt":"https:\/\/www.radioblog.eu\/2022\/10\/09\/antenne-thueringen-und-radio-top-40-stream-sperre-fuer-nordamerika\/","rel":"","context":"In &quot;Deutsch&quot;","block_context":{"text":"Deutsch","link":"https:\/\/www.achimbrueckner.de\/dxradio\/php\/wordpress\/?cat=1"},"img":{"alt_text":"","src":"","width":0,"height":0},"classes":[]},{"id":37535,"url":"https:\/\/www.achimbrueckner.de\/dxradio\/php\/wordpress\/?p=37535","url_meta":{"origin":37622,"position":4},"title":"Antenne Ostalgie startet auf DAB+ in Th\u00fcringen","author":"Administrator","date":"September 22, 2022","format":false,"excerpt":"https:\/\/www.radioblog.eu\/2022\/09\/22\/antenne-ostalgie-startet-auf-dab-in-thueringen\/","rel":"","context":"In &quot;Deutsch&quot;","block_context":{"text":"Deutsch","link":"https:\/\/www.achimbrueckner.de\/dxradio\/php\/wordpress\/?cat=1"},"img":{"alt_text":"","src":"","width":0,"height":0},"classes":[]},{"id":39498,"url":"https:\/\/www.achimbrueckner.de\/dxradio\/php\/wordpress\/?p=39498","url_meta":{"origin":37622,"position":5},"title":"Antenne und LandesWelle Th\u00fcringen ziehen zusammen","author":"Administrator","date":"May 16, 2023","format":false,"excerpt":"https:\/\/www.radioblog.eu\/2023\/05\/15\/antenne-und-landeswelle-thueringen-ziehen-zusammen\/","rel":"","context":"In &quot;Deutsch&quot;","block_context":{"text":"Deutsch","link":"https:\/\/www.achimbrueckner.de\/dxradio\/php\/wordpress\/?cat=1"},"img":{"alt_text":"","src":"","width":0,"height":0},"classes":[]}],"_links":{"self":[{"href":"https:\/\/www.achimbrueckner.de\/dxradio\/php\/wordpress\/index.php?rest_route=\/wp\/v2\/posts\/37622","targetHints":{"allow":["GET"]}}],"collection":[{"href":"https:\/\/www.achimbrueckner.de\/dxradio\/php\/wordpress\/index.php?rest_route=\/wp\/v2\/posts"}],"about":[{"href":"https:\/\/www.achimbrueckner.de\/dxradio\/php\/wordpress\/index.php?rest_route=\/wp\/v2\/types\/post"}],"author":[{"embeddable":true,"href":"https:\/\/www.achimbrueckner.de\/dxradio\/php\/wordpress\/index.php?rest_route=\/wp\/v2\/users\/1"}],"replies":[{"embeddable":true,"href":"https:\/\/www.achimbrueckner.de\/dxradio\/php\/wordpress\/index.php?rest_route=%2Fwp%2Fv2%2Fcomments&post=37622"}],"version-history":[{"count":0,"href":"https:\/\/www.achimbrueckner.de\/dxradio\/php\/wordpress\/index.php?rest_route=\/wp\/v2\/posts\/37622\/revisions"}],"wp:attachment":[{"href":"https:\/\/www.achimbrueckner.de\/dxradio\/php\/wordpress\/index.php?rest_route=%2Fwp%2Fv2%2Fmedia&parent=37622"}],"wp:term":[{"taxonomy":"category","embeddable":true,"href":"https:\/\/www.achimbrueckner.de\/dxradio\/php\/wordpress\/index.php?rest_route=%2Fwp%2Fv2%2Fcategories&post=37622"},{"taxonomy":"post_tag","embeddable":true,"href":"https:\/\/www.achimbrueckner.de\/dxradio\/php\/wordpress\/index.php?rest_route=%2Fwp%2Fv2%2Ftags&post=37622"}],"curies":[{"name":"wp","href":"https:\/\/api.w.org\/{rel}","templated":true}]}}