{"id":3770,"date":"2014-11-18T20:46:41","date_gmt":"2014-11-18T20:46:41","guid":{"rendered":"https:\/\/www.achimbrueckner.de\/dxradio\/php\/wordpress\/?p=3770"},"modified":"2014-11-18T20:46:41","modified_gmt":"2014-11-18T20:46:41","slug":"amateurfunk-in-deutschland-und-ein-wenig-mehr","status":"publish","type":"post","link":"https:\/\/www.achimbrueckner.de\/dxradio\/php\/wordpress\/?p=3770","title":{"rendered":"Amateurfunk in Deutschland und ein wenig mehr.."},"content":{"rendered":"<p><a href=\"https:\/\/flipboard.com\/section\/amateurfunk-in-deutschland-und-ein-wenig-mehr...-bqqHA6\" target=\"_blank\">https:\/\/flipboard.com\/section\/amateurfunk-in-deutschland-und-ein-wenig-mehr&#8230;-bqqHA6<\/a><\/p>\n","protected":false},"excerpt":{"rendered":"<p>https:\/\/flipboard.com\/section\/amateurfunk-in-deutschland-und-ein-wenig-mehr&#8230;-bqqHA6<\/p>\n","protected":false},"author":1,"featured_media":0,"comment_status":"open","ping_status":"open","sticky":false,"template":"","format":"standard","meta":{"_jetpack_memberships_contains_paid_content":false,"footnotes":"","jetpack_publicize_message":"","jetpack_publicize_feature_enabled":true,"jetpack_social_post_already_shared":false,"jetpack_social_options":{"image_generator_settings":{"template":"highway","default_image_id":0,"font":"","enabled":false},"version":2}},"categories":[1],"tags":[24],"class_list":["post-3770","post","type-post","status-publish","format-standard","hentry","category-deutsch","tag-am"],"jetpack_publicize_connections":[],"jetpack_featured_media_url":"","jetpack_sharing_enabled":true,"jetpack_shortlink":"https:\/\/wp.me\/p5CDmr-YO","jetpack-related-posts":[{"id":28426,"url":"https:\/\/www.achimbrueckner.de\/dxradio\/php\/wordpress\/?p=28426","url_meta":{"origin":3770,"position":0},"title":"Amateurfunk \u2013 mehr als ein Hobby","author":"Administrator","date":"April 30, 2020","format":false,"excerpt":"https:\/\/www.uska.ch\/amateurfunk-mehr-als-ein-hobby\/?utm_source=rss&utm_medium=rss&utm_campaign=amateurfunk-mehr-als-ein-hobby","rel":"","context":"In &quot;Deutsch&quot;","block_context":{"text":"Deutsch","link":"https:\/\/www.achimbrueckner.de\/dxradio\/php\/wordpress\/?cat=1"},"img":{"alt_text":"","src":"","width":0,"height":0},"classes":[]},{"id":19386,"url":"https:\/\/www.achimbrueckner.de\/dxradio\/php\/wordpress\/?p=19386","url_meta":{"origin":3770,"position":1},"title":"AMATEURFUNK IST&#8230;MEHR ALS EIN HOBBY","author":"Administrator","date":"October 2, 2018","format":false,"excerpt":"https:\/\/www.feierwerk.de\/einrichtungen-projekte\/tatz-kinder-und-jugendtreff\/nachbarschaftstreff\/programm\/dv\/?tx_search_collection%5Bcollection%5D=887&cHash=f8c372f21582f27b164b5187f10c6102","rel":"","context":"In &quot;Deutsch&quot;","block_context":{"text":"Deutsch","link":"https:\/\/www.achimbrueckner.de\/dxradio\/php\/wordpress\/?cat=1"},"img":{"alt_text":"","src":"","width":0,"height":0},"classes":[]},{"id":20403,"url":"https:\/\/www.achimbrueckner.de\/dxradio\/php\/wordpress\/?p=20403","url_meta":{"origin":3770,"position":2},"title":"RADIO DARC sendet seine 200. Sendung","author":"Administrator","date":"December 14, 2018","format":false,"excerpt":"Radiostimme des DARC e.V. RADIO DARC sendet seine 200. Sendung \"Die Sendung am kommenden Sonntag den 16.12.18 ist unser Jubil\u00e4um, es ist genau das 200. Programm\" so Chefredakteur Rainer Englert DF2NU. Gestartet am 22. M\u00e4rz 2015 hat sich der Deutsche Amateur Radio Club e.V. mit einen regelm\u00e4\u00dfigen Kurzwellen- und Funktechnik-Magazinen\u2026","rel":"","context":"In &quot;Deutsch&quot;","block_context":{"text":"Deutsch","link":"https:\/\/www.achimbrueckner.de\/dxradio\/php\/wordpress\/?cat=1"},"img":{"alt_text":"","src":"","width":0,"height":0},"classes":[]},{"id":1464,"url":"https:\/\/www.achimbrueckner.de\/dxradio\/php\/wordpress\/?p=1464","url_meta":{"origin":3770,"position":3},"title":"Amateurfunk-Sonderstation OE11M","author":"Administrator","date":"April 14, 2011","format":false,"excerpt":"DokuFunk und die ARS des ORF betreiben gemeinsam von Freitag, 29. April, 00:00UTC bis Sonntag, 1. Mai, 24:00UTC die Sonderstation OE11M (M wie Marcono - Zur Erinnerung an Marconis Geburtstag) Dies ist der einzige OE11-Pr\u00e4fix in \u00d6sterreich. Am Samstag, 30. April, (International Marconi Day) z\u00e4hlt eine Verbindung f\u00fcr das IMD-Diplom\u2026","rel":"","context":"In &quot;Deutsch&quot;","block_context":{"text":"Deutsch","link":"https:\/\/www.achimbrueckner.de\/dxradio\/php\/wordpress\/?cat=1"},"img":{"alt_text":"","src":"","width":0,"height":0},"classes":[]},{"id":19351,"url":"https:\/\/www.achimbrueckner.de\/dxradio\/php\/wordpress\/?p=19351","url_meta":{"origin":3770,"position":4},"title":"Projekt Deutsche Amateurfunkgeschichte \u2013 heute f\u00fcr morgen erz\u00e4hlt","author":"Administrator","date":"September 29, 2018","format":false,"excerpt":"Projekt Deutsche Amateurfunkgeschichte \u2013 heute f\u00fcr morgen erz\u00e4hlt 90 Jahre nach der Gr\u00fcndung gibt es noch immer keine repr\u00e4sentative Chronik des Amateurfunks in Deutschland. Die bisherigen und durchaus verdienstvollen Darstellungen sind vergriffen, l\u00fcckenhaft oder nicht ausreichend faktengesichert. Auch unser eigenes 2002-2009 erstelltes Angebot, umfangreich wie kein anderes, ist nicht mehr\u2026","rel":"","context":"In &quot;Deutsch&quot;","block_context":{"text":"Deutsch","link":"https:\/\/www.achimbrueckner.de\/dxradio\/php\/wordpress\/?cat=1"},"img":{"alt_text":"","src":"","width":0,"height":0},"classes":[]},{"id":7770,"url":"https:\/\/www.achimbrueckner.de\/dxradio\/php\/wordpress\/?p=7770","url_meta":{"origin":3770,"position":5},"title":"Youngsters On The Air \u2013 Ein internationales Jugendcamp, das Natur und Amateurfunk verbindet","author":"Administrator","date":"March 5, 2016","format":false,"excerpt":"http:\/\/www.originaltextservice.de\/2016\/03\/04\/youngsters-on-the-air-ein-internationales-jugendcamp-das-natur-und-amateurfunk-verbindet-80017\/","rel":"","context":"In &quot;Deutsch&quot;","block_context":{"text":"Deutsch","link":"https:\/\/www.achimbrueckner.de\/dxradio\/php\/wordpress\/?cat=1"},"img":{"alt_text":"","src":"","width":0,"height":0},"classes":[]}],"_links":{"self":[{"href":"https:\/\/www.achimbrueckner.de\/dxradio\/php\/wordpress\/index.php?rest_route=\/wp\/v2\/posts\/3770","targetHints":{"allow":["GET"]}}],"collection":[{"href":"https:\/\/www.achimbrueckner.de\/dxradio\/php\/wordpress\/index.php?rest_route=\/wp\/v2\/posts"}],"about":[{"href":"https:\/\/www.achimbrueckner.de\/dxradio\/php\/wordpress\/index.php?rest_route=\/wp\/v2\/types\/post"}],"author":[{"embeddable":true,"href":"https:\/\/www.achimbrueckner.de\/dxradio\/php\/wordpress\/index.php?rest_route=\/wp\/v2\/users\/1"}],"replies":[{"embeddable":true,"href":"https:\/\/www.achimbrueckner.de\/dxradio\/php\/wordpress\/index.php?rest_route=%2Fwp%2Fv2%2Fcomments&post=3770"}],"version-history":[{"count":0,"href":"https:\/\/www.achimbrueckner.de\/dxradio\/php\/wordpress\/index.php?rest_route=\/wp\/v2\/posts\/3770\/revisions"}],"wp:attachment":[{"href":"https:\/\/www.achimbrueckner.de\/dxradio\/php\/wordpress\/index.php?rest_route=%2Fwp%2Fv2%2Fmedia&parent=3770"}],"wp:term":[{"taxonomy":"category","embeddable":true,"href":"https:\/\/www.achimbrueckner.de\/dxradio\/php\/wordpress\/index.php?rest_route=%2Fwp%2Fv2%2Fcategories&post=3770"},{"taxonomy":"post_tag","embeddable":true,"href":"https:\/\/www.achimbrueckner.de\/dxradio\/php\/wordpress\/index.php?rest_route=%2Fwp%2Fv2%2Ftags&post=3770"}],"curies":[{"name":"wp","href":"https:\/\/api.w.org\/{rel}","templated":true}]}}