{"id":37831,"date":"2022-11-02T16:18:26","date_gmt":"2022-11-02T16:18:26","guid":{"rendered":"https:\/\/www.achimbrueckner.de\/dxradio\/php\/wordpress\/?p=37831"},"modified":"2022-11-02T16:18:26","modified_gmt":"2022-11-02T16:18:26","slug":"%f0%9d%95%8a%f0%9d%95%84-%e2%84%9d%f0%9d%95%92%f0%9d%95%95%f0%9d%95%9a%f0%9d%95%a0-%f0%9d%94%bb%f0%9d%95%96%f0%9d%95%a4%f0%9d%95%a4%f0%9d%95%92%f0%9d%95%a6-%e2%84%99%f0%9d%95%9d%f0%9d%95%92","status":"publish","type":"post","link":"https:\/\/www.achimbrueckner.de\/dxradio\/php\/wordpress\/?p=37831","title":{"rendered":"\ud835\udd4a\ud835\udd44 \u211d\ud835\udd52\ud835\udd55\ud835\udd5a\ud835\udd60 \ud835\udd3b\ud835\udd56\ud835\udd64\ud835\udd64\ud835\udd52\ud835\udd66 \u2119\ud835\udd5d\ud835\udd52\ud835\udd5f\ud835\udd65 \ud835\udd57\ud835\udd66\u0308\ud835\udd63 \ud835\udd3d\ud835\udd63\ud835\udd66\u0308\ud835\udd59\ud835\udd5b\ud835\udd52\ud835\udd59\ud835\udd63 \ud835\udfda\ud835\udfd8\ud835\udfda\ud835\udfdb ( \ud835\udd38\ud835\udd61\ud835\udd63\ud835\udd5a\ud835\udd5d\/ \ud835\udd44\ud835\udd52\ud835\udd5a) \ud835\udd56\ud835\udd5a\ud835\udd5f \u210d\ud835\udd60\u0308\ud835\udd63\ud835\udd56\ud835\udd63\ud835\udd65\ud835\udd63\ud835\udd56\ud835\udd57\ud835\udd57\ud835\udd56\ud835\udd5f"},"content":{"rendered":"<p><a href=\"https:\/\/germanydxerworldwideradiolisten.blogspot.com\/2022\/11\/sm-radio-dessau-plant-fur-fruhjahr-2023.html\" rel=\"noopener\" target=\"_blank\">https:\/\/germanydxerworldwideradiolisten.blogspot.com\/2022\/11\/sm-radio-dessau-plant-fur-fruhjahr-2023.html<\/a><\/p>\n","protected":false},"excerpt":{"rendered":"<p>https:\/\/germanydxerworldwideradiolisten.blogspot.com\/2022\/11\/sm-radio-dessau-plant-fur-fruhjahr-2023.html<\/p>\n","protected":false},"author":1,"featured_media":0,"comment_status":"closed","ping_status":"open","sticky":false,"template":"","format":"standard","meta":{"_jetpack_memberships_contains_paid_content":false,"footnotes":"","jetpack_publicize_message":"","jetpack_publicize_feature_enabled":true,"jetpack_social_post_already_shared":true,"jetpack_social_options":{"image_generator_settings":{"template":"highway","default_image_id":0,"font":"","enabled":false},"version":2}},"categories":[5,1],"tags":[],"class_list":["post-37831","post","type-post","status-publish","format-standard","hentry","category-camps","category-deutsch"],"jetpack_publicize_connections":[],"jetpack_featured_media_url":"","jetpack_sharing_enabled":true,"jetpack_shortlink":"https:\/\/wp.me\/p5CDmr-9Qb","jetpack-related-posts":[{"id":38914,"url":"https:\/\/www.achimbrueckner.de\/dxradio\/php\/wordpress\/?p=38914","url_meta":{"origin":37831,"position":0},"title":"Special broadcasts of SM Radio Dessau via Woofferton announced","author":"Administrator","date":"February 26, 2023","format":false,"excerpt":"https:\/\/alokeshgupta.blogspot.com\/2023\/02\/special-broadcasts-of-sm-radio-dessau.html","rel":"","context":"In &quot;English&quot;","block_context":{"text":"English","link":"https:\/\/www.achimbrueckner.de\/dxradio\/php\/wordpress\/?cat=2"},"img":{"alt_text":"","src":"","width":0,"height":0},"classes":[]},{"id":18663,"url":"https:\/\/www.achimbrueckner.de\/dxradio\/php\/wordpress\/?p=18663","url_meta":{"origin":37831,"position":1},"title":"FMK Sendungen Jukebox","author":"Administrator","date":"August 1, 2018","format":false,"excerpt":"Hallo liebe Radiofreunde, diese Woche h\u00f6rt ihr, mit einer Ausnahme, wieder das regul\u00e4re Programm von FMK Radio via laut.fm\/jukebox. Durch die Wiederholung der Sendung von FRSH am Dienstag entf\u00e4llt Peters Musicmachine. Diesen Programmblock h\u00f6rt ihr bereits diesen Freitag ab 20:00 Uhr. Am Samstag h\u00f6rt ihr innerhalb der Sendung f\u00fcr DXer\u2026","rel":"","context":"In &quot;Deutsch&quot;","block_context":{"text":"Deutsch","link":"https:\/\/www.achimbrueckner.de\/dxradio\/php\/wordpress\/?cat=1"},"img":{"alt_text":"","src":"","width":0,"height":0},"classes":[]},{"id":27058,"url":"https:\/\/www.achimbrueckner.de\/dxradio\/php\/wordpress\/?p=27058","url_meta":{"origin":37831,"position":2},"title":"FMK Jukebox","author":"Administrator","date":"February 7, 2020","format":false,"excerpt":"Hallo liebe Radiofreunde, am Sonntag h\u00f6rt ihr die 112.Ausgabe unseres Radiomagazins. Die Sendung ist randvoll mit aktuellen Beitr\u00e4gen und einer Fortsezung der Stationszeichensendereihe. Zu h\u00f6ren wie immer via laut.fm\/jukebox Samstag 08.02.2020 11:00-12:00 Uhr RMG Zeitzeugen - Radio Minsk Belarus 12:00-13:00 Uhr J\u00f6rn Kriegers - Ravin Rock (99) 13:00-15:00 Uhr SM\u2026","rel":"","context":"In &quot;Deutsch&quot;","block_context":{"text":"Deutsch","link":"https:\/\/www.achimbrueckner.de\/dxradio\/php\/wordpress\/?cat=1"},"img":{"alt_text":"","src":"","width":0,"height":0},"classes":[]},{"id":38176,"url":"https:\/\/www.achimbrueckner.de\/dxradio\/php\/wordpress\/?p=38176","url_meta":{"origin":37831,"position":3},"title":"26.12.22: &#8220;Kurzwellen-Marathon&#8221; auf 6070 kHz","author":"Administrator","date":"December 10, 2022","format":false,"excerpt":"Auch in diesem Jahr findet wieder der sogenannte \"Kurzwellen-Marathon\" statt: 6 Sender bieten 6 Stunden Programm auf 6.070 kHz - mit 100 kW aus Wien, zwischen 10 und 16 Uhr MEZ: 10:00 - 11:00 Uhr MEZ SM Radio Dessau 11:00 - 12:00 Uhr MEZ RADIO DARC 12:00 - 13:00 Uhr\u2026","rel":"","context":"In &quot;Deutsch&quot;","block_context":{"text":"Deutsch","link":"https:\/\/www.achimbrueckner.de\/dxradio\/php\/wordpress\/?cat=1"},"img":{"alt_text":"","src":"","width":0,"height":0},"classes":[]},{"id":30160,"url":"https:\/\/www.achimbrueckner.de\/dxradio\/php\/wordpress\/?p=30160","url_meta":{"origin":37831,"position":4},"title":"RTL Radio L\u00ebtzebuerg plant DAB+ Start im Fr\u00fchjahr 2021","author":"Administrator","date":"September 21, 2020","format":false,"excerpt":"https:\/\/www.infosat.de\/radio\/rtl-radio-l-tzebuerg-plant-dab-start-im-fr-hjahr-2021","rel":"","context":"In &quot;Deutsch&quot;","block_context":{"text":"Deutsch","link":"https:\/\/www.achimbrueckner.de\/dxradio\/php\/wordpress\/?cat=1"},"img":{"alt_text":"","src":"","width":0,"height":0},"classes":[]},{"id":15766,"url":"https:\/\/www.achimbrueckner.de\/dxradio\/php\/wordpress\/?p=15766","url_meta":{"origin":37831,"position":5},"title":"\u00dcber Kurzwelle in die Welt Hobby-Radiomacher aus Dessau gehen regelm\u00e4\u00dfig auf Sendung","author":"Administrator","date":"December 4, 2017","format":false,"excerpt":"https:\/\/www.mz-web.de\/dessau-rosslau\/ueber-kurzwelle-in-die-welt-hobby-radiomacher-aus-dessau-gehen-regelmaessig-auf-sendung-28968284","rel":"","context":"In &quot;Deutsch&quot;","block_context":{"text":"Deutsch","link":"https:\/\/www.achimbrueckner.de\/dxradio\/php\/wordpress\/?cat=1"},"img":{"alt_text":"","src":"","width":0,"height":0},"classes":[]}],"_links":{"self":[{"href":"https:\/\/www.achimbrueckner.de\/dxradio\/php\/wordpress\/index.php?rest_route=\/wp\/v2\/posts\/37831","targetHints":{"allow":["GET"]}}],"collection":[{"href":"https:\/\/www.achimbrueckner.de\/dxradio\/php\/wordpress\/index.php?rest_route=\/wp\/v2\/posts"}],"about":[{"href":"https:\/\/www.achimbrueckner.de\/dxradio\/php\/wordpress\/index.php?rest_route=\/wp\/v2\/types\/post"}],"author":[{"embeddable":true,"href":"https:\/\/www.achimbrueckner.de\/dxradio\/php\/wordpress\/index.php?rest_route=\/wp\/v2\/users\/1"}],"replies":[{"embeddable":true,"href":"https:\/\/www.achimbrueckner.de\/dxradio\/php\/wordpress\/index.php?rest_route=%2Fwp%2Fv2%2Fcomments&post=37831"}],"version-history":[{"count":0,"href":"https:\/\/www.achimbrueckner.de\/dxradio\/php\/wordpress\/index.php?rest_route=\/wp\/v2\/posts\/37831\/revisions"}],"wp:attachment":[{"href":"https:\/\/www.achimbrueckner.de\/dxradio\/php\/wordpress\/index.php?rest_route=%2Fwp%2Fv2%2Fmedia&parent=37831"}],"wp:term":[{"taxonomy":"category","embeddable":true,"href":"https:\/\/www.achimbrueckner.de\/dxradio\/php\/wordpress\/index.php?rest_route=%2Fwp%2Fv2%2Fcategories&post=37831"},{"taxonomy":"post_tag","embeddable":true,"href":"https:\/\/www.achimbrueckner.de\/dxradio\/php\/wordpress\/index.php?rest_route=%2Fwp%2Fv2%2Ftags&post=37831"}],"curies":[{"name":"wp","href":"https:\/\/api.w.org\/{rel}","templated":true}]}}