{"id":37850,"date":"2022-11-04T14:34:42","date_gmt":"2022-11-04T14:34:42","guid":{"rendered":"https:\/\/www.achimbrueckner.de\/dxradio\/php\/wordpress\/?p=37850"},"modified":"2022-11-04T14:34:42","modified_gmt":"2022-11-04T14:34:42","slug":"ein-abend-mit-harald-schmidt-neues-radioformat-bei-wdr-4","status":"publish","type":"post","link":"https:\/\/www.achimbrueckner.de\/dxradio\/php\/wordpress\/?p=37850","title":{"rendered":"Ein Abend mit Harald Schmidt: Neues Radioformat bei WDR 4"},"content":{"rendered":"<p><a href=\"https:\/\/www.radiowoche.de\/ein-abend-mit-harald-schmidt-neues-radioformat-bei-wdr-4\/\" rel=\"noopener\" target=\"_blank\">https:\/\/www.radiowoche.de\/ein-abend-mit-harald-schmidt-neues-radioformat-bei-wdr-4\/<\/a><\/p>\n","protected":false},"excerpt":{"rendered":"<p>https:\/\/www.radiowoche.de\/ein-abend-mit-harald-schmidt-neues-radioformat-bei-wdr-4\/<\/p>\n","protected":false},"author":1,"featured_media":0,"comment_status":"closed","ping_status":"open","sticky":false,"template":"","format":"standard","meta":{"_jetpack_memberships_contains_paid_content":false,"footnotes":"","jetpack_publicize_message":"","jetpack_publicize_feature_enabled":true,"jetpack_social_post_already_shared":true,"jetpack_social_options":{"image_generator_settings":{"template":"highway","default_image_id":0,"font":"","enabled":false},"version":2}},"categories":[1],"tags":[],"class_list":["post-37850","post","type-post","status-publish","format-standard","hentry","category-deutsch"],"jetpack_publicize_connections":[],"jetpack_featured_media_url":"","jetpack_sharing_enabled":true,"jetpack_shortlink":"https:\/\/wp.me\/p5CDmr-9Qu","jetpack-related-posts":[{"id":306,"url":"https:\/\/www.achimbrueckner.de\/dxradio\/php\/wordpress\/?p=306","url_meta":{"origin":37850,"position":0},"title":"RMRC Oster DX-Camp Langenselbold","author":"Administrator","date":"March 30, 2007","format":false,"excerpt":"Kurze Erinnerung an das RMRC Oster DX-Camp in Langenselbold 2.4.-8.4.07 im Naturfreundehaus, also ab Montag, wie immer eine ganze Woche lang mit sensationellen Highlights . Mo-Do ist Grasnarben DX angesagt mit verschiedenen Antennen, Antennenverteiler Fr. Vorf\u00fchrung und Test des SDR-Receivers Elad FDM 77 vom Elad-Chef pers\u00f6nlich, ein Empf\u00e4nger mit einigen\u2026","rel":"","context":"In &quot;camps&quot;","block_context":{"text":"camps","link":"https:\/\/www.achimbrueckner.de\/dxradio\/php\/wordpress\/?cat=5"},"img":{"alt_text":"","src":"","width":0,"height":0},"classes":[]},{"id":30879,"url":"https:\/\/www.achimbrueckner.de\/dxradio\/php\/wordpress\/?p=30879","url_meta":{"origin":37850,"position":1},"title":"Digitaloffensive bei DASDING \u2013 drei neue Podcasts und ein neues Women-Empowerment-Format","author":"Administrator","date":"November 25, 2020","format":false,"excerpt":"https:\/\/www.radiowoche.de\/digitaloffensive-bei-dasding-drei-neue-podcasts-und-ein-neues-women-empowerment-format\/","rel":"","context":"In &quot;Deutsch&quot;","block_context":{"text":"Deutsch","link":"https:\/\/www.achimbrueckner.de\/dxradio\/php\/wordpress\/?cat=1"},"img":{"alt_text":"","src":"","width":0,"height":0},"classes":[]},{"id":32389,"url":"https:\/\/www.achimbrueckner.de\/dxradio\/php\/wordpress\/?p=32389","url_meta":{"origin":37850,"position":2},"title":"Neues Abendprogramm bei hr1 \u2013 neue Rocksendung mit Sylvia Homann","author":"Administrator","date":"March 31, 2021","format":false,"excerpt":"https:\/\/www.radiowoche.de\/neues-abendprogramm-bei-hr1-neue-rocksendung-mit-sylvia-homann\/","rel":"","context":"In &quot;Deutsch&quot;","block_context":{"text":"Deutsch","link":"https:\/\/www.achimbrueckner.de\/dxradio\/php\/wordpress\/?cat=1"},"img":{"alt_text":"","src":"","width":0,"height":0},"classes":[]},{"id":6984,"url":"https:\/\/www.achimbrueckner.de\/dxradio\/php\/wordpress\/?p=6984","url_meta":{"origin":37850,"position":3},"title":"WDR plant neues Radioprogramm f\u00fcr H\u00f6rer 70+","author":"Administrator","date":"December 21, 2015","format":false,"excerpt":"http:\/\/www.radiowoche.de\/wdr-plant-neues-radioprogramm-fuer-hoerer-70\/","rel":"","context":"In &quot;Deutsch&quot;","block_context":{"text":"Deutsch","link":"https:\/\/www.achimbrueckner.de\/dxradio\/php\/wordpress\/?cat=1"},"img":{"alt_text":"","src":"","width":0,"height":0},"classes":[]},{"id":335,"url":"https:\/\/www.achimbrueckner.de\/dxradio\/php\/wordpress\/?p=335","url_meta":{"origin":37850,"position":4},"title":"RMRC Sommer DX-Camp","author":"Administrator","date":"July 13, 2007","format":false,"excerpt":"Hallo Freunde, wie bereits bekannt findet dieses Jahr ein Sommer DX-Camp in Langenselbold statt. 25.-30.7.07 Freitag Vormittag werden wir von dort aus das neue AWR Sendezentrum in Darmstadt besuchen. Am Wochenende wird die Fa Starwaves ihr neues DRM Autoteil zeigen und vorf\u00fchren. Ein neuer Tropenbanddipol von Kelemen wird erstmalig zur\u2026","rel":"","context":"In &quot;camps&quot;","block_context":{"text":"camps","link":"https:\/\/www.achimbrueckner.de\/dxradio\/php\/wordpress\/?cat=5"},"img":{"alt_text":"","src":"","width":0,"height":0},"classes":[]},{"id":26536,"url":"https:\/\/www.achimbrueckner.de\/dxradio\/php\/wordpress\/?p=26536","url_meta":{"origin":37850,"position":5},"title":"Entertainer und Schauspieler Harald Schmidt \u201eIch wollte im System an die Spitze\u201c","author":"Administrator","date":"January 4, 2020","format":false,"excerpt":"https:\/\/www.deutschlandfunkkultur.de\/entertainer-und-schauspieler-harald-schmidt-ich-wollte-im.970.de.html","rel":"","context":"In &quot;Deutsch&quot;","block_context":{"text":"Deutsch","link":"https:\/\/www.achimbrueckner.de\/dxradio\/php\/wordpress\/?cat=1"},"img":{"alt_text":"","src":"","width":0,"height":0},"classes":[]}],"_links":{"self":[{"href":"https:\/\/www.achimbrueckner.de\/dxradio\/php\/wordpress\/index.php?rest_route=\/wp\/v2\/posts\/37850","targetHints":{"allow":["GET"]}}],"collection":[{"href":"https:\/\/www.achimbrueckner.de\/dxradio\/php\/wordpress\/index.php?rest_route=\/wp\/v2\/posts"}],"about":[{"href":"https:\/\/www.achimbrueckner.de\/dxradio\/php\/wordpress\/index.php?rest_route=\/wp\/v2\/types\/post"}],"author":[{"embeddable":true,"href":"https:\/\/www.achimbrueckner.de\/dxradio\/php\/wordpress\/index.php?rest_route=\/wp\/v2\/users\/1"}],"replies":[{"embeddable":true,"href":"https:\/\/www.achimbrueckner.de\/dxradio\/php\/wordpress\/index.php?rest_route=%2Fwp%2Fv2%2Fcomments&post=37850"}],"version-history":[{"count":0,"href":"https:\/\/www.achimbrueckner.de\/dxradio\/php\/wordpress\/index.php?rest_route=\/wp\/v2\/posts\/37850\/revisions"}],"wp:attachment":[{"href":"https:\/\/www.achimbrueckner.de\/dxradio\/php\/wordpress\/index.php?rest_route=%2Fwp%2Fv2%2Fmedia&parent=37850"}],"wp:term":[{"taxonomy":"category","embeddable":true,"href":"https:\/\/www.achimbrueckner.de\/dxradio\/php\/wordpress\/index.php?rest_route=%2Fwp%2Fv2%2Fcategories&post=37850"},{"taxonomy":"post_tag","embeddable":true,"href":"https:\/\/www.achimbrueckner.de\/dxradio\/php\/wordpress\/index.php?rest_route=%2Fwp%2Fv2%2Ftags&post=37850"}],"curies":[{"name":"wp","href":"https:\/\/api.w.org\/{rel}","templated":true}]}}