{"id":37857,"date":"2022-11-05T14:10:28","date_gmt":"2022-11-05T14:10:28","guid":{"rendered":"https:\/\/www.achimbrueckner.de\/dxradio\/php\/wordpress\/?p=37857"},"modified":"2022-11-05T14:10:28","modified_gmt":"2022-11-05T14:10:28","slug":"offentlich-rechtlicher-rundfunk-zdf-will-100-millionen-euro-in-neue-zielgruppen-investieren","status":"publish","type":"post","link":"https:\/\/www.achimbrueckner.de\/dxradio\/php\/wordpress\/?p=37857","title":{"rendered":"\u00d6ffentlich-rechtlicher Rundfunk : ZDF will 100 Millionen Euro in neue Zielgruppen investieren"},"content":{"rendered":"<p><a href=\"https:\/\/www.zeit.de\/kultur\/film\/2022-11\/zdf-zielgruppen-etat-intendant\" rel=\"noopener\" target=\"_blank\">https:\/\/www.zeit.de\/kultur\/film\/2022-11\/zdf-zielgruppen-etat-intendant<\/a><\/p>\n","protected":false},"excerpt":{"rendered":"<p>https:\/\/www.zeit.de\/kultur\/film\/2022-11\/zdf-zielgruppen-etat-intendant<\/p>\n","protected":false},"author":1,"featured_media":0,"comment_status":"closed","ping_status":"open","sticky":false,"template":"","format":"standard","meta":{"_jetpack_memberships_contains_paid_content":false,"footnotes":"","jetpack_publicize_message":"","jetpack_publicize_feature_enabled":true,"jetpack_social_post_already_shared":true,"jetpack_social_options":{"image_generator_settings":{"template":"highway","default_image_id":0,"font":"","enabled":false},"version":2}},"categories":[1],"tags":[],"class_list":["post-37857","post","type-post","status-publish","format-standard","hentry","category-deutsch"],"jetpack_publicize_connections":[],"jetpack_featured_media_url":"","jetpack_sharing_enabled":true,"jetpack_shortlink":"https:\/\/wp.me\/p5CDmr-9QB","jetpack-related-posts":[{"id":21393,"url":"https:\/\/www.achimbrueckner.de\/dxradio\/php\/wordpress\/?p=21393","url_meta":{"origin":37857,"position":0},"title":"Radiosender-Zielgruppen: Spitz gegen Breit","author":"Administrator","date":"February 8, 2019","format":false,"excerpt":"https:\/\/www.horizont.at\/home\/news\/detail\/radiosender-zielgruppen-spitz-gegen-breit.html","rel":"","context":"In &quot;Deutsch&quot;","block_context":{"text":"Deutsch","link":"https:\/\/www.achimbrueckner.de\/dxradio\/php\/wordpress\/?cat=1"},"img":{"alt_text":"","src":"","width":0,"height":0},"classes":[]},{"id":34411,"url":"https:\/\/www.achimbrueckner.de\/dxradio\/php\/wordpress\/?p=34411","url_meta":{"origin":37857,"position":1},"title":"Neuer Radiotest soll j\u00fcngere Zielgruppen besser abbilden","author":"Administrator","date":"January 14, 2022","format":false,"excerpt":"https:\/\/www.radioszene.de\/160307\/neuer-radiotest-soll-juengere-zielgruppen-besser-abgebilden.html","rel":"","context":"In &quot;Deutsch&quot;","block_context":{"text":"Deutsch","link":"https:\/\/www.achimbrueckner.de\/dxradio\/php\/wordpress\/?cat=1"},"img":{"alt_text":"","src":"","width":0,"height":0},"classes":[]},{"id":22872,"url":"https:\/\/www.achimbrueckner.de\/dxradio\/php\/wordpress\/?p=22872","url_meta":{"origin":37857,"position":2},"title":"Digitale Sprachassistenten: Diese Zielgruppen interessieren sich f\u00fcr Alexa, Siri und Co.","author":"Administrator","date":"April 25, 2019","format":false,"excerpt":"https:\/\/t3n.de\/news\/digitale-sprachassistenten-zielgruppen-1158865\/","rel":"","context":"In &quot;Deutsch&quot;","block_context":{"text":"Deutsch","link":"https:\/\/www.achimbrueckner.de\/dxradio\/php\/wordpress\/?cat=1"},"img":{"alt_text":"","src":"","width":0,"height":0},"classes":[]},{"id":24597,"url":"https:\/\/www.achimbrueckner.de\/dxradio\/php\/wordpress\/?p=24597","url_meta":{"origin":37857,"position":3},"title":"Kein Radio mehr f\u00fcr Zielgruppen, sondern f\u00fcr R\u00e4ume und Fussg\u00e4nger","author":"Administrator","date":"September 2, 2019","format":false,"excerpt":"https:\/\/www.horizont.net\/schweiz\/nachrichten\/swiss-radio-day-nicht-radio-fuer-zielgruppen-sondern-fue-zielraeume-177209","rel":"","context":"In &quot;Deutsch&quot;","block_context":{"text":"Deutsch","link":"https:\/\/www.achimbrueckner.de\/dxradio\/php\/wordpress\/?cat=1"},"img":{"alt_text":"","src":"","width":0,"height":0},"classes":[]},{"id":4598,"url":"https:\/\/www.achimbrueckner.de\/dxradio\/php\/wordpress\/?p=4598","url_meta":{"origin":37857,"position":4},"title":"Wo Ihre Zielgruppen schrumpfen","author":"Administrator","date":"May 12, 2015","format":false,"excerpt":"http:\/\/www.wuv.de\/medien\/wo_ihre_zielgruppen_schrumpfen","rel":"","context":"In &quot;Deutsch&quot;","block_context":{"text":"Deutsch","link":"https:\/\/www.achimbrueckner.de\/dxradio\/php\/wordpress\/?cat=1"},"img":{"alt_text":"","src":"","width":0,"height":0},"classes":[]},{"id":6466,"url":"https:\/\/www.achimbrueckner.de\/dxradio\/php\/wordpress\/?p=6466","url_meta":{"origin":37857,"position":5},"title":"#RAS16: Mit Radio mobile Zielgruppen erreichen","author":"Administrator","date":"November 11, 2015","format":false,"excerpt":"http:\/\/www.wuv.de\/medien\/ras16_mit_radio_mobile_zielgruppen_erreichen","rel":"","context":"In &quot;Deutsch&quot;","block_context":{"text":"Deutsch","link":"https:\/\/www.achimbrueckner.de\/dxradio\/php\/wordpress\/?cat=1"},"img":{"alt_text":"","src":"","width":0,"height":0},"classes":[]}],"_links":{"self":[{"href":"https:\/\/www.achimbrueckner.de\/dxradio\/php\/wordpress\/index.php?rest_route=\/wp\/v2\/posts\/37857","targetHints":{"allow":["GET"]}}],"collection":[{"href":"https:\/\/www.achimbrueckner.de\/dxradio\/php\/wordpress\/index.php?rest_route=\/wp\/v2\/posts"}],"about":[{"href":"https:\/\/www.achimbrueckner.de\/dxradio\/php\/wordpress\/index.php?rest_route=\/wp\/v2\/types\/post"}],"author":[{"embeddable":true,"href":"https:\/\/www.achimbrueckner.de\/dxradio\/php\/wordpress\/index.php?rest_route=\/wp\/v2\/users\/1"}],"replies":[{"embeddable":true,"href":"https:\/\/www.achimbrueckner.de\/dxradio\/php\/wordpress\/index.php?rest_route=%2Fwp%2Fv2%2Fcomments&post=37857"}],"version-history":[{"count":0,"href":"https:\/\/www.achimbrueckner.de\/dxradio\/php\/wordpress\/index.php?rest_route=\/wp\/v2\/posts\/37857\/revisions"}],"wp:attachment":[{"href":"https:\/\/www.achimbrueckner.de\/dxradio\/php\/wordpress\/index.php?rest_route=%2Fwp%2Fv2%2Fmedia&parent=37857"}],"wp:term":[{"taxonomy":"category","embeddable":true,"href":"https:\/\/www.achimbrueckner.de\/dxradio\/php\/wordpress\/index.php?rest_route=%2Fwp%2Fv2%2Fcategories&post=37857"},{"taxonomy":"post_tag","embeddable":true,"href":"https:\/\/www.achimbrueckner.de\/dxradio\/php\/wordpress\/index.php?rest_route=%2Fwp%2Fv2%2Ftags&post=37857"}],"curies":[{"name":"wp","href":"https:\/\/api.w.org\/{rel}","templated":true}]}}