{"id":37881,"date":"2022-11-09T15:47:03","date_gmt":"2022-11-09T15:47:03","guid":{"rendered":"https:\/\/www.achimbrueckner.de\/dxradio\/php\/wordpress\/?p=37881"},"modified":"2022-11-09T15:47:03","modified_gmt":"2022-11-09T15:47:03","slug":"stampft-die-bild-tv-chefredaktion-die-live-strecke-komplett-ein","status":"publish","type":"post","link":"https:\/\/www.achimbrueckner.de\/dxradio\/php\/wordpress\/?p=37881","title":{"rendered":"Stampft die Bild TV-Chefredaktion die \u201eLive\u201c-Strecke komplett ein?"},"content":{"rendered":"<p><a href=\"https:\/\/meedia.de\/2022\/11\/09\/stampft-die-bild-tv-chefredaktion-die-live-strecke-komplett-ein\/\" rel=\"noopener\" target=\"_blank\">https:\/\/meedia.de\/2022\/11\/09\/stampft-die-bild-tv-chefredaktion-die-live-strecke-komplett-ein\/<\/a><\/p>\n","protected":false},"excerpt":{"rendered":"<p>https:\/\/meedia.de\/2022\/11\/09\/stampft-die-bild-tv-chefredaktion-die-live-strecke-komplett-ein\/<\/p>\n","protected":false},"author":1,"featured_media":0,"comment_status":"closed","ping_status":"open","sticky":false,"template":"","format":"standard","meta":{"_jetpack_memberships_contains_paid_content":false,"footnotes":"","jetpack_publicize_message":"","jetpack_publicize_feature_enabled":true,"jetpack_social_post_already_shared":true,"jetpack_social_options":{"image_generator_settings":{"template":"highway","default_image_id":0,"font":"","enabled":false},"version":2}},"categories":[1],"tags":[],"class_list":["post-37881","post","type-post","status-publish","format-standard","hentry","category-deutsch"],"jetpack_publicize_connections":[],"jetpack_featured_media_url":"","jetpack_sharing_enabled":true,"jetpack_shortlink":"https:\/\/wp.me\/p5CDmr-9QZ","jetpack-related-posts":[{"id":29798,"url":"https:\/\/www.achimbrueckner.de\/dxradio\/php\/wordpress\/?p=29798","url_meta":{"origin":37881,"position":0},"title":"SRF-Audiostrategie: Betriebskonzept f\u00fcr die Chefredaktion Radio steht","author":"Administrator","date":"August 21, 2020","format":false,"excerpt":"https:\/\/www.srgd.ch\/de\/aktuelles\/news\/2020\/08\/21\/srf-audiostrategie-betriebskonzept-fur-die-chefredaktion-radio-steht\/","rel":"","context":"In &quot;audio&quot;","block_context":{"text":"audio","link":"https:\/\/www.achimbrueckner.de\/dxradio\/php\/wordpress\/?cat=47"},"img":{"alt_text":"","src":"","width":0,"height":0},"classes":[]},{"id":27441,"url":"https:\/\/www.achimbrueckner.de\/dxradio\/php\/wordpress\/?p=27441","url_meta":{"origin":37881,"position":1},"title":"Sonos stampft umstrittenen Recycling-Modus ein","author":"Administrator","date":"March 6, 2020","format":false,"excerpt":"https:\/\/www.heise.de\/newsticker\/meldung\/Sonos-stampft-umstrittenen-Recycling-Modus-ein-4677266.html","rel":"","context":"In &quot;Deutsch&quot;","block_context":{"text":"Deutsch","link":"https:\/\/www.achimbrueckner.de\/dxradio\/php\/wordpress\/?cat=1"},"img":{"alt_text":"","src":"","width":0,"height":0},"classes":[]},{"id":461,"url":"https:\/\/www.achimbrueckner.de\/dxradio\/php\/wordpress\/?p=461","url_meta":{"origin":37881,"position":2},"title":"Ein Sputnik ist abgest\u00fcrzt &#8211; Das Vorwende-Jahr bei DT 64","author":"Administrator","date":"June 10, 2009","format":false,"excerpt":"F\u00fcr alle DT64 Fans,aufgepasst und reinh\u00f6ren: Figaro am Vormittag Datum Sendezeit Sa., 13.06. 09:00 Uhr 09.00 Nachrichten 09.05 Feature Wir waren das Volk! - MDR FIGARO erinnert an die Friedliche Revolution: Ein Sputnik ist abgest\u00fcrzt - Das Vorwende-Jahr bei DT 64 Von J\u00fcrgen Balitzki und Marcus Heumann (Ursendung) Am 19.\u2026","rel":"","context":"In &quot;Deutsch&quot;","block_context":{"text":"Deutsch","link":"https:\/\/www.achimbrueckner.de\/dxradio\/php\/wordpress\/?cat=1"},"img":{"alt_text":"","src":"","width":0,"height":0},"classes":[]},{"id":35900,"url":"https:\/\/www.achimbrueckner.de\/dxradio\/php\/wordpress\/?p=35900","url_meta":{"origin":37881,"position":3},"title":"Warner Bros. Discovery stampft CNN+ direkt wieder ein","author":"Administrator","date":"April 22, 2022","format":false,"excerpt":"https:\/\/www.dwdl.de\/nachrichten\/87557\/warner_bros_discovery_stampft_cnn_direkt_wieder_ein\/","rel":"","context":"In &quot;Deutsch&quot;","block_context":{"text":"Deutsch","link":"https:\/\/www.achimbrueckner.de\/dxradio\/php\/wordpress\/?cat=1"},"img":{"alt_text":"","src":"","width":0,"height":0},"classes":[]},{"id":29014,"url":"https:\/\/www.achimbrueckner.de\/dxradio\/php\/wordpress\/?p=29014","url_meta":{"origin":37881,"position":4},"title":"Aus f\u00fcr junges &#8220;Spiegel&#8221;-Angebot Keine Perspektive mehr: &#8220;Spiegel&#8221; stampft &#8220;bento&#8221; ein","author":"Administrator","date":"June 10, 2020","format":false,"excerpt":"https:\/\/www.dwdl.de\/nachrichten\/78007\/keine_perspektive_mehr_spiegel_stampft_bento_ein\/","rel":"","context":"In &quot;Deutsch&quot;","block_context":{"text":"Deutsch","link":"https:\/\/www.achimbrueckner.de\/dxradio\/php\/wordpress\/?cat=1"},"img":{"alt_text":"","src":"","width":0,"height":0},"classes":[]},{"id":36402,"url":"https:\/\/www.achimbrueckner.de\/dxradio\/php\/wordpress\/?p=36402","url_meta":{"origin":37881,"position":5},"title":"&#8220;Live-haftiger Weg&#8221; Bild baut News-Strecke dauerhaft auf 13 Stunden aus","author":"Administrator","date":"May 25, 2022","format":false,"excerpt":"https:\/\/www.dwdl.de\/nachrichten\/88041\/bild_baut_newsstrecke_dauerhaft_auf_13_stunden_aus\/","rel":"","context":"In &quot;Deutsch&quot;","block_context":{"text":"Deutsch","link":"https:\/\/www.achimbrueckner.de\/dxradio\/php\/wordpress\/?cat=1"},"img":{"alt_text":"","src":"","width":0,"height":0},"classes":[]}],"_links":{"self":[{"href":"https:\/\/www.achimbrueckner.de\/dxradio\/php\/wordpress\/index.php?rest_route=\/wp\/v2\/posts\/37881","targetHints":{"allow":["GET"]}}],"collection":[{"href":"https:\/\/www.achimbrueckner.de\/dxradio\/php\/wordpress\/index.php?rest_route=\/wp\/v2\/posts"}],"about":[{"href":"https:\/\/www.achimbrueckner.de\/dxradio\/php\/wordpress\/index.php?rest_route=\/wp\/v2\/types\/post"}],"author":[{"embeddable":true,"href":"https:\/\/www.achimbrueckner.de\/dxradio\/php\/wordpress\/index.php?rest_route=\/wp\/v2\/users\/1"}],"replies":[{"embeddable":true,"href":"https:\/\/www.achimbrueckner.de\/dxradio\/php\/wordpress\/index.php?rest_route=%2Fwp%2Fv2%2Fcomments&post=37881"}],"version-history":[{"count":0,"href":"https:\/\/www.achimbrueckner.de\/dxradio\/php\/wordpress\/index.php?rest_route=\/wp\/v2\/posts\/37881\/revisions"}],"wp:attachment":[{"href":"https:\/\/www.achimbrueckner.de\/dxradio\/php\/wordpress\/index.php?rest_route=%2Fwp%2Fv2%2Fmedia&parent=37881"}],"wp:term":[{"taxonomy":"category","embeddable":true,"href":"https:\/\/www.achimbrueckner.de\/dxradio\/php\/wordpress\/index.php?rest_route=%2Fwp%2Fv2%2Fcategories&post=37881"},{"taxonomy":"post_tag","embeddable":true,"href":"https:\/\/www.achimbrueckner.de\/dxradio\/php\/wordpress\/index.php?rest_route=%2Fwp%2Fv2%2Ftags&post=37881"}],"curies":[{"name":"wp","href":"https:\/\/api.w.org\/{rel}","templated":true}]}}