{"id":37903,"date":"2022-11-11T14:37:01","date_gmt":"2022-11-11T14:37:01","guid":{"rendered":"https:\/\/www.achimbrueckner.de\/dxradio\/php\/wordpress\/?p=37903"},"modified":"2022-11-11T14:37:01","modified_gmt":"2022-11-11T14:37:01","slug":"medienanstalt-hessen-beratungsresistent-nkl-splitting-auf-dab-bleibt","status":"publish","type":"post","link":"https:\/\/www.achimbrueckner.de\/dxradio\/php\/wordpress\/?p=37903","title":{"rendered":"Medienanstalt Hessen beratungsresistent: NKL-Splitting auf DAB+ bleibt"},"content":{"rendered":"<p><a href=\"https:\/\/www.radioblog.eu\/2022\/11\/10\/medienanstalt-hessen-beratungsresistent-nkl-splitting-auf-dab-bleibt\/\" rel=\"noopener\" target=\"_blank\">https:\/\/www.radioblog.eu\/2022\/11\/10\/medienanstalt-hessen-beratungsresistent-nkl-splitting-auf-dab-bleibt\/<\/a><\/p>\n","protected":false},"excerpt":{"rendered":"<p>https:\/\/www.radioblog.eu\/2022\/11\/10\/medienanstalt-hessen-beratungsresistent-nkl-splitting-auf-dab-bleibt\/<\/p>\n","protected":false},"author":1,"featured_media":0,"comment_status":"closed","ping_status":"open","sticky":false,"template":"","format":"standard","meta":{"_jetpack_memberships_contains_paid_content":false,"footnotes":"","jetpack_publicize_message":"","jetpack_publicize_feature_enabled":true,"jetpack_social_post_already_shared":true,"jetpack_social_options":{"image_generator_settings":{"template":"highway","default_image_id":0,"font":"","enabled":false},"version":2}},"categories":[1],"tags":[],"class_list":["post-37903","post","type-post","status-publish","format-standard","hentry","category-deutsch"],"jetpack_publicize_connections":[],"jetpack_featured_media_url":"","jetpack_sharing_enabled":true,"jetpack_shortlink":"https:\/\/wp.me\/p5CDmr-9Rl","jetpack-related-posts":[{"id":6892,"url":"https:\/\/www.achimbrueckner.de\/dxradio\/php\/wordpress\/?p=6892","url_meta":{"origin":37903,"position":0},"title":"ERF Pop und NKL-Programme f\u00fcr DAB+ in Hessen zugelassen","author":"Administrator","date":"December 14, 2015","format":false,"excerpt":"http:\/\/www.radiowoche.de\/erf-pop-und-nkl-programme-fuer-dab-in-hessen-zugelassen\/","rel":"","context":"In &quot;Deutsch&quot;","block_context":{"text":"Deutsch","link":"https:\/\/www.achimbrueckner.de\/dxradio\/php\/wordpress\/?cat=1"},"img":{"alt_text":"","src":"","width":0,"height":0},"classes":[]},{"id":37647,"url":"https:\/\/www.achimbrueckner.de\/dxradio\/php\/wordpress\/?p=37647","url_meta":{"origin":37903,"position":1},"title":"DAB+ in Hessen: Macht endlich Schluss mit den NKL-Experimenten","author":"Administrator","date":"October 9, 2022","format":false,"excerpt":"https:\/\/www.radioblog.eu\/2022\/10\/08\/dab-in-hessen-macht-endlich-schluss-mit-den-nkl-experimenten\/","rel":"","context":"In &quot;Deutsch&quot;","block_context":{"text":"Deutsch","link":"https:\/\/www.achimbrueckner.de\/dxradio\/php\/wordpress\/?cat=1"},"img":{"alt_text":"","src":"","width":0,"height":0},"classes":[]},{"id":42221,"url":"https:\/\/www.achimbrueckner.de\/dxradio\/php\/wordpress\/?p=42221","url_meta":{"origin":37903,"position":2},"title":"\u201eFokus auf das Miteinander\u201c: ERF zu Besuch bei der Medienanstalt Hessen","author":"Administrator","date":"February 14, 2025","format":false,"excerpt":"https:\/\/www.radioszene.de\/200261\/erf-medienanstalt-hessen.html","rel":"","context":"In &quot;Deutsch&quot;","block_context":{"text":"Deutsch","link":"https:\/\/www.achimbrueckner.de\/dxradio\/php\/wordpress\/?cat=1"},"img":{"alt_text":"","src":"","width":0,"height":0},"classes":[]},{"id":40899,"url":"https:\/\/www.achimbrueckner.de\/dxradio\/php\/wordpress\/?p=40899","url_meta":{"origin":37903,"position":3},"title":"DAB+, UKW oder Internet: Medienanstalt Hessen ber\u00e4t \u00fcber k\u00fcnftige Verbreitung der NKLs","author":"Administrator","date":"February 6, 2024","format":false,"excerpt":"https:\/\/www.satellifax.de\/mlesen.php?id=55c80ea33ec06d3d1914662a2a72fe75","rel":"","context":"In &quot;Deutsch&quot;","block_context":{"text":"Deutsch","link":"https:\/\/www.achimbrueckner.de\/dxradio\/php\/wordpress\/?cat=1"},"img":{"alt_text":"","src":"","width":0,"height":0},"classes":[]},{"id":33732,"url":"https:\/\/www.achimbrueckner.de\/dxradio\/php\/wordpress\/?p=33732","url_meta":{"origin":37903,"position":4},"title":"DAB+-Versuch in Rheinland-Pfalz: Medienanstalt schreibt regionale Multiplexe aus","author":"Administrator","date":"October 8, 2021","format":false,"excerpt":"https:\/\/www.radiowoche.de\/dab-versuch-in-rheinland-pfalz-medienanstalt-schreibt-regionale-multiplexe-aus\/","rel":"","context":"In &quot;Deutsch&quot;","block_context":{"text":"Deutsch","link":"https:\/\/www.achimbrueckner.de\/dxradio\/php\/wordpress\/?cat=1"},"img":{"alt_text":"","src":"","width":0,"height":0},"classes":[]},{"id":43275,"url":"https:\/\/www.achimbrueckner.de\/dxradio\/php\/wordpress\/?p=43275","url_meta":{"origin":37903,"position":5},"title":"Medienanstalt NRW schreibt regionale DAB+ Sendepl\u00e4tze f\u00fcr M\u00fcnster aus","author":"Administrator","date":"July 11, 2025","format":false,"excerpt":"https:\/\/www.radioblog.eu\/2025\/07\/10\/medienanstalt-nrw-schreibt-regionale-dab-sendeplaetze-fuer-muenster-aus\/","rel":"","context":"In &quot;Deutsch&quot;","block_context":{"text":"Deutsch","link":"https:\/\/www.achimbrueckner.de\/dxradio\/php\/wordpress\/?cat=1"},"img":{"alt_text":"","src":"","width":0,"height":0},"classes":[]}],"_links":{"self":[{"href":"https:\/\/www.achimbrueckner.de\/dxradio\/php\/wordpress\/index.php?rest_route=\/wp\/v2\/posts\/37903","targetHints":{"allow":["GET"]}}],"collection":[{"href":"https:\/\/www.achimbrueckner.de\/dxradio\/php\/wordpress\/index.php?rest_route=\/wp\/v2\/posts"}],"about":[{"href":"https:\/\/www.achimbrueckner.de\/dxradio\/php\/wordpress\/index.php?rest_route=\/wp\/v2\/types\/post"}],"author":[{"embeddable":true,"href":"https:\/\/www.achimbrueckner.de\/dxradio\/php\/wordpress\/index.php?rest_route=\/wp\/v2\/users\/1"}],"replies":[{"embeddable":true,"href":"https:\/\/www.achimbrueckner.de\/dxradio\/php\/wordpress\/index.php?rest_route=%2Fwp%2Fv2%2Fcomments&post=37903"}],"version-history":[{"count":0,"href":"https:\/\/www.achimbrueckner.de\/dxradio\/php\/wordpress\/index.php?rest_route=\/wp\/v2\/posts\/37903\/revisions"}],"wp:attachment":[{"href":"https:\/\/www.achimbrueckner.de\/dxradio\/php\/wordpress\/index.php?rest_route=%2Fwp%2Fv2%2Fmedia&parent=37903"}],"wp:term":[{"taxonomy":"category","embeddable":true,"href":"https:\/\/www.achimbrueckner.de\/dxradio\/php\/wordpress\/index.php?rest_route=%2Fwp%2Fv2%2Fcategories&post=37903"},{"taxonomy":"post_tag","embeddable":true,"href":"https:\/\/www.achimbrueckner.de\/dxradio\/php\/wordpress\/index.php?rest_route=%2Fwp%2Fv2%2Ftags&post=37903"}],"curies":[{"name":"wp","href":"https:\/\/api.w.org\/{rel}","templated":true}]}}