{"id":37908,"date":"2022-11-11T14:57:35","date_gmt":"2022-11-11T14:57:35","guid":{"rendered":"https:\/\/www.achimbrueckner.de\/dxradio\/php\/wordpress\/?p=37908"},"modified":"2022-11-11T14:57:35","modified_gmt":"2022-11-11T14:57:35","slug":"rtl-erweiterung-audio-now-ist-geschichte","status":"publish","type":"post","link":"https:\/\/www.achimbrueckner.de\/dxradio\/php\/wordpress\/?p=37908","title":{"rendered":"RTL+ Erweiterung: Audio Now ist Geschichte"},"content":{"rendered":"<p><a href=\"https:\/\/www.digitalfernsehen.de\/news\/empfang\/streaming-empfang\/rtl-erweiterung-audio-now-ist-geschichte-877648\/\" rel=\"noopener\" target=\"_blank\">https:\/\/www.digitalfernsehen.de\/news\/empfang\/streaming-empfang\/rtl-erweiterung-audio-now-ist-geschichte-877648\/<\/a><\/p>\n","protected":false},"excerpt":{"rendered":"<p>https:\/\/www.digitalfernsehen.de\/news\/empfang\/streaming-empfang\/rtl-erweiterung-audio-now-ist-geschichte-877648\/<\/p>\n","protected":false},"author":1,"featured_media":0,"comment_status":"closed","ping_status":"open","sticky":false,"template":"","format":"standard","meta":{"_jetpack_memberships_contains_paid_content":false,"footnotes":"","jetpack_publicize_message":"","jetpack_publicize_feature_enabled":true,"jetpack_social_post_already_shared":true,"jetpack_social_options":{"image_generator_settings":{"template":"highway","default_image_id":0,"font":"","enabled":false},"version":2}},"categories":[1],"tags":[],"class_list":["post-37908","post","type-post","status-publish","format-standard","hentry","category-deutsch"],"jetpack_publicize_connections":[],"jetpack_featured_media_url":"","jetpack_sharing_enabled":true,"jetpack_shortlink":"https:\/\/wp.me\/p5CDmr-9Rq","jetpack-related-posts":[{"id":42169,"url":"https:\/\/www.achimbrueckner.de\/dxradio\/php\/wordpress\/?p=42169","url_meta":{"origin":37908,"position":0},"title":"Sprengung vollzogen: Kurzwellen-Sendeanlage Moosbrunn ist Geschichte","author":"Administrator","date":"January 30, 2025","format":false,"excerpt":"https:\/\/www.digitalfernsehen.de\/news\/empfang\/radio\/kurzwellen-sendeanlage-moosbrunn-ist-geschichte-1133101\/","rel":"","context":"In &quot;Deutsch&quot;","block_context":{"text":"Deutsch","link":"https:\/\/www.achimbrueckner.de\/dxradio\/php\/wordpress\/?cat=1"},"img":{"alt_text":"","src":"","width":0,"height":0},"classes":[]},{"id":3074,"url":"https:\/\/www.achimbrueckner.de\/dxradio\/php\/wordpress\/?p=3074","url_meta":{"origin":37908,"position":1},"title":"RADIO LUXEMBURG W\u00dcNSCHT GUTEN MORGEN &#8211; Uwe Heinz S\u00fcltz &#8211; L\u00fcnen &#8211; Erster RTL Empfang in Deutschland 1983 &#8211; SAT TV S\u00dcLTZ","author":"Administrator","date":"April 10, 2014","format":false,"excerpt":"http:\/\/www.lokalkompass.de\/luenen\/kultur\/radio-luxemburg-wuenscht-guten-morgen-uwe-heinz-sueltz-luenen-erster-rtl-empfang-in-deutschland-1983-sat-tv-sueltz-d422365.html Info via Twitter","rel":"","context":"In &quot;Deutsch&quot;","block_context":{"text":"Deutsch","link":"https:\/\/www.achimbrueckner.de\/dxradio\/php\/wordpress\/?cat=1"},"img":{"alt_text":"","src":"","width":0,"height":0},"classes":[]},{"id":30341,"url":"https:\/\/www.achimbrueckner.de\/dxradio\/php\/wordpress\/?p=30341","url_meta":{"origin":37908,"position":2},"title":"RTL Radio \u2013 Deutschlands Hit-Radio ab sofort deutschlandweit auf DAB+ empfangbar","author":"Administrator","date":"October 6, 2020","format":false,"excerpt":"https:\/\/www.radioszene.de\/148268\/rtl-radio-dab-deutschlandweit.html","rel":"","context":"In &quot;Deutsch&quot;","block_context":{"text":"Deutsch","link":"https:\/\/www.achimbrueckner.de\/dxradio\/php\/wordpress\/?cat=1"},"img":{"alt_text":"","src":"","width":0,"height":0},"classes":[]},{"id":1387,"url":"https:\/\/www.achimbrueckner.de\/dxradio\/php\/wordpress\/?p=1387","url_meta":{"origin":37908,"position":3},"title":"Radio Serbien","author":"Administrator","date":"March 5, 2011","format":false,"excerpt":"Unter http:\/\/glassrbije.org\/index.php?option=com_content&task=blogcategory&id=58&I temid=205 hat das Internationale Radio Serbien eine Bildergalerie mit Fotos von seinen beiden Sendestationen Bijeljina und Stubline ver\u00f6ffentlicht. Sehr sch\u00f6ne Aufnahmen sind dabei. Zu sehen sind u.a. auch Fotos aus der Geschichte von Bijeljina (Bosnien-Herzegowina, 6100 kHz) und einen Blick darauf, wie die Station in Stubline nach einem\u2026","rel":"","context":"In &quot;Deutsch&quot;","block_context":{"text":"Deutsch","link":"https:\/\/www.achimbrueckner.de\/dxradio\/php\/wordpress\/?cat=1"},"img":{"alt_text":"","src":"","width":0,"height":0},"classes":[]},{"id":13950,"url":"https:\/\/www.achimbrueckner.de\/dxradio\/php\/wordpress\/?p=13950","url_meta":{"origin":37908,"position":4},"title":"Programmtipp: 60 Jahre Radio Luxemburg","author":"Administrator","date":"July 30, 2017","format":false,"excerpt":"Zum 60sten Geburtstag des deutschen Programms hat RTL Moderator Helmer Litzke eine 4-st\u00fcndige Sondersendung produziert. Dieses wird kommenden Sonntag, 06. August 2017 zwischen 18 und 22 UTC auf 9975 kHz mit einer Leistung von 100kW via Armenien ausgestrahlt. Guten Empfang!","rel":"","context":"In &quot;Deutsch&quot;","block_context":{"text":"Deutsch","link":"https:\/\/www.achimbrueckner.de\/dxradio\/php\/wordpress\/?cat=1"},"img":{"alt_text":"","src":"","width":0,"height":0},"classes":[]},{"id":111,"url":"https:\/\/www.achimbrueckner.de\/dxradio\/php\/wordpress\/?p=111","url_meta":{"origin":37908,"position":5},"title":"RAE Buenos Aires","author":"Administrator","date":"October 13, 2006","format":false,"excerpt":"RAE Buenos Aires ist auf 15345 Khz um 2140 Utc mit SINPO 34433 in Deutsch zu h\u00f6ren. Gerade wird die DX-Sendung mit vielen Logmeldungen ausgestrahlt. Danach folgt Musik aus den Norden Argentiniens. Die Webseite der Station ist unter http:\/\/www.radionacional.gov.ar\/rae\/rae.asp abrufbar, dort gibt es auch Infos \u00fcber die deutsche Redaktion und\u2026","rel":"","context":"In &quot;Empfang&quot;","block_context":{"text":"Empfang","link":"https:\/\/www.achimbrueckner.de\/dxradio\/php\/wordpress\/?cat=3"},"img":{"alt_text":"","src":"","width":0,"height":0},"classes":[]}],"_links":{"self":[{"href":"https:\/\/www.achimbrueckner.de\/dxradio\/php\/wordpress\/index.php?rest_route=\/wp\/v2\/posts\/37908","targetHints":{"allow":["GET"]}}],"collection":[{"href":"https:\/\/www.achimbrueckner.de\/dxradio\/php\/wordpress\/index.php?rest_route=\/wp\/v2\/posts"}],"about":[{"href":"https:\/\/www.achimbrueckner.de\/dxradio\/php\/wordpress\/index.php?rest_route=\/wp\/v2\/types\/post"}],"author":[{"embeddable":true,"href":"https:\/\/www.achimbrueckner.de\/dxradio\/php\/wordpress\/index.php?rest_route=\/wp\/v2\/users\/1"}],"replies":[{"embeddable":true,"href":"https:\/\/www.achimbrueckner.de\/dxradio\/php\/wordpress\/index.php?rest_route=%2Fwp%2Fv2%2Fcomments&post=37908"}],"version-history":[{"count":0,"href":"https:\/\/www.achimbrueckner.de\/dxradio\/php\/wordpress\/index.php?rest_route=\/wp\/v2\/posts\/37908\/revisions"}],"wp:attachment":[{"href":"https:\/\/www.achimbrueckner.de\/dxradio\/php\/wordpress\/index.php?rest_route=%2Fwp%2Fv2%2Fmedia&parent=37908"}],"wp:term":[{"taxonomy":"category","embeddable":true,"href":"https:\/\/www.achimbrueckner.de\/dxradio\/php\/wordpress\/index.php?rest_route=%2Fwp%2Fv2%2Fcategories&post=37908"},{"taxonomy":"post_tag","embeddable":true,"href":"https:\/\/www.achimbrueckner.de\/dxradio\/php\/wordpress\/index.php?rest_route=%2Fwp%2Fv2%2Ftags&post=37908"}],"curies":[{"name":"wp","href":"https:\/\/api.w.org\/{rel}","templated":true}]}}