{"id":37927,"date":"2022-11-14T16:01:28","date_gmt":"2022-11-14T16:01:28","guid":{"rendered":"https:\/\/www.achimbrueckner.de\/dxradio\/php\/wordpress\/?p=37927"},"modified":"2022-11-14T16:01:28","modified_gmt":"2022-11-14T16:01:28","slug":"kenia-will-digitalradio-dab-einfuhren","status":"publish","type":"post","link":"https:\/\/www.achimbrueckner.de\/dxradio\/php\/wordpress\/?p=37927","title":{"rendered":"Kenia will Digitalradio DAB+ einf\u00fchren"},"content":{"rendered":"<p><a href=\"https:\/\/www.satellifax.de\/mlesen.php?id=02b35b28e48dd8113923e2eda1087c03\" rel=\"noopener\" target=\"_blank\">https:\/\/www.satellifax.de\/mlesen.php?id=02b35b28e48dd8113923e2eda1087c03<\/a><\/p>\n","protected":false},"excerpt":{"rendered":"<p>https:\/\/www.satellifax.de\/mlesen.php?id=02b35b28e48dd8113923e2eda1087c03<\/p>\n","protected":false},"author":1,"featured_media":0,"comment_status":"closed","ping_status":"open","sticky":false,"template":"","format":"standard","meta":{"_jetpack_memberships_contains_paid_content":false,"footnotes":"","jetpack_publicize_message":"","jetpack_publicize_feature_enabled":true,"jetpack_social_post_already_shared":true,"jetpack_social_options":{"image_generator_settings":{"template":"highway","default_image_id":0,"font":"","enabled":false},"version":2}},"categories":[1],"tags":[],"class_list":["post-37927","post","type-post","status-publish","format-standard","hentry","category-deutsch"],"jetpack_publicize_connections":[],"jetpack_featured_media_url":"","jetpack_sharing_enabled":true,"jetpack_shortlink":"https:\/\/wp.me\/p5CDmr-9RJ","jetpack-related-posts":[{"id":41497,"url":"https:\/\/www.achimbrueckner.de\/dxradio\/php\/wordpress\/?p=41497","url_meta":{"origin":37927,"position":0},"title":"Spanien: Regierung der Balearen will DAB+ offiziell einf\u00fchren","author":"Administrator","date":"July 20, 2024","format":false,"excerpt":"https:\/\/www.satellifax.de\/mlesen.php?id=3ef043ce54194369b9366ec7ec0f630d","rel":"","context":"In &quot;Deutsch&quot;","block_context":{"text":"Deutsch","link":"https:\/\/www.achimbrueckner.de\/dxradio\/php\/wordpress\/?cat=1"},"img":{"alt_text":"","src":"","width":0,"height":0},"classes":[]},{"id":19932,"url":"https:\/\/www.achimbrueckner.de\/dxradio\/php\/wordpress\/?p=19932","url_meta":{"origin":37927,"position":1},"title":"EBU erprobt Sprachsteuerung mit DAB+","author":"Administrator","date":"November 7, 2018","format":false,"excerpt":"https:\/\/www.satellifax.de\/mlesen.php?id=bc4558b92aa936e8235e9f053a99f724E https:\/\/www.teltarif.de\/digitalradio-dab-plus-sprachsteuerung\/news\/74570.html","rel":"","context":"In &quot;Deutsch&quot;","block_context":{"text":"Deutsch","link":"https:\/\/www.achimbrueckner.de\/dxradio\/php\/wordpress\/?cat=1"},"img":{"alt_text":"","src":"","width":0,"height":0},"classes":[]},{"id":23457,"url":"https:\/\/www.achimbrueckner.de\/dxradio\/php\/wordpress\/?p=23457","url_meta":{"origin":37927,"position":2},"title":"Baden-W\u00fcrttemberg will an DAB+ festhalten und das Digitalradio ausbauen","author":"Administrator","date":"June 18, 2019","format":false,"excerpt":"https:\/\/www.satellifax.de\/mlesen.php?id=bdb5d974ccbb669ca1d3c270f220a30b","rel":"","context":"In &quot;Deutsch&quot;","block_context":{"text":"Deutsch","link":"https:\/\/www.achimbrueckner.de\/dxradio\/php\/wordpress\/?cat=1"},"img":{"alt_text":"","src":"","width":0,"height":0},"classes":[]},{"id":23261,"url":"https:\/\/www.achimbrueckner.de\/dxradio\/php\/wordpress\/?p=23261","url_meta":{"origin":37927,"position":3},"title":"Aus f\u00fcr Digitalradio DAB+?: Landtag Niedersachsen ber\u00e4t \u00fcber FDP-Antrag","author":"Administrator","date":"May 28, 2019","format":false,"excerpt":"https:\/\/www.satellifax.de\/mlesen.php?id=145192c10db22561cdea8be1a21acb87","rel":"","context":"In &quot;Deutsch&quot;","block_context":{"text":"Deutsch","link":"https:\/\/www.achimbrueckner.de\/dxradio\/php\/wordpress\/?cat=1"},"img":{"alt_text":"","src":"","width":0,"height":0},"classes":[]},{"id":31564,"url":"https:\/\/www.achimbrueckner.de\/dxradio\/php\/wordpress\/?p=31564","url_meta":{"origin":37927,"position":4},"title":"anna.FM: Neues Digitalradio-Programm startet im S\u00fcdwesten auf DAB+","author":"Administrator","date":"January 9, 2021","format":false,"excerpt":"https:\/\/www.satellifax.de\/mlesen.php?id=076779986c82b0cd00b5db7961f0d761","rel":"","context":"In &quot;Deutsch&quot;","block_context":{"text":"Deutsch","link":"https:\/\/www.achimbrueckner.de\/dxradio\/php\/wordpress\/?cat=1"},"img":{"alt_text":"","src":"","width":0,"height":0},"classes":[]},{"id":41251,"url":"https:\/\/www.achimbrueckner.de\/dxradio\/php\/wordpress\/?p=41251","url_meta":{"origin":37927,"position":5},"title":"Senegal erprobt Digitalradio DAB+","author":"Administrator","date":"May 13, 2024","format":false,"excerpt":"https:\/\/www.satellifax.de\/mlesen.php?id=a0b23ae1666631740772efdb7d042cab","rel":"","context":"In &quot;Deutsch&quot;","block_context":{"text":"Deutsch","link":"https:\/\/www.achimbrueckner.de\/dxradio\/php\/wordpress\/?cat=1"},"img":{"alt_text":"","src":"","width":0,"height":0},"classes":[]}],"_links":{"self":[{"href":"https:\/\/www.achimbrueckner.de\/dxradio\/php\/wordpress\/index.php?rest_route=\/wp\/v2\/posts\/37927","targetHints":{"allow":["GET"]}}],"collection":[{"href":"https:\/\/www.achimbrueckner.de\/dxradio\/php\/wordpress\/index.php?rest_route=\/wp\/v2\/posts"}],"about":[{"href":"https:\/\/www.achimbrueckner.de\/dxradio\/php\/wordpress\/index.php?rest_route=\/wp\/v2\/types\/post"}],"author":[{"embeddable":true,"href":"https:\/\/www.achimbrueckner.de\/dxradio\/php\/wordpress\/index.php?rest_route=\/wp\/v2\/users\/1"}],"replies":[{"embeddable":true,"href":"https:\/\/www.achimbrueckner.de\/dxradio\/php\/wordpress\/index.php?rest_route=%2Fwp%2Fv2%2Fcomments&post=37927"}],"version-history":[{"count":0,"href":"https:\/\/www.achimbrueckner.de\/dxradio\/php\/wordpress\/index.php?rest_route=\/wp\/v2\/posts\/37927\/revisions"}],"wp:attachment":[{"href":"https:\/\/www.achimbrueckner.de\/dxradio\/php\/wordpress\/index.php?rest_route=%2Fwp%2Fv2%2Fmedia&parent=37927"}],"wp:term":[{"taxonomy":"category","embeddable":true,"href":"https:\/\/www.achimbrueckner.de\/dxradio\/php\/wordpress\/index.php?rest_route=%2Fwp%2Fv2%2Fcategories&post=37927"},{"taxonomy":"post_tag","embeddable":true,"href":"https:\/\/www.achimbrueckner.de\/dxradio\/php\/wordpress\/index.php?rest_route=%2Fwp%2Fv2%2Ftags&post=37927"}],"curies":[{"name":"wp","href":"https:\/\/api.w.org\/{rel}","templated":true}]}}