{"id":37929,"date":"2022-11-14T16:09:06","date_gmt":"2022-11-14T16:09:06","guid":{"rendered":"https:\/\/www.achimbrueckner.de\/dxradio\/php\/wordpress\/?p=37929"},"modified":"2022-11-14T16:09:06","modified_gmt":"2022-11-14T16:09:06","slug":"mdr-intendantin-karola-wille-hort-2023-auf","status":"publish","type":"post","link":"https:\/\/www.achimbrueckner.de\/dxradio\/php\/wordpress\/?p=37929","title":{"rendered":"MDR-Intendantin Karola Wille h\u00f6rt 2023 auf"},"content":{"rendered":"<p><a href=\"https:\/\/meedia.de\/2022\/11\/14\/mdr-intendantin-karola-wille-hoert-2023-auf\/\" rel=\"noopener\" target=\"_blank\">https:\/\/meedia.de\/2022\/11\/14\/mdr-intendantin-karola-wille-hoert-2023-auf\/<\/a><\/p>\n","protected":false},"excerpt":{"rendered":"<p>https:\/\/meedia.de\/2022\/11\/14\/mdr-intendantin-karola-wille-hoert-2023-auf\/<\/p>\n","protected":false},"author":1,"featured_media":0,"comment_status":"closed","ping_status":"open","sticky":false,"template":"","format":"standard","meta":{"_jetpack_memberships_contains_paid_content":false,"footnotes":"","jetpack_publicize_message":"","jetpack_publicize_feature_enabled":true,"jetpack_social_post_already_shared":true,"jetpack_social_options":{"image_generator_settings":{"template":"highway","default_image_id":0,"font":"","enabled":false},"version":2}},"categories":[1],"tags":[],"class_list":["post-37929","post","type-post","status-publish","format-standard","hentry","category-deutsch"],"jetpack_publicize_connections":[],"jetpack_featured_media_url":"","jetpack_sharing_enabled":true,"jetpack_shortlink":"https:\/\/wp.me\/p5CDmr-9RL","jetpack-related-posts":[{"id":24490,"url":"https:\/\/www.achimbrueckner.de\/dxradio\/php\/wordpress\/?p=24490","url_meta":{"origin":37929,"position":0},"title":"&#8220;Charta der Vielfalt&#8221; beigetreten Karola Wille verordnet dem MDR mehr Vielfalt","author":"Administrator","date":"August 28, 2019","format":false,"excerpt":"https:\/\/www.dwdl.de\/nachrichten\/73759\/karola_wille_verordnet_dem_mdr_mehr_vielfalt\/","rel":"","context":"In &quot;Deutsch&quot;","block_context":{"text":"Deutsch","link":"https:\/\/www.achimbrueckner.de\/dxradio\/php\/wordpress\/?cat=1"},"img":{"alt_text":"","src":"","width":0,"height":0},"classes":[]},{"id":7224,"url":"https:\/\/www.achimbrueckner.de\/dxradio\/php\/wordpress\/?p=7224","url_meta":{"origin":37929,"position":1},"title":"Neue ARD-Vorsitzende Karola Wille &#8220;Wir m\u00fcssen um Glaubw\u00fcrdigkeit k\u00e4mpfen&#8221;","author":"Administrator","date":"January 11, 2016","format":false,"excerpt":"http:\/\/www.tagesspiegel.de\/medien\/neue-ard-vorsitzende-karola-wille-wir-muessen-um-glaubwuerdigkeit-kaempfen\/12815656.html","rel":"","context":"In &quot;Deutsch&quot;","block_context":{"text":"Deutsch","link":"https:\/\/www.achimbrueckner.de\/dxradio\/php\/wordpress\/?cat=1"},"img":{"alt_text":"","src":"","width":0,"height":0},"classes":[]},{"id":32166,"url":"https:\/\/www.achimbrueckner.de\/dxradio\/php\/wordpress\/?p=32166","url_meta":{"origin":37929,"position":2},"title":"ZDF-Intendant Thomas Bellut h\u00f6rt 2022 auf","author":"Administrator","date":"March 2, 2021","format":false,"excerpt":"https:\/\/meedia.de\/2021\/03\/02\/zdf-intendant-thomas-bellut-hoert-2022-auf\/","rel":"","context":"In &quot;Deutsch&quot;","block_context":{"text":"Deutsch","link":"https:\/\/www.achimbrueckner.de\/dxradio\/php\/wordpress\/?cat=1"},"img":{"alt_text":"","src":"","width":0,"height":0},"classes":[]},{"id":11597,"url":"https:\/\/www.achimbrueckner.de\/dxradio\/php\/wordpress\/?p=11597","url_meta":{"origin":37929,"position":3},"title":"ARD-Vorsitzende will non-lineare Angebote st\u00e4rken Karola Wille: &#8220;Wir m\u00fcssen innovativer werden&#8221;","author":"Administrator","date":"January 4, 2017","format":false,"excerpt":"http:\/\/www.dwdl.de\/nachrichten\/59474\/karola_wille_wir_muessen_innovativer_werden\/","rel":"","context":"In &quot;Deutsch&quot;","block_context":{"text":"Deutsch","link":"https:\/\/www.achimbrueckner.de\/dxradio\/php\/wordpress\/?cat=1"},"img":{"alt_text":"","src":"","width":0,"height":0},"classes":[]},{"id":15734,"url":"https:\/\/www.achimbrueckner.de\/dxradio\/php\/wordpress\/?p=15734","url_meta":{"origin":37929,"position":4},"title":"ARD-VORSITZENDE ZIEHT BILANZ : Auftrag erf\u00fcllt?","author":"Administrator","date":"December 2, 2017","format":false,"excerpt":"http:\/\/www.faz.net\/aktuell\/feuilleton\/medien\/ard-vorsitzende-karola-wille-zieht-positive-bilanz-15316491.html","rel":"","context":"In &quot;Deutsch&quot;","block_context":{"text":"Deutsch","link":"https:\/\/www.achimbrueckner.de\/dxradio\/php\/wordpress\/?cat=1"},"img":{"alt_text":"","src":"","width":0,"height":0},"classes":[]},{"id":36879,"url":"https:\/\/www.achimbrueckner.de\/dxradio\/php\/wordpress\/?p=36879","url_meta":{"origin":37929,"position":5},"title":"Vorw\u00fcrfe gegen Intendantin: RBB leitet unabh\u00e4ngige Untersuchung ein","author":"Administrator","date":"July 7, 2022","format":false,"excerpt":"https:\/\/meedia.de\/2022\/07\/07\/vorwuerfe-gegen-intendantin-rbb-leitet-unabhaengige-untersuchung-ein\/","rel":"","context":"In &quot;Deutsch&quot;","block_context":{"text":"Deutsch","link":"https:\/\/www.achimbrueckner.de\/dxradio\/php\/wordpress\/?cat=1"},"img":{"alt_text":"","src":"","width":0,"height":0},"classes":[]}],"_links":{"self":[{"href":"https:\/\/www.achimbrueckner.de\/dxradio\/php\/wordpress\/index.php?rest_route=\/wp\/v2\/posts\/37929","targetHints":{"allow":["GET"]}}],"collection":[{"href":"https:\/\/www.achimbrueckner.de\/dxradio\/php\/wordpress\/index.php?rest_route=\/wp\/v2\/posts"}],"about":[{"href":"https:\/\/www.achimbrueckner.de\/dxradio\/php\/wordpress\/index.php?rest_route=\/wp\/v2\/types\/post"}],"author":[{"embeddable":true,"href":"https:\/\/www.achimbrueckner.de\/dxradio\/php\/wordpress\/index.php?rest_route=\/wp\/v2\/users\/1"}],"replies":[{"embeddable":true,"href":"https:\/\/www.achimbrueckner.de\/dxradio\/php\/wordpress\/index.php?rest_route=%2Fwp%2Fv2%2Fcomments&post=37929"}],"version-history":[{"count":0,"href":"https:\/\/www.achimbrueckner.de\/dxradio\/php\/wordpress\/index.php?rest_route=\/wp\/v2\/posts\/37929\/revisions"}],"wp:attachment":[{"href":"https:\/\/www.achimbrueckner.de\/dxradio\/php\/wordpress\/index.php?rest_route=%2Fwp%2Fv2%2Fmedia&parent=37929"}],"wp:term":[{"taxonomy":"category","embeddable":true,"href":"https:\/\/www.achimbrueckner.de\/dxradio\/php\/wordpress\/index.php?rest_route=%2Fwp%2Fv2%2Fcategories&post=37929"},{"taxonomy":"post_tag","embeddable":true,"href":"https:\/\/www.achimbrueckner.de\/dxradio\/php\/wordpress\/index.php?rest_route=%2Fwp%2Fv2%2Ftags&post=37929"}],"curies":[{"name":"wp","href":"https:\/\/api.w.org\/{rel}","templated":true}]}}