{"id":37931,"date":"2022-11-14T16:11:36","date_gmt":"2022-11-14T16:11:36","guid":{"rendered":"https:\/\/www.achimbrueckner.de\/dxradio\/php\/wordpress\/?p=37931"},"modified":"2022-11-14T16:11:36","modified_gmt":"2022-11-14T16:11:36","slug":"kunstliche-intelligenz-bei-tamedia-wie-algorithmen-unseren-journalismus-unterstutzen","status":"publish","type":"post","link":"https:\/\/www.achimbrueckner.de\/dxradio\/php\/wordpress\/?p=37931","title":{"rendered":"K\u00fcnstliche Intelligenz bei Tamedia  Wie Algorithmen unseren Journalismus unterst\u00fctzen"},"content":{"rendered":"<p><a href=\"https:\/\/www.tagesanzeiger.ch\/wie-algorithmen-unseren-journalismus-unterstuetzen-623598173629\" rel=\"noopener\" target=\"_blank\">https:\/\/www.tagesanzeiger.ch\/wie-algorithmen-unseren-journalismus-unterstuetzen-623598173629<\/a><\/p>\n","protected":false},"excerpt":{"rendered":"<p>https:\/\/www.tagesanzeiger.ch\/wie-algorithmen-unseren-journalismus-unterstuetzen-623598173629<\/p>\n","protected":false},"author":1,"featured_media":0,"comment_status":"closed","ping_status":"open","sticky":false,"template":"","format":"standard","meta":{"_jetpack_memberships_contains_paid_content":false,"footnotes":"","jetpack_publicize_message":"","jetpack_publicize_feature_enabled":true,"jetpack_social_post_already_shared":true,"jetpack_social_options":{"image_generator_settings":{"template":"highway","default_image_id":0,"font":"","enabled":false},"version":2}},"categories":[1],"tags":[],"class_list":["post-37931","post","type-post","status-publish","format-standard","hentry","category-deutsch"],"jetpack_publicize_connections":[],"jetpack_featured_media_url":"","jetpack_sharing_enabled":true,"jetpack_shortlink":"https:\/\/wp.me\/p5CDmr-9RN","jetpack-related-posts":[{"id":36496,"url":"https:\/\/www.achimbrueckner.de\/dxradio\/php\/wordpress\/?p=36496","url_meta":{"origin":37931,"position":0},"title":"\u00d6ffentlich-rechtlicher Journalismus vs. Algorithmen auf Drittplattformen","author":"Administrator","date":"June 8, 2022","format":false,"excerpt":"https:\/\/netzpolitik.org\/2022\/neues-aus-dem-fernsehrat-88-oeffentlich-rechtlicher-journalismus-vs-algorithmen-auf-drittplattformen\/","rel":"","context":"In &quot;Deutsch&quot;","block_context":{"text":"Deutsch","link":"https:\/\/www.achimbrueckner.de\/dxradio\/php\/wordpress\/?cat=1"},"img":{"alt_text":"","src":"","width":0,"height":0},"classes":[]},{"id":24277,"url":"https:\/\/www.achimbrueckner.de\/dxradio\/php\/wordpress\/?p=24277","url_meta":{"origin":37931,"position":1},"title":"Wie das Internet den Journalismus verflacht","author":"Administrator","date":"August 16, 2019","format":false,"excerpt":"https:\/\/blog.wdr.de\/digitalistan\/wie-twitter-und-co-der-journalismus-veraendert\/","rel":"","context":"In &quot;Deutsch&quot;","block_context":{"text":"Deutsch","link":"https:\/\/www.achimbrueckner.de\/dxradio\/php\/wordpress\/?cat=1"},"img":{"alt_text":"","src":"","width":0,"height":0},"classes":[]},{"id":21528,"url":"https:\/\/www.achimbrueckner.de\/dxradio\/php\/wordpress\/?p=21528","url_meta":{"origin":37931,"position":2},"title":"Wie ein schwedischer Verlag mit Robo-Journalismus dauerhaft Digitalabonnenten gewinnt","author":"Administrator","date":"February 12, 2019","format":false,"excerpt":"https:\/\/meedia.de\/2019\/02\/12\/wie-ein-schwedischer-verlag-mit-robo-journalismus-dauerhaft-digitalabonnenten-gewinnt\/","rel":"","context":"In &quot;Deutsch&quot;","block_context":{"text":"Deutsch","link":"https:\/\/www.achimbrueckner.de\/dxradio\/php\/wordpress\/?cat=1"},"img":{"alt_text":"","src":"","width":0,"height":0},"classes":[]},{"id":32848,"url":"https:\/\/www.achimbrueckner.de\/dxradio\/php\/wordpress\/?p=32848","url_meta":{"origin":37931,"position":3},"title":"Bezahlen f\u00fcr News: Wie die Tech-Branche den Journalismus st\u00e4rken k\u00f6nnte","author":"Administrator","date":"June 9, 2021","format":false,"excerpt":"https:\/\/www.heise.de\/hintergrund\/Bezahlen-fuer-News-Wie-die-Tech-Branche-den-Journalismus-rekapitalisieren-koennte-6057244.html","rel":"","context":"In &quot;Deutsch&quot;","block_context":{"text":"Deutsch","link":"https:\/\/www.achimbrueckner.de\/dxradio\/php\/wordpress\/?cat=1"},"img":{"alt_text":"","src":"","width":0,"height":0},"classes":[]},{"id":19550,"url":"https:\/\/www.achimbrueckner.de\/dxradio\/php\/wordpress\/?p=19550","url_meta":{"origin":37931,"position":4},"title":"Wie viel Technologie braucht guter Journalismus?","author":"Administrator","date":"October 13, 2018","format":false,"excerpt":"https:\/\/www.welt.de\/print\/die_welt\/kultur\/article181957244\/Wie-viel-Technologie-braucht-guter-Journalismus.html","rel":"","context":"In &quot;Deutsch&quot;","block_context":{"text":"Deutsch","link":"https:\/\/www.achimbrueckner.de\/dxradio\/php\/wordpress\/?cat=1"},"img":{"alt_text":"","src":"","width":0,"height":0},"classes":[]},{"id":30348,"url":"https:\/\/www.achimbrueckner.de\/dxradio\/php\/wordpress\/?p=30348","url_meta":{"origin":37931,"position":5},"title":"\u00abWir wollen nicht den Journalismus retten. Wir wollen einen neuen Journalismus schaffen.\u00bb","author":"Administrator","date":"October 7, 2020","format":false,"excerpt":"https:\/\/medienwoche.ch\/2020\/10\/07\/wir-wollen-nicht-den-journalismus-retten-wir-wollen-einen-neuen-journalismus-schaffen\/","rel":"","context":"In &quot;Deutsch&quot;","block_context":{"text":"Deutsch","link":"https:\/\/www.achimbrueckner.de\/dxradio\/php\/wordpress\/?cat=1"},"img":{"alt_text":"","src":"","width":0,"height":0},"classes":[]}],"_links":{"self":[{"href":"https:\/\/www.achimbrueckner.de\/dxradio\/php\/wordpress\/index.php?rest_route=\/wp\/v2\/posts\/37931","targetHints":{"allow":["GET"]}}],"collection":[{"href":"https:\/\/www.achimbrueckner.de\/dxradio\/php\/wordpress\/index.php?rest_route=\/wp\/v2\/posts"}],"about":[{"href":"https:\/\/www.achimbrueckner.de\/dxradio\/php\/wordpress\/index.php?rest_route=\/wp\/v2\/types\/post"}],"author":[{"embeddable":true,"href":"https:\/\/www.achimbrueckner.de\/dxradio\/php\/wordpress\/index.php?rest_route=\/wp\/v2\/users\/1"}],"replies":[{"embeddable":true,"href":"https:\/\/www.achimbrueckner.de\/dxradio\/php\/wordpress\/index.php?rest_route=%2Fwp%2Fv2%2Fcomments&post=37931"}],"version-history":[{"count":0,"href":"https:\/\/www.achimbrueckner.de\/dxradio\/php\/wordpress\/index.php?rest_route=\/wp\/v2\/posts\/37931\/revisions"}],"wp:attachment":[{"href":"https:\/\/www.achimbrueckner.de\/dxradio\/php\/wordpress\/index.php?rest_route=%2Fwp%2Fv2%2Fmedia&parent=37931"}],"wp:term":[{"taxonomy":"category","embeddable":true,"href":"https:\/\/www.achimbrueckner.de\/dxradio\/php\/wordpress\/index.php?rest_route=%2Fwp%2Fv2%2Fcategories&post=37931"},{"taxonomy":"post_tag","embeddable":true,"href":"https:\/\/www.achimbrueckner.de\/dxradio\/php\/wordpress\/index.php?rest_route=%2Fwp%2Fv2%2Ftags&post=37931"}],"curies":[{"name":"wp","href":"https:\/\/api.w.org\/{rel}","templated":true}]}}