{"id":37940,"date":"2022-11-15T15:45:14","date_gmt":"2022-11-15T15:45:14","guid":{"rendered":"https:\/\/www.achimbrueckner.de\/dxradio\/php\/wordpress\/?p=37940"},"modified":"2022-11-15T15:45:14","modified_gmt":"2022-11-15T15:45:14","slug":"dab-in-uk-horfunknutzung-uber-digitale-empfangswege-dominiert","status":"publish","type":"post","link":"https:\/\/www.achimbrueckner.de\/dxradio\/php\/wordpress\/?p=37940","title":{"rendered":"DAB+ in UK: H\u00f6rfunknutzung \u00fcber digitale Empfangswege dominiert"},"content":{"rendered":"<p><a href=\"https:\/\/www.infosat.de\/radio\/dab-uk-h-rfunknutzung-ber-digitale-empfangswege-dominiert\" rel=\"noopener\" target=\"_blank\">https:\/\/www.infosat.de\/radio\/dab-uk-h-rfunknutzung-ber-digitale-empfangswege-dominiert<\/a><\/p>\n","protected":false},"excerpt":{"rendered":"<p>https:\/\/www.infosat.de\/radio\/dab-uk-h-rfunknutzung-ber-digitale-empfangswege-dominiert<\/p>\n","protected":false},"author":1,"featured_media":0,"comment_status":"closed","ping_status":"open","sticky":false,"template":"","format":"standard","meta":{"_jetpack_memberships_contains_paid_content":false,"footnotes":"","jetpack_publicize_message":"","jetpack_publicize_feature_enabled":true,"jetpack_social_post_already_shared":true,"jetpack_social_options":{"image_generator_settings":{"template":"highway","default_image_id":0,"font":"","enabled":false},"version":2}},"categories":[1],"tags":[],"class_list":["post-37940","post","type-post","status-publish","format-standard","hentry","category-deutsch"],"jetpack_publicize_connections":[],"jetpack_featured_media_url":"","jetpack_sharing_enabled":true,"jetpack_shortlink":"https:\/\/wp.me\/p5CDmr-9RW","jetpack-related-posts":[{"id":36387,"url":"https:\/\/www.achimbrueckner.de\/dxradio\/php\/wordpress\/?p=36387","url_meta":{"origin":37940,"position":0},"title":"Gro\u00dfbritannien: \u00dcber zwei Drittel der Radioh\u00f6rer nutzen digitale Empfangswege \u2013 Heart 00s startet landesweit via DAB","author":"Administrator","date":"May 22, 2022","format":false,"excerpt":"https:\/\/www.radiowoche.de\/grossbritannien-ueber-zwei-drittel-der-radiohoerer-nutzen-digitale-empfangswege-heart-00s-startet-landesweit-via-dab\/","rel":"","context":"In &quot;Deutsch&quot;","block_context":{"text":"Deutsch","link":"https:\/\/www.achimbrueckner.de\/dxradio\/php\/wordpress\/?cat=1"},"img":{"alt_text":"","src":"","width":0,"height":0},"classes":[]},{"id":37370,"url":"https:\/\/www.achimbrueckner.de\/dxradio\/php\/wordpress\/?p=37370","url_meta":{"origin":37940,"position":1},"title":"Radionutzung in der Schweiz: Drei Viertel h\u00f6ren \u00fcber digitale Empfangswege","author":"Administrator","date":"August 29, 2022","format":false,"excerpt":"https:\/\/www.radiowoche.de\/radionutzung-in-der-schweiz-drei-viertel-hoeren-ueber-digitale-empfangswege\/","rel":"","context":"In &quot;Deutsch&quot;","block_context":{"text":"Deutsch","link":"https:\/\/www.achimbrueckner.de\/dxradio\/php\/wordpress\/?cat=1"},"img":{"alt_text":"","src":"","width":0,"height":0},"classes":[]},{"id":18834,"url":"https:\/\/www.achimbrueckner.de\/dxradio\/php\/wordpress\/?p=18834","url_meta":{"origin":37940,"position":2},"title":"VAUNET: Nutzung konzentriert sich auf andere Empfangswege als DAB+","author":"Administrator","date":"August 18, 2018","format":false,"excerpt":"http:\/\/www.radiowoche.de\/vaunet-nutzung-konzentriert-sich-auf-andere-empfangswege-als-dab\/","rel":"","context":"In &quot;Deutsch&quot;","block_context":{"text":"Deutsch","link":"https:\/\/www.achimbrueckner.de\/dxradio\/php\/wordpress\/?cat=1"},"img":{"alt_text":"","src":"","width":0,"height":0},"classes":[]},{"id":10284,"url":"https:\/\/www.achimbrueckner.de\/dxradio\/php\/wordpress\/?p=10284","url_meta":{"origin":37940,"position":3},"title":"ma 2016 IP Audio III: Neue Leistungsdaten f\u00fcr Webradio \u00fcber alle Empfangswege","author":"Administrator","date":"September 7, 2016","format":false,"excerpt":"http:\/\/www.radioszene.de\/94983\/ma-2016-ip-audio-iii-leistungsdaten-webradio.html","rel":"","context":"In &quot;audio&quot;","block_context":{"text":"audio","link":"https:\/\/www.achimbrueckner.de\/dxradio\/php\/wordpress\/?cat=47"},"img":{"alt_text":"","src":"","width":0,"height":0},"classes":[]},{"id":26051,"url":"https:\/\/www.achimbrueckner.de\/dxradio\/php\/wordpress\/?p=26051","url_meta":{"origin":37940,"position":4},"title":"Deutschrap dominiert die Jahrescharts von Spotify und Deezer","author":"Administrator","date":"December 5, 2019","format":false,"excerpt":"http:\/\/www.radiowoche.de\/deutschrap-dominiert-die-jahrescharts-von-spotify-und-deezer\/","rel":"","context":"In &quot;Deutsch&quot;","block_context":{"text":"Deutsch","link":"https:\/\/www.achimbrueckner.de\/dxradio\/php\/wordpress\/?cat=1"},"img":{"alt_text":"","src":"","width":0,"height":0},"classes":[]},{"id":7799,"url":"https:\/\/www.achimbrueckner.de\/dxradio\/php\/wordpress\/?p=7799","url_meta":{"origin":37940,"position":5},"title":"Medien-Analyse: Spotify dominiert deutsches Webradio","author":"Administrator","date":"March 10, 2016","format":false,"excerpt":"http:\/\/www.digitalfernsehen.de\/Medien-Analyse-Spotify-dominiert-deutsches-Webradio.137653.0.html","rel":"","context":"In &quot;Deutsch&quot;","block_context":{"text":"Deutsch","link":"https:\/\/www.achimbrueckner.de\/dxradio\/php\/wordpress\/?cat=1"},"img":{"alt_text":"","src":"","width":0,"height":0},"classes":[]}],"_links":{"self":[{"href":"https:\/\/www.achimbrueckner.de\/dxradio\/php\/wordpress\/index.php?rest_route=\/wp\/v2\/posts\/37940","targetHints":{"allow":["GET"]}}],"collection":[{"href":"https:\/\/www.achimbrueckner.de\/dxradio\/php\/wordpress\/index.php?rest_route=\/wp\/v2\/posts"}],"about":[{"href":"https:\/\/www.achimbrueckner.de\/dxradio\/php\/wordpress\/index.php?rest_route=\/wp\/v2\/types\/post"}],"author":[{"embeddable":true,"href":"https:\/\/www.achimbrueckner.de\/dxradio\/php\/wordpress\/index.php?rest_route=\/wp\/v2\/users\/1"}],"replies":[{"embeddable":true,"href":"https:\/\/www.achimbrueckner.de\/dxradio\/php\/wordpress\/index.php?rest_route=%2Fwp%2Fv2%2Fcomments&post=37940"}],"version-history":[{"count":0,"href":"https:\/\/www.achimbrueckner.de\/dxradio\/php\/wordpress\/index.php?rest_route=\/wp\/v2\/posts\/37940\/revisions"}],"wp:attachment":[{"href":"https:\/\/www.achimbrueckner.de\/dxradio\/php\/wordpress\/index.php?rest_route=%2Fwp%2Fv2%2Fmedia&parent=37940"}],"wp:term":[{"taxonomy":"category","embeddable":true,"href":"https:\/\/www.achimbrueckner.de\/dxradio\/php\/wordpress\/index.php?rest_route=%2Fwp%2Fv2%2Fcategories&post=37940"},{"taxonomy":"post_tag","embeddable":true,"href":"https:\/\/www.achimbrueckner.de\/dxradio\/php\/wordpress\/index.php?rest_route=%2Fwp%2Fv2%2Ftags&post=37940"}],"curies":[{"name":"wp","href":"https:\/\/api.w.org\/{rel}","templated":true}]}}