{"id":37964,"date":"2022-11-20T09:22:45","date_gmt":"2022-11-20T09:22:45","guid":{"rendered":"https:\/\/www.achimbrueckner.de\/dxradio\/php\/wordpress\/?p=37964"},"modified":"2022-11-20T09:22:45","modified_gmt":"2022-11-20T09:22:45","slug":"inselsberg-ukw-sender-nie-mehr-mit-voller-leistung","status":"publish","type":"post","link":"https:\/\/www.achimbrueckner.de\/dxradio\/php\/wordpress\/?p=37964","title":{"rendered":"Inselsberg: UKW-Sender nie mehr mit voller Leistung?"},"content":{"rendered":"<p><a href=\"https:\/\/www.radioblog.eu\/2022\/11\/19\/inselsberg-ukw-sender-nie-mehr-mit-voller-leistung\/\" rel=\"noopener\" target=\"_blank\">https:\/\/www.radioblog.eu\/2022\/11\/19\/inselsberg-ukw-sender-nie-mehr-mit-voller-leistung\/<\/a><\/p>\n","protected":false},"excerpt":{"rendered":"<p>https:\/\/www.radioblog.eu\/2022\/11\/19\/inselsberg-ukw-sender-nie-mehr-mit-voller-leistung\/<\/p>\n","protected":false},"author":1,"featured_media":0,"comment_status":"closed","ping_status":"open","sticky":false,"template":"","format":"standard","meta":{"_jetpack_memberships_contains_paid_content":false,"footnotes":"","jetpack_publicize_message":"","jetpack_publicize_feature_enabled":true,"jetpack_social_post_already_shared":true,"jetpack_social_options":{"image_generator_settings":{"template":"highway","default_image_id":0,"font":"","enabled":false},"version":2}},"categories":[1],"tags":[],"class_list":["post-37964","post","type-post","status-publish","format-standard","hentry","category-deutsch"],"jetpack_publicize_connections":[],"jetpack_featured_media_url":"","jetpack_sharing_enabled":true,"jetpack_shortlink":"https:\/\/wp.me\/p5CDmr-9Sk","jetpack-related-posts":[{"id":37656,"url":"https:\/\/www.achimbrueckner.de\/dxradio\/php\/wordpress\/?p=37656","url_meta":{"origin":37964,"position":0},"title":"UKW-Sender auf dem Inselsberg wieder mit voller Leistung","author":"Administrator","date":"October 11, 2022","format":false,"excerpt":"https:\/\/www.radioblog.eu\/2022\/10\/11\/ukw-sender-auf-dem-inselsberg-wieder-mit-voller-leistung\/","rel":"","context":"In &quot;Deutsch&quot;","block_context":{"text":"Deutsch","link":"https:\/\/www.achimbrueckner.de\/dxradio\/php\/wordpress\/?cat=1"},"img":{"alt_text":"","src":"","width":0,"height":0},"classes":[]},{"id":37053,"url":"https:\/\/www.achimbrueckner.de\/dxradio\/php\/wordpress\/?p=37053","url_meta":{"origin":37964,"position":1},"title":"Sanierungsarbeiten: UKW-Sender auf dem Inselsberg \u00fcber Behelfsantenne","author":"Administrator","date":"July 23, 2022","format":false,"excerpt":"https:\/\/www.radioblog.eu\/2022\/07\/23\/sanierungsarbeiten-ukw-sender-auf-dem-inselsberg-ueber-behelfsantenne\/","rel":"","context":"In &quot;Deutsch&quot;","block_context":{"text":"Deutsch","link":"https:\/\/www.achimbrueckner.de\/dxradio\/php\/wordpress\/?cat=1"},"img":{"alt_text":"","src":"","width":0,"height":0},"classes":[]},{"id":44907,"url":"https:\/\/www.achimbrueckner.de\/dxradio\/php\/wordpress\/?p=44907","url_meta":{"origin":37964,"position":2},"title":"Spanien: Mix Radio Gran Canaria auf 104,8 MHz wieder mit voller Leistung","author":"Administrator","date":"January 28, 2026","format":false,"excerpt":"https:\/\/www.radioblog.eu\/2026\/01\/28\/spanien-mix-radio-gran-canaria-auf-1048-mhz-wieder-mit-voller-leistung\/","rel":"","context":"In &quot;Deutsch&quot;","block_context":{"text":"Deutsch","link":"https:\/\/www.achimbrueckner.de\/dxradio\/php\/wordpress\/?cat=1"},"img":{"alt_text":"","src":"","width":0,"height":0},"classes":[]},{"id":31438,"url":"https:\/\/www.achimbrueckner.de\/dxradio\/php\/wordpress\/?p=31438","url_meta":{"origin":37964,"position":3},"title":"Kritik an der niederl\u00e4ndischen LPAM-Politik","author":"Administrator","date":"December 30, 2020","format":false,"excerpt":"Kritik an der niederl\u00e4ndischen LPAM-Politik Seit 2016 als Pilotprojekt und seit 2019 als regul\u00e4re M\u00f6glichkeit k\u00f6nnen Interessenten in den Niederlanden Senderechte f\u00fcr Mittelwellensender kleiner Leistung (\u201elow-power AM\u201c <100 Watt) beantragen. Das tun immer mehr, doch dem DX-Veteranen Max van Arnhem (mwcircle) platzte j\u00fcngst der Kragen. Er bringt technische, aber auch\u2026","rel":"","context":"In &quot;Deutsch&quot;","block_context":{"text":"Deutsch","link":"https:\/\/www.achimbrueckner.de\/dxradio\/php\/wordpress\/?cat=1"},"img":{"alt_text":"","src":"","width":0,"height":0},"classes":[]},{"id":39906,"url":"https:\/\/www.achimbrueckner.de\/dxradio\/php\/wordpress\/?p=39906","url_meta":{"origin":37964,"position":4},"title":"Kulturnacht 70 Jahre UKW auf den Inselsberg","author":"Administrator","date":"July 24, 2023","format":false,"excerpt":"https:\/\/www.mdr.de\/mdr-thueringen\/podcast\/kulturnacht\/audio-radio-ukw-empfang-inselsberg-100.html","rel":"","context":"In &quot;Deutsch&quot;","block_context":{"text":"Deutsch","link":"https:\/\/www.achimbrueckner.de\/dxradio\/php\/wordpress\/?cat=1"},"img":{"alt_text":"","src":"","width":0,"height":0},"classes":[]},{"id":37293,"url":"https:\/\/www.achimbrueckner.de\/dxradio\/php\/wordpress\/?p=37293","url_meta":{"origin":37964,"position":5},"title":"UKW &#038; TV: Besuch am Sender Hamburg-Rahlstedt","author":"Administrator","date":"August 18, 2022","format":false,"excerpt":"https:\/\/www.radioblog.eu\/2022\/08\/18\/ukw-tv-besuch-am-sender-hamburg-rahlstedt\/","rel":"","context":"In &quot;Deutsch&quot;","block_context":{"text":"Deutsch","link":"https:\/\/www.achimbrueckner.de\/dxradio\/php\/wordpress\/?cat=1"},"img":{"alt_text":"","src":"","width":0,"height":0},"classes":[]}],"_links":{"self":[{"href":"https:\/\/www.achimbrueckner.de\/dxradio\/php\/wordpress\/index.php?rest_route=\/wp\/v2\/posts\/37964","targetHints":{"allow":["GET"]}}],"collection":[{"href":"https:\/\/www.achimbrueckner.de\/dxradio\/php\/wordpress\/index.php?rest_route=\/wp\/v2\/posts"}],"about":[{"href":"https:\/\/www.achimbrueckner.de\/dxradio\/php\/wordpress\/index.php?rest_route=\/wp\/v2\/types\/post"}],"author":[{"embeddable":true,"href":"https:\/\/www.achimbrueckner.de\/dxradio\/php\/wordpress\/index.php?rest_route=\/wp\/v2\/users\/1"}],"replies":[{"embeddable":true,"href":"https:\/\/www.achimbrueckner.de\/dxradio\/php\/wordpress\/index.php?rest_route=%2Fwp%2Fv2%2Fcomments&post=37964"}],"version-history":[{"count":0,"href":"https:\/\/www.achimbrueckner.de\/dxradio\/php\/wordpress\/index.php?rest_route=\/wp\/v2\/posts\/37964\/revisions"}],"wp:attachment":[{"href":"https:\/\/www.achimbrueckner.de\/dxradio\/php\/wordpress\/index.php?rest_route=%2Fwp%2Fv2%2Fmedia&parent=37964"}],"wp:term":[{"taxonomy":"category","embeddable":true,"href":"https:\/\/www.achimbrueckner.de\/dxradio\/php\/wordpress\/index.php?rest_route=%2Fwp%2Fv2%2Fcategories&post=37964"},{"taxonomy":"post_tag","embeddable":true,"href":"https:\/\/www.achimbrueckner.de\/dxradio\/php\/wordpress\/index.php?rest_route=%2Fwp%2Fv2%2Ftags&post=37964"}],"curies":[{"name":"wp","href":"https:\/\/api.w.org\/{rel}","templated":true}]}}