{"id":37977,"date":"2022-11-21T17:08:57","date_gmt":"2022-11-21T17:08:57","guid":{"rendered":"https:\/\/www.achimbrueckner.de\/dxradio\/php\/wordpress\/?p=37977"},"modified":"2022-11-21T17:08:57","modified_gmt":"2022-11-21T17:08:57","slug":"facebook-gruppe-kurzwelle-und-mehr","status":"publish","type":"post","link":"https:\/\/www.achimbrueckner.de\/dxradio\/php\/wordpress\/?p=37977","title":{"rendered":"Facebook Gruppe Kurzwelle und mehr"},"content":{"rendered":"<p>F\u00fcr alle Hobbyfreunde, welche die Gruppe noch nicht kennen: &#8220;Kurzwelle und mehr&#8221; von Tom Kamp, eine klare Empfehlung!<br \/>\n<a href=\"https:\/\/www.facebook.com\/groups\/darchfref\" rel=\"noopener\" target=\"_blank\">https:\/\/www.facebook.com\/groups\/darchfref<\/a><\/p>\n","protected":false},"excerpt":{"rendered":"<p>F\u00fcr alle Hobbyfreunde, welche die Gruppe noch nicht kennen: &#8220;Kurzwelle und mehr&#8221; von Tom Kamp, eine klare Empfehlung! https:\/\/www.facebook.com\/groups\/darchfref<\/p>\n","protected":false},"author":1,"featured_media":0,"comment_status":"closed","ping_status":"open","sticky":false,"template":"","format":"standard","meta":{"_jetpack_memberships_contains_paid_content":false,"footnotes":"","jetpack_publicize_message":"","jetpack_publicize_feature_enabled":true,"jetpack_social_post_already_shared":true,"jetpack_social_options":{"image_generator_settings":{"template":"highway","default_image_id":0,"font":"","enabled":false},"version":2}},"categories":[1],"tags":[],"class_list":["post-37977","post","type-post","status-publish","format-standard","hentry","category-deutsch"],"jetpack_publicize_connections":[],"jetpack_featured_media_url":"","jetpack_sharing_enabled":true,"jetpack_shortlink":"https:\/\/wp.me\/p5CDmr-9Sx","jetpack-related-posts":[{"id":1559,"url":"https:\/\/www.achimbrueckner.de\/dxradio\/php\/wordpress\/?p=1559","url_meta":{"origin":37977,"position":0},"title":"Deutsche Welle Reform: weniger Kurzwelle, mehr Online","author":"Administrator","date":"May 18, 2011","format":false,"excerpt":"Deutsche Welle Reform: weniger Kurzwelle, mehr Online http:\/\/www.radioszene.de\/24835\/deutsche-welle-reform-ab-juli-weniger-kurzwelle-mehr-online.html","rel":"","context":"In &quot;Deutsch&quot;","block_context":{"text":"Deutsch","link":"https:\/\/www.achimbrueckner.de\/dxradio\/php\/wordpress\/?cat=1"},"img":{"alt_text":"","src":"","width":0,"height":0},"classes":[]},{"id":1863,"url":"https:\/\/www.achimbrueckner.de\/dxradio\/php\/wordpress\/?p=1863","url_meta":{"origin":37977,"position":1},"title":"\u00e2\u20ac\u017eRadiofreunde NRW\u00e2\u20ac\u0153 &#8211; eine neue Interessengemeinschaft im Westen.","author":"Administrator","date":"October 28, 2011","format":false,"excerpt":"\u00e2\u20ac\u017eRadiofreunde NRW\u00e2\u20ac\u0153 - eine neue Interessengemeinschaft im Westen. Wer sind wir? Die RADIOFREUNDE NRW sind eine lose Gruppe von Kurzwellenh\u00f6rern, DXern und Rundfunkinteressierten. Unser Fokus liegt auf dem Empfang auf Lang-, Mittel- und Kurzwelle. Auch f\u00fcr andere Empfangsbereiche und Kommunikationswege sind wir offen und laden Interessierte ein, sich mit uns\u2026","rel":"","context":"In &quot;Deutsch&quot;","block_context":{"text":"Deutsch","link":"https:\/\/www.achimbrueckner.de\/dxradio\/php\/wordpress\/?cat=1"},"img":{"alt_text":"","src":"","width":0,"height":0},"classes":[]},{"id":6252,"url":"https:\/\/www.achimbrueckner.de\/dxradio\/php\/wordpress\/?p=6252","url_meta":{"origin":37977,"position":2},"title":"ORF-Kurzwelle Moosbrunn, Tag der offenen T\u00fcr beim ORF 1974","author":"Administrator","date":"October 16, 2015","format":false,"excerpt":"Im Jahr 1974 lud der ORF seine Zuseher und Zuh\u00f6rer zu einem Tag der offenen T\u00fcr ein. In allen Bundesl\u00e4ndern und in Wien waren technische Einrichtungen, Studios und Sendeanlagen auf den Besuch der G\u00e4ste vorbereitet. Mehr als 75.000 G\u00e4ste kamen allein ins ORF-Zentrum. Sendung: ORF-Transparent Moderator: Hans Georg Heinke Interview\u2026","rel":"","context":"In &quot;Deutsch&quot;","block_context":{"text":"Deutsch","link":"https:\/\/www.achimbrueckner.de\/dxradio\/php\/wordpress\/?cat=1"},"img":{"alt_text":"","src":"","width":0,"height":0},"classes":[]},{"id":778,"url":"https:\/\/www.achimbrueckner.de\/dxradio\/php\/wordpress\/?p=778","url_meta":{"origin":37977,"position":3},"title":"RTBFi verl\u00e4sst Kurzwelle","author":"Administrator","date":"December 19, 2009","format":false,"excerpt":"Zum Jahresende verabschiedet sich Belgien komplett von der Kurzwelle, das franz\u00f6sischsprachige Programm RTBFi wird dann nicht mehr \u00fcber die Sendestation Wavre ausgestrahlt. Bis zu diesem Datum werden auf KW die Frequenzen 9970 kHz und 9925 kHz (DRM) eingesetzt. Auch 2010 kann man das Programm aber im Internet, in Kinshasa auf\u2026","rel":"","context":"In &quot;Deutsch&quot;","block_context":{"text":"Deutsch","link":"https:\/\/www.achimbrueckner.de\/dxradio\/php\/wordpress\/?cat=1"},"img":{"alt_text":"","src":"","width":0,"height":0},"classes":[]},{"id":8986,"url":"https:\/\/www.achimbrueckner.de\/dxradio\/php\/wordpress\/?p=8986","url_meta":{"origin":37977,"position":4},"title":"RV: Latein-Messe und Rosenkranz nicht mehr auf Kurzwelle","author":"Administrator","date":"July 31, 2016","format":false,"excerpt":"http:\/\/de.radiovaticana.va\/news\/2016\/07\/30\/rv_latein-messe_und_rosenkranz_nicht_mehr_auf_kurzwelle\/1248030","rel":"","context":"In &quot;Deutsch&quot;","block_context":{"text":"Deutsch","link":"https:\/\/www.achimbrueckner.de\/dxradio\/php\/wordpress\/?cat=1"},"img":{"alt_text":"","src":"","width":0,"height":0},"classes":[]},{"id":10099,"url":"https:\/\/www.achimbrueckner.de\/dxradio\/php\/wordpress\/?p=10099","url_meta":{"origin":37977,"position":5},"title":"80 Jahre Radio Prag \u2013 Sondersendung auf Kurzwelle","author":"Administrator","date":"August 26, 2016","format":false,"excerpt":"Am Mittwoch, den 31.08.2016, feiert Radio Prag seinen 80. Geburtstag. Der Shortwaveservice und einige Spender (Danke!), denen Radio Prag ebenfalls sehr am Herzen liegt, bringen den tschechischen Auslandsdienst an diesem Tag zur\u00fcck auf Kurzwelle \u2013 und zwar voraussichtlich zu folgenden Zeiten: 1630-1700 UTC on 9535 kHz towards 42\u00b0 Russia (Russisch)*\u2026","rel":"","context":"In &quot;Deutsch&quot;","block_context":{"text":"Deutsch","link":"https:\/\/www.achimbrueckner.de\/dxradio\/php\/wordpress\/?cat=1"},"img":{"alt_text":"","src":"","width":0,"height":0},"classes":[]}],"_links":{"self":[{"href":"https:\/\/www.achimbrueckner.de\/dxradio\/php\/wordpress\/index.php?rest_route=\/wp\/v2\/posts\/37977","targetHints":{"allow":["GET"]}}],"collection":[{"href":"https:\/\/www.achimbrueckner.de\/dxradio\/php\/wordpress\/index.php?rest_route=\/wp\/v2\/posts"}],"about":[{"href":"https:\/\/www.achimbrueckner.de\/dxradio\/php\/wordpress\/index.php?rest_route=\/wp\/v2\/types\/post"}],"author":[{"embeddable":true,"href":"https:\/\/www.achimbrueckner.de\/dxradio\/php\/wordpress\/index.php?rest_route=\/wp\/v2\/users\/1"}],"replies":[{"embeddable":true,"href":"https:\/\/www.achimbrueckner.de\/dxradio\/php\/wordpress\/index.php?rest_route=%2Fwp%2Fv2%2Fcomments&post=37977"}],"version-history":[{"count":0,"href":"https:\/\/www.achimbrueckner.de\/dxradio\/php\/wordpress\/index.php?rest_route=\/wp\/v2\/posts\/37977\/revisions"}],"wp:attachment":[{"href":"https:\/\/www.achimbrueckner.de\/dxradio\/php\/wordpress\/index.php?rest_route=%2Fwp%2Fv2%2Fmedia&parent=37977"}],"wp:term":[{"taxonomy":"category","embeddable":true,"href":"https:\/\/www.achimbrueckner.de\/dxradio\/php\/wordpress\/index.php?rest_route=%2Fwp%2Fv2%2Fcategories&post=37977"},{"taxonomy":"post_tag","embeddable":true,"href":"https:\/\/www.achimbrueckner.de\/dxradio\/php\/wordpress\/index.php?rest_route=%2Fwp%2Fv2%2Ftags&post=37977"}],"curies":[{"name":"wp","href":"https:\/\/api.w.org\/{rel}","templated":true}]}}