{"id":37993,"date":"2022-11-23T15:46:06","date_gmt":"2022-11-23T15:46:06","guid":{"rendered":"https:\/\/www.achimbrueckner.de\/dxradio\/php\/wordpress\/?p=37993"},"modified":"2022-11-23T15:46:06","modified_gmt":"2022-11-23T15:46:06","slug":"reingehort-test-fur-regionalen-dab-multiplex-in-baden-wurttemberg","status":"publish","type":"post","link":"https:\/\/www.achimbrueckner.de\/dxradio\/php\/wordpress\/?p=37993","title":{"rendered":"Reingeh\u00f6rt: Test f\u00fcr regionalen DAB+-Multiplex in Baden-W\u00fcrttemberg"},"content":{"rendered":"<p><a href=\"https:\/\/www.radioblog.eu\/2022\/11\/23\/reingehoert-test-fuer-regionalen-dab-multiplex-in-baden-wuerttemberg\/\" rel=\"noopener\" target=\"_blank\">https:\/\/www.radioblog.eu\/2022\/11\/23\/reingehoert-test-fuer-regionalen-dab-multiplex-in-baden-wuerttemberg\/<\/a><\/p>\n","protected":false},"excerpt":{"rendered":"<p>https:\/\/www.radioblog.eu\/2022\/11\/23\/reingehoert-test-fuer-regionalen-dab-multiplex-in-baden-wuerttemberg\/<\/p>\n","protected":false},"author":1,"featured_media":0,"comment_status":"closed","ping_status":"open","sticky":false,"template":"","format":"standard","meta":{"_jetpack_memberships_contains_paid_content":false,"footnotes":"","jetpack_publicize_message":"","jetpack_publicize_feature_enabled":true,"jetpack_social_post_already_shared":true,"jetpack_social_options":{"image_generator_settings":{"template":"highway","default_image_id":0,"font":"","enabled":false},"version":2}},"categories":[1],"tags":[],"class_list":["post-37993","post","type-post","status-publish","format-standard","hentry","category-deutsch"],"jetpack_publicize_connections":[],"jetpack_featured_media_url":"","jetpack_sharing_enabled":true,"jetpack_shortlink":"https:\/\/wp.me\/p5CDmr-9SN","jetpack-related-posts":[{"id":31182,"url":"https:\/\/www.achimbrueckner.de\/dxradio\/php\/wordpress\/?p=31182","url_meta":{"origin":37993,"position":0},"title":"Media Broadcast startet regionalen DAB+ Multiplex auf Sylt","author":"Administrator","date":"December 16, 2020","format":false,"excerpt":"https:\/\/www.media-broadcast.com\/media-broadcast-startet-regionalen-dab-multiplex-auf-sylt\/","rel":"","context":"In &quot;Deutsch&quot;","block_context":{"text":"Deutsch","link":"https:\/\/www.achimbrueckner.de\/dxradio\/php\/wordpress\/?cat=1"},"img":{"alt_text":"","src":"","width":0,"height":0},"classes":[]},{"id":23696,"url":"https:\/\/www.achimbrueckner.de\/dxradio\/php\/wordpress\/?p=23696","url_meta":{"origin":37993,"position":1},"title":"DAB+ in Baden-W\u00fcrttemberg: LFK verl\u00e4ngert Bedarf f\u00fcr landesweiten DAB+ Multiplex bis 2026","author":"Administrator","date":"July 8, 2019","format":false,"excerpt":"https:\/\/www.dabplus.de\/2019\/07\/08\/dab-in-baden-wuerttemberg-lfk-verlaengert-bedarf-fuer-landesweiten-dab-multiplex-bis-2026\/","rel":"","context":"In &quot;Deutsch&quot;","block_context":{"text":"Deutsch","link":"https:\/\/www.achimbrueckner.de\/dxradio\/php\/wordpress\/?cat=1"},"img":{"alt_text":"","src":"","width":0,"height":0},"classes":[]},{"id":37667,"url":"https:\/\/www.achimbrueckner.de\/dxradio\/php\/wordpress\/?p=37667","url_meta":{"origin":37993,"position":2},"title":"Baden-W\u00fcrttemberg: Freie Radios fordern eigenen DAB+-Multiplex","author":"Administrator","date":"October 12, 2022","format":false,"excerpt":"https:\/\/www.satellifax.de\/mlesen.php?id=637c8fdbb02de57915ada8c6a7fe6e70","rel":"","context":"In &quot;Deutsch&quot;","block_context":{"text":"Deutsch","link":"https:\/\/www.achimbrueckner.de\/dxradio\/php\/wordpress\/?cat=1"},"img":{"alt_text":"","src":"","width":0,"height":0},"classes":[]},{"id":35467,"url":"https:\/\/www.achimbrueckner.de\/dxradio\/php\/wordpress\/?p=35467","url_meta":{"origin":37993,"position":3},"title":"Lokaler DAB+-Test-Multiplex in Hannover","author":"Administrator","date":"March 30, 2022","format":false,"excerpt":"https:\/\/www.smartphonefan.de\/2022\/03\/30\/lokaler-dab-test-multiplex-in-hannover\/","rel":"","context":"In &quot;Deutsch&quot;","block_context":{"text":"Deutsch","link":"https:\/\/www.achimbrueckner.de\/dxradio\/php\/wordpress\/?cat=1"},"img":{"alt_text":"","src":"","width":0,"height":0},"classes":[]},{"id":44967,"url":"https:\/\/www.achimbrueckner.de\/dxradio\/php\/wordpress\/?p=44967","url_meta":{"origin":37993,"position":4},"title":"Irland: F\u00e1ilteDAB verl\u00e4ngert DAB+ Test und startet zweiten Multiplex","author":"Administrator","date":"February 4, 2026","format":false,"excerpt":"https:\/\/www.radioblog.eu\/2026\/02\/03\/irland-failtedab-verlaengert-dab-test-und-startet-zweiten-multiplex\/","rel":"","context":"In &quot;Deutsch&quot;","block_context":{"text":"Deutsch","link":"https:\/\/www.achimbrueckner.de\/dxradio\/php\/wordpress\/?cat=1"},"img":{"alt_text":"","src":"","width":0,"height":0},"classes":[]},{"id":16782,"url":"https:\/\/www.achimbrueckner.de\/dxradio\/php\/wordpress\/?p=16782","url_meta":{"origin":37993,"position":5},"title":"BR konkretisiert Ausbau des regionalen DAB+ Angebots ab Juli 2018","author":"Administrator","date":"March 6, 2018","format":false,"excerpt":"https:\/\/www.infosat.de\/radio\/br-konkretisiert-ausbau-des-regionalen-dab-angebots-ab-juli-2018","rel":"","context":"In &quot;Deutsch&quot;","block_context":{"text":"Deutsch","link":"https:\/\/www.achimbrueckner.de\/dxradio\/php\/wordpress\/?cat=1"},"img":{"alt_text":"","src":"","width":0,"height":0},"classes":[]}],"_links":{"self":[{"href":"https:\/\/www.achimbrueckner.de\/dxradio\/php\/wordpress\/index.php?rest_route=\/wp\/v2\/posts\/37993","targetHints":{"allow":["GET"]}}],"collection":[{"href":"https:\/\/www.achimbrueckner.de\/dxradio\/php\/wordpress\/index.php?rest_route=\/wp\/v2\/posts"}],"about":[{"href":"https:\/\/www.achimbrueckner.de\/dxradio\/php\/wordpress\/index.php?rest_route=\/wp\/v2\/types\/post"}],"author":[{"embeddable":true,"href":"https:\/\/www.achimbrueckner.de\/dxradio\/php\/wordpress\/index.php?rest_route=\/wp\/v2\/users\/1"}],"replies":[{"embeddable":true,"href":"https:\/\/www.achimbrueckner.de\/dxradio\/php\/wordpress\/index.php?rest_route=%2Fwp%2Fv2%2Fcomments&post=37993"}],"version-history":[{"count":0,"href":"https:\/\/www.achimbrueckner.de\/dxradio\/php\/wordpress\/index.php?rest_route=\/wp\/v2\/posts\/37993\/revisions"}],"wp:attachment":[{"href":"https:\/\/www.achimbrueckner.de\/dxradio\/php\/wordpress\/index.php?rest_route=%2Fwp%2Fv2%2Fmedia&parent=37993"}],"wp:term":[{"taxonomy":"category","embeddable":true,"href":"https:\/\/www.achimbrueckner.de\/dxradio\/php\/wordpress\/index.php?rest_route=%2Fwp%2Fv2%2Fcategories&post=37993"},{"taxonomy":"post_tag","embeddable":true,"href":"https:\/\/www.achimbrueckner.de\/dxradio\/php\/wordpress\/index.php?rest_route=%2Fwp%2Fv2%2Ftags&post=37993"}],"curies":[{"name":"wp","href":"https:\/\/api.w.org\/{rel}","templated":true}]}}