{"id":38,"date":"2006-05-03T20:32:50","date_gmt":"2006-05-03T20:32:50","guid":{"rendered":"https:\/\/www.achimbrueckner.de\/dxradio\/php\/wordpress\/?p=38"},"modified":"2006-05-03T20:32:50","modified_gmt":"2006-05-03T20:32:50","slug":"bbc-relay-sudafrika","status":"publish","type":"post","link":"https:\/\/www.achimbrueckner.de\/dxradio\/php\/wordpress\/?p=38","title":{"rendered":"BBC Relay S\u00fcdafrika"},"content":{"rendered":"<p>Das BBC Relay Meyerton in S\u00fcdafrika ist um 2030 Utc auf 6135 Khz mit O=3 aufzunehmen. Die Frequenz ist st\u00f6rungsfrei, zu h\u00f6ren sind der Big Ben gefolgt von Nachrichten in Portugiesisch.<\/p>\n","protected":false},"excerpt":{"rendered":"<p>Das BBC Relay Meyerton in S\u00fcdafrika ist um 2030 Utc auf 6135 Khz mit O=3 aufzunehmen. Die Frequenz ist st\u00f6rungsfrei, zu h\u00f6ren sind der Big Ben gefolgt von Nachrichten in Portugiesisch.<\/p>\n","protected":false},"author":1,"featured_media":0,"comment_status":"open","ping_status":"open","sticky":false,"template":"","format":"standard","meta":{"_jetpack_memberships_contains_paid_content":false,"footnotes":"","jetpack_publicize_message":"","jetpack_publicize_feature_enabled":true,"jetpack_social_post_already_shared":false,"jetpack_social_options":{"image_generator_settings":{"template":"highway","default_image_id":0,"font":"","enabled":false},"version":2}},"categories":[3],"tags":[],"class_list":["post-38","post","type-post","status-publish","format-standard","hentry","category-empfang"],"jetpack_publicize_connections":[],"jetpack_featured_media_url":"","jetpack_sharing_enabled":true,"jetpack_shortlink":"https:\/\/wp.me\/p5CDmr-C","jetpack-related-posts":[{"id":24,"url":"https:\/\/www.achimbrueckner.de\/dxradio\/php\/wordpress\/?p=24","url_meta":{"origin":38,"position":0},"title":"Voice of Nigeria auf 7255 Khz","author":"Administrator","date":"September 30, 2005","format":false,"excerpt":"Die Voice of Nigeria ist um 2045 Utc auf 7255 Khz in Englisch mit O=2\/3 zu empfangen. Die Frequenz ist frei, die Verst\u00e4ndlichkeit leidet aber etwas wegen der Modulation. \u00dcberhaupt sind gute Afrika-Bedingungen heute gegen 2000 Utc im 41m Band. Das Relay in Meyerton\/S\u00fcdafrika kommt auf 7160 Khz mit RFI\u2026","rel":"","context":"In &quot;Empfang&quot;","block_context":{"text":"Empfang","link":"https:\/\/www.achimbrueckner.de\/dxradio\/php\/wordpress\/?cat=3"},"img":{"alt_text":"","src":"","width":0,"height":0},"classes":[]},{"id":21,"url":"https:\/\/www.achimbrueckner.de\/dxradio\/php\/wordpress\/?p=21","url_meta":{"origin":38,"position":1},"title":"Channel Africa auf 15235 Khz","author":"Administrator","date":"September 30, 2005","format":false,"excerpt":"Channel Africa aus S\u00fcdafrika ist um 1700 Utc in Englisch auf 15235 Khz zu h\u00f6ren. Der Empfang ist mit O=4 ausgezeichnet.","rel":"","context":"In &quot;Empfang&quot;","block_context":{"text":"Empfang","link":"https:\/\/www.achimbrueckner.de\/dxradio\/php\/wordpress\/?cat=3"},"img":{"alt_text":"","src":"","width":0,"height":0},"classes":[]},{"id":10641,"url":"https:\/\/www.achimbrueckner.de\/dxradio\/php\/wordpress\/?p=10641","url_meta":{"origin":38,"position":2},"title":"S\u00fcdafrika und die Medien: In der Vergangenheit gefangen","author":"Administrator","date":"October 8, 2016","format":false,"excerpt":"http:\/\/www.dwdl.de\/magazin\/57976\/suedafrika_und_die_medien_in_der_vergangenheit_gefangen\/","rel":"","context":"In &quot;Deutsch&quot;","block_context":{"text":"Deutsch","link":"https:\/\/www.achimbrueckner.de\/dxradio\/php\/wordpress\/?cat=1"},"img":{"alt_text":"","src":"","width":0,"height":0},"classes":[]},{"id":22322,"url":"https:\/\/www.achimbrueckner.de\/dxradio\/php\/wordpress\/?p=22322","url_meta":{"origin":38,"position":3},"title":"S\u00fcdafrika Kurzwellenstation Meyerton wird abgeschaltet","author":"Administrator","date":"March 23, 2019","format":false,"excerpt":"https:\/\/www.radioeins.de\/programm\/sendungen\/medienmagazin\/radio_news\/beitraege\/2019\/suedafrika.html","rel":"","context":"In &quot;Deutsch&quot;","block_context":{"text":"Deutsch","link":"https:\/\/www.achimbrueckner.de\/dxradio\/php\/wordpress\/?cat=1"},"img":{"alt_text":"","src":"","width":0,"height":0},"classes":[]},{"id":22506,"url":"https:\/\/www.achimbrueckner.de\/dxradio\/php\/wordpress\/?p=22506","url_meta":{"origin":38,"position":4},"title":"Sender Meyerton Kurzwelle in S\u00fcdafrika abgeschaltet","author":"Administrator","date":"March 31, 2019","format":false,"excerpt":"https:\/\/www.radioeins.de\/programm\/sendungen\/medienmagazin\/radio_news\/beitraege\/2019\/suedafrika.html","rel":"","context":"In &quot;Deutsch&quot;","block_context":{"text":"Deutsch","link":"https:\/\/www.achimbrueckner.de\/dxradio\/php\/wordpress\/?cat=1"},"img":{"alt_text":"","src":"","width":0,"height":0},"classes":[]},{"id":44882,"url":"https:\/\/www.achimbrueckner.de\/dxradio\/php\/wordpress\/?p=44882","url_meta":{"origin":38,"position":5},"title":"S\u00fcdafrika: Tests mit DRM+ vor dem Start","author":"Administrator","date":"January 24, 2026","format":false,"excerpt":"https:\/\/www.radioblog.eu\/2026\/01\/24\/suedafrika-tests-mit-drm-vor-dem-start\/","rel":"","context":"In &quot;Deutsch&quot;","block_context":{"text":"Deutsch","link":"https:\/\/www.achimbrueckner.de\/dxradio\/php\/wordpress\/?cat=1"},"img":{"alt_text":"","src":"","width":0,"height":0},"classes":[]}],"_links":{"self":[{"href":"https:\/\/www.achimbrueckner.de\/dxradio\/php\/wordpress\/index.php?rest_route=\/wp\/v2\/posts\/38","targetHints":{"allow":["GET"]}}],"collection":[{"href":"https:\/\/www.achimbrueckner.de\/dxradio\/php\/wordpress\/index.php?rest_route=\/wp\/v2\/posts"}],"about":[{"href":"https:\/\/www.achimbrueckner.de\/dxradio\/php\/wordpress\/index.php?rest_route=\/wp\/v2\/types\/post"}],"author":[{"embeddable":true,"href":"https:\/\/www.achimbrueckner.de\/dxradio\/php\/wordpress\/index.php?rest_route=\/wp\/v2\/users\/1"}],"replies":[{"embeddable":true,"href":"https:\/\/www.achimbrueckner.de\/dxradio\/php\/wordpress\/index.php?rest_route=%2Fwp%2Fv2%2Fcomments&post=38"}],"version-history":[{"count":0,"href":"https:\/\/www.achimbrueckner.de\/dxradio\/php\/wordpress\/index.php?rest_route=\/wp\/v2\/posts\/38\/revisions"}],"wp:attachment":[{"href":"https:\/\/www.achimbrueckner.de\/dxradio\/php\/wordpress\/index.php?rest_route=%2Fwp%2Fv2%2Fmedia&parent=38"}],"wp:term":[{"taxonomy":"category","embeddable":true,"href":"https:\/\/www.achimbrueckner.de\/dxradio\/php\/wordpress\/index.php?rest_route=%2Fwp%2Fv2%2Fcategories&post=38"},{"taxonomy":"post_tag","embeddable":true,"href":"https:\/\/www.achimbrueckner.de\/dxradio\/php\/wordpress\/index.php?rest_route=%2Fwp%2Fv2%2Ftags&post=38"}],"curies":[{"name":"wp","href":"https:\/\/api.w.org\/{rel}","templated":true}]}}