{"id":38057,"date":"2022-11-29T16:16:53","date_gmt":"2022-11-29T16:16:53","guid":{"rendered":"https:\/\/www.achimbrueckner.de\/dxradio\/php\/wordpress\/?p=38057"},"modified":"2022-11-29T16:16:53","modified_gmt":"2022-11-29T16:16:53","slug":"djibouti-auf-mittelwelle","status":"publish","type":"post","link":"https:\/\/www.achimbrueckner.de\/dxradio\/php\/wordpress\/?p=38057","title":{"rendered":"Djibouti auf Mittelwelle"},"content":{"rendered":"<p>Djibouti auf Mittelwelle<br \/>\nDie Voice of America ist \u00fcber den Mittelwellensender in Doraleh &#8211; Djibouti mit guter Antenne v\u00f6llig st\u00f6rungsfrei entlang der Greyline gegen 1545 UT auf 1431 kHz zu h\u00f6ren.<\/p>\n<p>Info via A-DX Facebook<\/p>\n","protected":false},"excerpt":{"rendered":"<p>Djibouti auf Mittelwelle Die Voice of America ist \u00fcber den Mittelwellensender in Doraleh &#8211; Djibouti mit guter Antenne v\u00f6llig st\u00f6rungsfrei entlang der Greyline gegen 1545 UT auf 1431 kHz zu h\u00f6ren. Info via A-DX Facebook<\/p>\n","protected":false},"author":1,"featured_media":0,"comment_status":"closed","ping_status":"open","sticky":false,"template":"","format":"standard","meta":{"_jetpack_memberships_contains_paid_content":false,"footnotes":"","jetpack_publicize_message":"","jetpack_publicize_feature_enabled":true,"jetpack_social_post_already_shared":true,"jetpack_social_options":{"image_generator_settings":{"template":"highway","default_image_id":0,"font":"","enabled":false},"version":2}},"categories":[1],"tags":[],"class_list":["post-38057","post","type-post","status-publish","format-standard","hentry","category-deutsch"],"jetpack_publicize_connections":[],"jetpack_featured_media_url":"","jetpack_sharing_enabled":true,"jetpack_shortlink":"https:\/\/wp.me\/p5CDmr-9TP","jetpack-related-posts":[{"id":45107,"url":"https:\/\/www.achimbrueckner.de\/dxradio\/php\/wordpress\/?p=45107","url_meta":{"origin":38057,"position":0},"title":"MEDIUMWAVE RECEPTION &#8211; Djibouti Radio &#8211; 1538 kHz in 1972","author":"Administrator","date":"February 23, 2026","format":false,"excerpt":"https:\/\/www.youtube.com\/watch?v=6bvvAgAyVTw","rel":"","context":"In &quot;English&quot;","block_context":{"text":"English","link":"https:\/\/www.achimbrueckner.de\/dxradio\/php\/wordpress\/?cat=2"},"img":{"alt_text":"","src":"","width":0,"height":0},"classes":[]},{"id":1502,"url":"https:\/\/www.achimbrueckner.de\/dxradio\/php\/wordpress\/?p=1502","url_meta":{"origin":38057,"position":1},"title":"Radioh\u00f6ren auf Lang- und Mittelwelle","author":"Administrator","date":"April 26, 2011","format":false,"excerpt":"Radioh\u00f6ren auf Lang- und Mittelwelle http:\/\/www.rein-hoeren.de\/content\/radioh%C3%B6ren-auf-lang-und-mittelwelle","rel":"","context":"In &quot;Deutsch&quot;","block_context":{"text":"Deutsch","link":"https:\/\/www.achimbrueckner.de\/dxradio\/php\/wordpress\/?cat=1"},"img":{"alt_text":"","src":"","width":0,"height":0},"classes":[]},{"id":1882,"url":"https:\/\/www.achimbrueckner.de\/dxradio\/php\/wordpress\/?p=1882","url_meta":{"origin":38057,"position":2},"title":"ERF beendet Ausstrahlung auf Mittelwelle und DVB-T","author":"Administrator","date":"November 2, 2011","format":false,"excerpt":"ERF beendet Ausstrahlung auf Mittelwelle und DVB-T http:\/\/radiowoche.de\/meldungen\/1\/11028\/erf-beendet-ausstrahlung-auf-mittelwelle-und-dvb-t\/","rel":"","context":"In &quot;Deutsch&quot;","block_context":{"text":"Deutsch","link":"https:\/\/www.achimbrueckner.de\/dxradio\/php\/wordpress\/?cat=1"},"img":{"alt_text":"","src":"","width":0,"height":0},"classes":[]},{"id":1717,"url":"https:\/\/www.achimbrueckner.de\/dxradio\/php\/wordpress\/?p=1717","url_meta":{"origin":38057,"position":3},"title":"ERF Medien startet erfolgreich auf DAB+ &#8211; Digitales Radio wird Mittelwelle ersetzen","author":"Administrator","date":"August 1, 2011","format":false,"excerpt":"ERF Medien startet erfolgreich auf DAB+ - Digitales Radio wird Mittelwelle ersetzen http:\/\/www.radiowoche.de\/meldungen\/1\/10766\/erf-medien-startet-erfolgreich-auf-dabdigitales-radio-wird-mittelwelle-ersetzen\/","rel":"","context":"In &quot;Deutsch&quot;","block_context":{"text":"Deutsch","link":"https:\/\/www.achimbrueckner.de\/dxradio\/php\/wordpress\/?cat=1"},"img":{"alt_text":"","src":"","width":0,"height":0},"classes":[]},{"id":7123,"url":"https:\/\/www.achimbrueckner.de\/dxradio\/php\/wordpress\/?p=7123","url_meta":{"origin":38057,"position":4},"title":"Auf Wiederh\u00f6ren, Mittelwelle","author":"Administrator","date":"December 31, 2015","format":false,"excerpt":"https:\/\/smartphonefan.wordpress.com\/2015\/12\/31\/auf-wiederhoeren-mittelwelle\/","rel":"","context":"In &quot;Deutsch&quot;","block_context":{"text":"Deutsch","link":"https:\/\/www.achimbrueckner.de\/dxradio\/php\/wordpress\/?cat=1"},"img":{"alt_text":"","src":"","width":0,"height":0},"classes":[]},{"id":26363,"url":"https:\/\/www.achimbrueckner.de\/dxradio\/php\/wordpress\/?p=26363","url_meta":{"origin":38057,"position":5},"title":"\u00d6sterreich: Museumsradio auf Mittelwelle geplant","author":"Administrator","date":"December 26, 2019","format":false,"excerpt":"http:\/\/www.radiowoche.de\/oesterreich-museumsradio-auf-mittelwelle-geplant\/","rel":"","context":"In &quot;Deutsch&quot;","block_context":{"text":"Deutsch","link":"https:\/\/www.achimbrueckner.de\/dxradio\/php\/wordpress\/?cat=1"},"img":{"alt_text":"","src":"","width":0,"height":0},"classes":[]}],"_links":{"self":[{"href":"https:\/\/www.achimbrueckner.de\/dxradio\/php\/wordpress\/index.php?rest_route=\/wp\/v2\/posts\/38057","targetHints":{"allow":["GET"]}}],"collection":[{"href":"https:\/\/www.achimbrueckner.de\/dxradio\/php\/wordpress\/index.php?rest_route=\/wp\/v2\/posts"}],"about":[{"href":"https:\/\/www.achimbrueckner.de\/dxradio\/php\/wordpress\/index.php?rest_route=\/wp\/v2\/types\/post"}],"author":[{"embeddable":true,"href":"https:\/\/www.achimbrueckner.de\/dxradio\/php\/wordpress\/index.php?rest_route=\/wp\/v2\/users\/1"}],"replies":[{"embeddable":true,"href":"https:\/\/www.achimbrueckner.de\/dxradio\/php\/wordpress\/index.php?rest_route=%2Fwp%2Fv2%2Fcomments&post=38057"}],"version-history":[{"count":0,"href":"https:\/\/www.achimbrueckner.de\/dxradio\/php\/wordpress\/index.php?rest_route=\/wp\/v2\/posts\/38057\/revisions"}],"wp:attachment":[{"href":"https:\/\/www.achimbrueckner.de\/dxradio\/php\/wordpress\/index.php?rest_route=%2Fwp%2Fv2%2Fmedia&parent=38057"}],"wp:term":[{"taxonomy":"category","embeddable":true,"href":"https:\/\/www.achimbrueckner.de\/dxradio\/php\/wordpress\/index.php?rest_route=%2Fwp%2Fv2%2Fcategories&post=38057"},{"taxonomy":"post_tag","embeddable":true,"href":"https:\/\/www.achimbrueckner.de\/dxradio\/php\/wordpress\/index.php?rest_route=%2Fwp%2Fv2%2Ftags&post=38057"}],"curies":[{"name":"wp","href":"https:\/\/api.w.org\/{rel}","templated":true}]}}