{"id":38097,"date":"2022-12-03T09:56:53","date_gmt":"2022-12-03T09:56:53","guid":{"rendered":"https:\/\/www.achimbrueckner.de\/dxradio\/php\/wordpress\/?p=38097"},"modified":"2022-12-03T09:56:53","modified_gmt":"2022-12-03T09:56:53","slug":"dab-r-sa-ist-der-grose-verlierer-in-sachsen","status":"publish","type":"post","link":"https:\/\/www.achimbrueckner.de\/dxradio\/php\/wordpress\/?p=38097","title":{"rendered":"DAB+: R.SA ist der gro\u00dfe Verlierer in Sachsen"},"content":{"rendered":"<p><a href=\"https:\/\/www.radioblog.eu\/2022\/12\/03\/dab-r-sa-ist-der-grosse-verlierer-in-sachsen\/\" rel=\"noopener\" target=\"_blank\">https:\/\/www.radioblog.eu\/2022\/12\/03\/dab-r-sa-ist-der-grosse-verlierer-in-sachsen\/<\/a><\/p>\n","protected":false},"excerpt":{"rendered":"<p>https:\/\/www.radioblog.eu\/2022\/12\/03\/dab-r-sa-ist-der-grosse-verlierer-in-sachsen\/<\/p>\n","protected":false},"author":1,"featured_media":0,"comment_status":"closed","ping_status":"open","sticky":false,"template":"","format":"standard","meta":{"_jetpack_memberships_contains_paid_content":false,"footnotes":"","jetpack_publicize_message":"","jetpack_publicize_feature_enabled":true,"jetpack_social_post_already_shared":true,"jetpack_social_options":{"image_generator_settings":{"template":"highway","default_image_id":0,"font":"","enabled":false},"version":2}},"categories":[1],"tags":[],"class_list":["post-38097","post","type-post","status-publish","format-standard","hentry","category-deutsch"],"jetpack_publicize_connections":[],"jetpack_featured_media_url":"","jetpack_sharing_enabled":true,"jetpack_shortlink":"https:\/\/wp.me\/p5CDmr-9Ut","jetpack-related-posts":[{"id":36451,"url":"https:\/\/www.achimbrueckner.de\/dxradio\/php\/wordpress\/?p=36451","url_meta":{"origin":38097,"position":0},"title":"Sachsen bekommt gro\u00dfe Programmvielfalt auf DAB+","author":"Administrator","date":"June 2, 2022","format":false,"excerpt":"https:\/\/www.radioblog.eu\/2022\/06\/02\/sachsen-bekommt-grosse-programmvielfalt-auf-dab\/","rel":"","context":"In &quot;Deutsch&quot;","block_context":{"text":"Deutsch","link":"https:\/\/www.achimbrueckner.de\/dxradio\/php\/wordpress\/?cat=1"},"img":{"alt_text":"","src":"","width":0,"height":0},"classes":[]},{"id":29695,"url":"https:\/\/www.achimbrueckner.de\/dxradio\/php\/wordpress\/?p=29695","url_meta":{"origin":38097,"position":1},"title":"Die Hiobsbotschaften rei\u00dfen nicht ab Das Kino ist der gro\u00dfe Verlierer in der Corona-Krise","author":"Administrator","date":"August 6, 2020","format":false,"excerpt":"https:\/\/www.dwdl.de\/magazin\/78812\/das_kino_ist_der_grosse_verlierer_in_der_coronakrise_\/","rel":"","context":"In &quot;Deutsch&quot;","block_context":{"text":"Deutsch","link":"https:\/\/www.achimbrueckner.de\/dxradio\/php\/wordpress\/?cat=1"},"img":{"alt_text":"","src":"","width":0,"height":0},"classes":[]},{"id":21173,"url":"https:\/\/www.achimbrueckner.de\/dxradio\/php\/wordpress\/?p=21173","url_meta":{"origin":38097,"position":2},"title":"Weniger wichtig: Facebook ist der Verlierer des Reuters-Medien-Trend-Reports 2019","author":"Administrator","date":"January 27, 2019","format":false,"excerpt":"https:\/\/kress.de\/news\/detail\/beitrag\/141987-weniger-wichtig-facebook-ist-der-verlierer-des-reuters-medien-trend-reports-2019.html","rel":"","context":"In &quot;Deutsch&quot;","block_context":{"text":"Deutsch","link":"https:\/\/www.achimbrueckner.de\/dxradio\/php\/wordpress\/?cat=1"},"img":{"alt_text":"","src":"","width":0,"height":0},"classes":[]},{"id":44125,"url":"https:\/\/www.achimbrueckner.de\/dxradio\/php\/wordpress\/?p=44125","url_meta":{"origin":38097,"position":3},"title":"DAB+ DX auf Gran Canaria: Gro\u00dfe Programmvielfalt an der Westk\u00fcste","author":"Administrator","date":"October 26, 2025","format":false,"excerpt":"https:\/\/www.radioblog.eu\/2025\/10\/25\/dab-dx-auf-gran-canaria-grosse-programmvielfalt-an-der-westkueste\/","rel":"","context":"In &quot;Deutsch&quot;","block_context":{"text":"Deutsch","link":"https:\/\/www.achimbrueckner.de\/dxradio\/php\/wordpress\/?cat=1"},"img":{"alt_text":"","src":"","width":0,"height":0},"classes":[]},{"id":42308,"url":"https:\/\/www.achimbrueckner.de\/dxradio\/php\/wordpress\/?p=42308","url_meta":{"origin":38097,"position":4},"title":"DAB+ in der Lombardei: Das ist neu bei MediaDAB, SpaceDAB und DRG DAB","author":"Administrator","date":"March 5, 2025","format":false,"excerpt":"https:\/\/www.radioblog.eu\/2025\/03\/05\/dab-in-der-lombardei-das-ist-neu-bei-mediadab-spacedab-und-drg-dab\/","rel":"","context":"In &quot;Deutsch&quot;","block_context":{"text":"Deutsch","link":"https:\/\/www.achimbrueckner.de\/dxradio\/php\/wordpress\/?cat=1"},"img":{"alt_text":"","src":"","width":0,"height":0},"classes":[]},{"id":38171,"url":"https:\/\/www.achimbrueckner.de\/dxradio\/php\/wordpress\/?p=38171","url_meta":{"origin":38097,"position":5},"title":"NDR: Gro\u00dfe DAB+-Ausbaupl\u00e4ne f\u00fcr 2023","author":"Administrator","date":"December 9, 2022","format":false,"excerpt":"https:\/\/www.radioblog.eu\/2022\/12\/09\/ndr-grosse-dab-ausbauplaene-fuer-2023\/","rel":"","context":"In &quot;Deutsch&quot;","block_context":{"text":"Deutsch","link":"https:\/\/www.achimbrueckner.de\/dxradio\/php\/wordpress\/?cat=1"},"img":{"alt_text":"","src":"","width":0,"height":0},"classes":[]}],"_links":{"self":[{"href":"https:\/\/www.achimbrueckner.de\/dxradio\/php\/wordpress\/index.php?rest_route=\/wp\/v2\/posts\/38097","targetHints":{"allow":["GET"]}}],"collection":[{"href":"https:\/\/www.achimbrueckner.de\/dxradio\/php\/wordpress\/index.php?rest_route=\/wp\/v2\/posts"}],"about":[{"href":"https:\/\/www.achimbrueckner.de\/dxradio\/php\/wordpress\/index.php?rest_route=\/wp\/v2\/types\/post"}],"author":[{"embeddable":true,"href":"https:\/\/www.achimbrueckner.de\/dxradio\/php\/wordpress\/index.php?rest_route=\/wp\/v2\/users\/1"}],"replies":[{"embeddable":true,"href":"https:\/\/www.achimbrueckner.de\/dxradio\/php\/wordpress\/index.php?rest_route=%2Fwp%2Fv2%2Fcomments&post=38097"}],"version-history":[{"count":0,"href":"https:\/\/www.achimbrueckner.de\/dxradio\/php\/wordpress\/index.php?rest_route=\/wp\/v2\/posts\/38097\/revisions"}],"wp:attachment":[{"href":"https:\/\/www.achimbrueckner.de\/dxradio\/php\/wordpress\/index.php?rest_route=%2Fwp%2Fv2%2Fmedia&parent=38097"}],"wp:term":[{"taxonomy":"category","embeddable":true,"href":"https:\/\/www.achimbrueckner.de\/dxradio\/php\/wordpress\/index.php?rest_route=%2Fwp%2Fv2%2Fcategories&post=38097"},{"taxonomy":"post_tag","embeddable":true,"href":"https:\/\/www.achimbrueckner.de\/dxradio\/php\/wordpress\/index.php?rest_route=%2Fwp%2Fv2%2Ftags&post=38097"}],"curies":[{"name":"wp","href":"https:\/\/api.w.org\/{rel}","templated":true}]}}