{"id":38132,"date":"2022-12-06T16:07:19","date_gmt":"2022-12-06T16:07:19","guid":{"rendered":"https:\/\/www.achimbrueckner.de\/dxradio\/php\/wordpress\/?p=38132"},"modified":"2022-12-06T16:07:19","modified_gmt":"2022-12-06T16:07:19","slug":"brasilien-radio-nacional-da-amazonia","status":"publish","type":"post","link":"https:\/\/www.achimbrueckner.de\/dxradio\/php\/wordpress\/?p=38132","title":{"rendered":"Brasilien R\u00e1dio Nacional da Amaz\u00f4nia"},"content":{"rendered":"<p>Brasilien<br \/>\nR\u00e1dio Nacional da Amaz\u00f4nia aus Bras\u00edlia ist mit guter Signalst\u00e4rke gegen 2140 UT auf 6180 kHz zu h\u00f6ren. Danke an OM Ewald f\u00fcr den Hinweis in unserer A-DX Mailingliste.<\/p>\n<p>Info via Facebook<\/p>\n","protected":false},"excerpt":{"rendered":"<p>Brasilien R\u00e1dio Nacional da Amaz\u00f4nia aus Bras\u00edlia ist mit guter Signalst\u00e4rke gegen 2140 UT auf 6180 kHz zu h\u00f6ren. Danke an OM Ewald f\u00fcr den Hinweis in unserer A-DX Mailingliste. Info via Facebook<\/p>\n","protected":false},"author":1,"featured_media":0,"comment_status":"closed","ping_status":"open","sticky":false,"template":"","format":"standard","meta":{"_jetpack_memberships_contains_paid_content":false,"footnotes":"","jetpack_publicize_message":"","jetpack_publicize_feature_enabled":true,"jetpack_social_post_already_shared":true,"jetpack_social_options":{"image_generator_settings":{"template":"highway","default_image_id":0,"font":"","enabled":false},"version":2}},"categories":[1],"tags":[],"class_list":["post-38132","post","type-post","status-publish","format-standard","hentry","category-deutsch"],"jetpack_publicize_connections":[],"jetpack_featured_media_url":"","jetpack_sharing_enabled":true,"jetpack_shortlink":"https:\/\/wp.me\/p5CDmr-9V2","jetpack-related-posts":[{"id":3,"url":"https:\/\/www.achimbrueckner.de\/dxradio\/php\/wordpress\/?p=3","url_meta":{"origin":38132,"position":0},"title":"Brasilien im 25m Band","author":"Administrator","date":"September 10, 2005","format":false,"excerpt":"Nicht ganz so stark waren die Signale aus Brasilien im 25m Band. Zwei Stationen wurden gegen 0015 Utc geh\u00f6rt: 11780 Radio Nacional da Amazonia 11815 Radio Brasil Central","rel":"","context":"In &quot;Empfang&quot;","block_context":{"text":"Empfang","link":"https:\/\/www.achimbrueckner.de\/dxradio\/php\/wordpress\/?cat=3"},"img":{"alt_text":"","src":"","width":0,"height":0},"classes":[]},{"id":3243,"url":"https:\/\/www.achimbrueckner.de\/dxradio\/php\/wordpress\/?p=3243","url_meta":{"origin":38132,"position":1},"title":"WM in Brasilien QRGs","author":"Administrator","date":"June 9, 2014","format":false,"excerpt":"Die FIFA hat u.a. diejenigen Radiostationen bekannt gegeben, die offiziell die WM in Brasilien \u00fcbertragen: R\u00e1dio Nacional da Amazonia 6180, 11780 R\u00e1dio Gaucha 11915 R\u00e1dio Bandeirantes 6090, 9645, 11925 R\u00e1dio Itatiaia 5970 R\u00e1dio Clube do Para 4885 R\u00e1dio Meterologia Paulista 4845 (alle Angaben in kHz) Info via A-DX","rel":"","context":"In &quot;Deutsch&quot;","block_context":{"text":"Deutsch","link":"https:\/\/www.achimbrueckner.de\/dxradio\/php\/wordpress\/?cat=1"},"img":{"alt_text":"","src":"","width":0,"height":0},"classes":[]},{"id":33710,"url":"https:\/\/www.achimbrueckner.de\/dxradio\/php\/wordpress\/?p=33710","url_meta":{"origin":38132,"position":2},"title":"Radio Nacional da Amazonia prepares for DRM broadcasts","author":"Administrator","date":"October 5, 2021","format":false,"excerpt":"https:\/\/swling.com\/blog\/2021\/10\/radio-nacional-da-amazonia-prepares-for-drm-broadcasts\/","rel":"","context":"In &quot;English&quot;","block_context":{"text":"English","link":"https:\/\/www.achimbrueckner.de\/dxradio\/php\/wordpress\/?cat=2"},"img":{"alt_text":"","src":"","width":0,"height":0},"classes":[]},{"id":25402,"url":"https:\/\/www.achimbrueckner.de\/dxradio\/php\/wordpress\/?p=25402","url_meta":{"origin":38132,"position":3},"title":"Guest Post: Photo and Video Tour of R\u00e1dio Nacional da Amaz\u00f4nia","author":"Administrator","date":"October 20, 2019","format":false,"excerpt":"https:\/\/swling.com\/blog\/2019\/10\/guest-post-photo-and-video-tour-of-radio-nacional-da-amazonia\/","rel":"","context":"In &quot;English&quot;","block_context":{"text":"English","link":"https:\/\/www.achimbrueckner.de\/dxradio\/php\/wordpress\/?cat=2"},"img":{"alt_text":"","src":"","width":0,"height":0},"classes":[]},{"id":30226,"url":"https:\/\/www.achimbrueckner.de\/dxradio\/php\/wordpress\/?p=30226","url_meta":{"origin":38132,"position":4},"title":"Details on R\u00e1dio Nacional da Amaz\u00f4nia DRM tests","author":"Administrator","date":"September 27, 2020","format":false,"excerpt":"https:\/\/drmnainfo.blogspot.com\/2020\/09\/details-on-radio-nacional-da-amazonia.html","rel":"","context":"In &quot;English&quot;","block_context":{"text":"English","link":"https:\/\/www.achimbrueckner.de\/dxradio\/php\/wordpress\/?cat=2"},"img":{"alt_text":"","src":"","width":0,"height":0},"classes":[]},{"id":43305,"url":"https:\/\/www.achimbrueckner.de\/dxradio\/php\/wordpress\/?p=43305","url_meta":{"origin":38132,"position":5},"title":"Brasilien: Erstmals DAB+ in S\u00fcdamerika","author":"Administrator","date":"July 16, 2025","format":false,"excerpt":"https:\/\/www.radioblog.eu\/2025\/07\/16\/brasilien-erstmals-dab-in-suedamerika\/","rel":"","context":"In &quot;Deutsch&quot;","block_context":{"text":"Deutsch","link":"https:\/\/www.achimbrueckner.de\/dxradio\/php\/wordpress\/?cat=1"},"img":{"alt_text":"","src":"","width":0,"height":0},"classes":[]}],"_links":{"self":[{"href":"https:\/\/www.achimbrueckner.de\/dxradio\/php\/wordpress\/index.php?rest_route=\/wp\/v2\/posts\/38132","targetHints":{"allow":["GET"]}}],"collection":[{"href":"https:\/\/www.achimbrueckner.de\/dxradio\/php\/wordpress\/index.php?rest_route=\/wp\/v2\/posts"}],"about":[{"href":"https:\/\/www.achimbrueckner.de\/dxradio\/php\/wordpress\/index.php?rest_route=\/wp\/v2\/types\/post"}],"author":[{"embeddable":true,"href":"https:\/\/www.achimbrueckner.de\/dxradio\/php\/wordpress\/index.php?rest_route=\/wp\/v2\/users\/1"}],"replies":[{"embeddable":true,"href":"https:\/\/www.achimbrueckner.de\/dxradio\/php\/wordpress\/index.php?rest_route=%2Fwp%2Fv2%2Fcomments&post=38132"}],"version-history":[{"count":0,"href":"https:\/\/www.achimbrueckner.de\/dxradio\/php\/wordpress\/index.php?rest_route=\/wp\/v2\/posts\/38132\/revisions"}],"wp:attachment":[{"href":"https:\/\/www.achimbrueckner.de\/dxradio\/php\/wordpress\/index.php?rest_route=%2Fwp%2Fv2%2Fmedia&parent=38132"}],"wp:term":[{"taxonomy":"category","embeddable":true,"href":"https:\/\/www.achimbrueckner.de\/dxradio\/php\/wordpress\/index.php?rest_route=%2Fwp%2Fv2%2Fcategories&post=38132"},{"taxonomy":"post_tag","embeddable":true,"href":"https:\/\/www.achimbrueckner.de\/dxradio\/php\/wordpress\/index.php?rest_route=%2Fwp%2Fv2%2Ftags&post=38132"}],"curies":[{"name":"wp","href":"https:\/\/api.w.org\/{rel}","templated":true}]}}