{"id":38146,"date":"2022-12-07T16:35:04","date_gmt":"2022-12-07T16:35:04","guid":{"rendered":"https:\/\/www.achimbrueckner.de\/dxradio\/php\/wordpress\/?p=38146"},"modified":"2022-12-07T16:35:04","modified_gmt":"2022-12-07T16:35:04","slug":"neuer-karaoke-dienst-fur-apple-music-altere-apple-tv-modelle-bleiben-drausen","status":"publish","type":"post","link":"https:\/\/www.achimbrueckner.de\/dxradio\/php\/wordpress\/?p=38146","title":{"rendered":"Neuer Karaoke-Dienst f\u00fcr Apple Music: \u00c4ltere Apple-TV-Modelle bleiben drau\u00dfen"},"content":{"rendered":"<p><a href=\"https:\/\/www.heise.de\/news\/Neuer-Karaoke-Dienst-fuer-Apple-Music-Aeltere-Apple-TV-Modelle-bleiben-draussen-7368472.html\" rel=\"noopener\" target=\"_blank\">https:\/\/www.heise.de\/news\/Neuer-Karaoke-Dienst-fuer-Apple-Music-Aeltere-Apple-TV-Modelle-bleiben-draussen-7368472.html<\/a><\/p>\n","protected":false},"excerpt":{"rendered":"<p>https:\/\/www.heise.de\/news\/Neuer-Karaoke-Dienst-fuer-Apple-Music-Aeltere-Apple-TV-Modelle-bleiben-draussen-7368472.html<\/p>\n","protected":false},"author":1,"featured_media":0,"comment_status":"closed","ping_status":"open","sticky":false,"template":"","format":"standard","meta":{"_jetpack_memberships_contains_paid_content":false,"footnotes":"","jetpack_publicize_message":"","jetpack_publicize_feature_enabled":true,"jetpack_social_post_already_shared":true,"jetpack_social_options":{"image_generator_settings":{"template":"highway","default_image_id":0,"font":"","enabled":false},"version":2}},"categories":[1],"tags":[],"class_list":["post-38146","post","type-post","status-publish","format-standard","hentry","category-deutsch"],"jetpack_publicize_connections":[],"jetpack_featured_media_url":"","jetpack_sharing_enabled":true,"jetpack_shortlink":"https:\/\/wp.me\/p5CDmr-9Vg","jetpack-related-posts":[{"id":18579,"url":"https:\/\/www.achimbrueckner.de\/dxradio\/php\/wordpress\/?p=18579","url_meta":{"origin":38146,"position":0},"title":"Nach der Datenschutz-Novelle Europ\u00e4er m\u00fcssen drau\u00dfen bleiben","author":"Administrator","date":"July 24, 2018","format":false,"excerpt":"https:\/\/www.tagesspiegel.de\/medien\/nach-der-datenschutz-novelle-europaeer-muessen-draussen-bleiben\/22835320.html","rel":"","context":"In &quot;Deutsch&quot;","block_context":{"text":"Deutsch","link":"https:\/\/www.achimbrueckner.de\/dxradio\/php\/wordpress\/?cat=1"},"img":{"alt_text":"","src":"","width":0,"height":0},"classes":[]},{"id":25538,"url":"https:\/\/www.achimbrueckner.de\/dxradio\/php\/wordpress\/?p=25538","url_meta":{"origin":38146,"position":1},"title":"Mit neuer Strategie gegen Netflix und Disney: Apple TV+ kommt","author":"Administrator","date":"October 29, 2019","format":false,"excerpt":"http:\/\/www.quotenmeter.de\/n\/113239\/mit-neuer-strategie-gegen-netflix-und-disney-apple-tv-kommt","rel":"","context":"In &quot;Deutsch&quot;","block_context":{"text":"Deutsch","link":"https:\/\/www.achimbrueckner.de\/dxradio\/php\/wordpress\/?cat=1"},"img":{"alt_text":"","src":"","width":0,"height":0},"classes":[]},{"id":24362,"url":"https:\/\/www.achimbrueckner.de\/dxradio\/php\/wordpress\/?p=24362","url_meta":{"origin":38146,"position":2},"title":"Neuer Alexa-Skill: Apple Music kommt auf Amazon-Lautsprecher","author":"Administrator","date":"August 20, 2019","format":false,"excerpt":"https:\/\/www.heise.de\/mac-and-i\/meldung\/Neuer-Alexa-Skill-Apple-Music-kommt-auf-Amazon-Lautsprecher-4501294.html?wt_mc=rss.ho.beitrag.atom","rel":"","context":"In &quot;Deutsch&quot;","block_context":{"text":"Deutsch","link":"https:\/\/www.achimbrueckner.de\/dxradio\/php\/wordpress\/?cat=1"},"img":{"alt_text":"","src":"","width":0,"height":0},"classes":[]},{"id":25607,"url":"https:\/\/www.achimbrueckner.de\/dxradio\/php\/wordpress\/?p=25607","url_meta":{"origin":38146,"position":3},"title":"Neuer Streaminganbieter Apple TV+ &#8220;Dieser Medienumbruch \u00fcberrollt uns alle&#8221;","author":"Administrator","date":"November 2, 2019","format":false,"excerpt":"https:\/\/www.spiegel.de\/kultur\/tv\/apple-tv-und-streaming-dieser-medienumbruch-ueberrollt-uns-alle-a-1293856.html","rel":"","context":"In &quot;Deutsch&quot;","block_context":{"text":"Deutsch","link":"https:\/\/www.achimbrueckner.de\/dxradio\/php\/wordpress\/?cat=1"},"img":{"alt_text":"","src":"","width":0,"height":0},"classes":[]},{"id":38726,"url":"https:\/\/www.achimbrueckner.de\/dxradio\/php\/wordpress\/?p=38726","url_meta":{"origin":38146,"position":4},"title":"Sky-Verkauf: Kommt ein neuer Streaming-Dienst?","author":"Administrator","date":"January 30, 2023","format":false,"excerpt":"https:\/\/www.teltarif.de\/streaming-medien-sky-paramount\/news\/90742.html","rel":"","context":"In &quot;Deutsch&quot;","block_context":{"text":"Deutsch","link":"https:\/\/www.achimbrueckner.de\/dxradio\/php\/wordpress\/?cat=1"},"img":{"alt_text":"","src":"","width":0,"height":0},"classes":[]},{"id":30517,"url":"https:\/\/www.achimbrueckner.de\/dxradio\/php\/wordpress\/?p=30517","url_meta":{"origin":38146,"position":5},"title":"Apple startet eigenen 24 Stunden-Musiksender &#8220;Apple Music TV&#8221;","author":"Administrator","date":"October 20, 2020","format":false,"excerpt":"https:\/\/www.areadvd.de\/news\/apple-startet-eigenen-24-stunden-musiksender-apple-music-tv\/","rel":"","context":"In &quot;Deutsch&quot;","block_context":{"text":"Deutsch","link":"https:\/\/www.achimbrueckner.de\/dxradio\/php\/wordpress\/?cat=1"},"img":{"alt_text":"","src":"","width":0,"height":0},"classes":[]}],"_links":{"self":[{"href":"https:\/\/www.achimbrueckner.de\/dxradio\/php\/wordpress\/index.php?rest_route=\/wp\/v2\/posts\/38146","targetHints":{"allow":["GET"]}}],"collection":[{"href":"https:\/\/www.achimbrueckner.de\/dxradio\/php\/wordpress\/index.php?rest_route=\/wp\/v2\/posts"}],"about":[{"href":"https:\/\/www.achimbrueckner.de\/dxradio\/php\/wordpress\/index.php?rest_route=\/wp\/v2\/types\/post"}],"author":[{"embeddable":true,"href":"https:\/\/www.achimbrueckner.de\/dxradio\/php\/wordpress\/index.php?rest_route=\/wp\/v2\/users\/1"}],"replies":[{"embeddable":true,"href":"https:\/\/www.achimbrueckner.de\/dxradio\/php\/wordpress\/index.php?rest_route=%2Fwp%2Fv2%2Fcomments&post=38146"}],"version-history":[{"count":0,"href":"https:\/\/www.achimbrueckner.de\/dxradio\/php\/wordpress\/index.php?rest_route=\/wp\/v2\/posts\/38146\/revisions"}],"wp:attachment":[{"href":"https:\/\/www.achimbrueckner.de\/dxradio\/php\/wordpress\/index.php?rest_route=%2Fwp%2Fv2%2Fmedia&parent=38146"}],"wp:term":[{"taxonomy":"category","embeddable":true,"href":"https:\/\/www.achimbrueckner.de\/dxradio\/php\/wordpress\/index.php?rest_route=%2Fwp%2Fv2%2Fcategories&post=38146"},{"taxonomy":"post_tag","embeddable":true,"href":"https:\/\/www.achimbrueckner.de\/dxradio\/php\/wordpress\/index.php?rest_route=%2Fwp%2Fv2%2Ftags&post=38146"}],"curies":[{"name":"wp","href":"https:\/\/api.w.org\/{rel}","templated":true}]}}