{"id":38148,"date":"2022-12-08T16:27:36","date_gmt":"2022-12-08T16:27:36","guid":{"rendered":"https:\/\/www.achimbrueckner.de\/dxradio\/php\/wordpress\/?p=38148"},"modified":"2022-12-08T16:27:36","modified_gmt":"2022-12-08T16:27:36","slug":"internetradio-im-auto-vw-setzt-auf-den-falschen-partner","status":"publish","type":"post","link":"https:\/\/www.achimbrueckner.de\/dxradio\/php\/wordpress\/?p=38148","title":{"rendered":"Internetradio im Auto: VW setzt auf den falschen Partner"},"content":{"rendered":"<p><a href=\"https:\/\/www.radioblog.eu\/2022\/12\/08\/internetradio-im-auto-vw-setzt-auf-den-falschen-partner\/\" rel=\"noopener\" target=\"_blank\">https:\/\/www.radioblog.eu\/2022\/12\/08\/internetradio-im-auto-vw-setzt-auf-den-falschen-partner\/<\/a><\/p>\n","protected":false},"excerpt":{"rendered":"<p>https:\/\/www.radioblog.eu\/2022\/12\/08\/internetradio-im-auto-vw-setzt-auf-den-falschen-partner\/<\/p>\n","protected":false},"author":1,"featured_media":0,"comment_status":"closed","ping_status":"open","sticky":false,"template":"","format":"standard","meta":{"_jetpack_memberships_contains_paid_content":false,"footnotes":"","jetpack_publicize_message":"","jetpack_publicize_feature_enabled":true,"jetpack_social_post_already_shared":true,"jetpack_social_options":{"image_generator_settings":{"template":"highway","default_image_id":0,"font":"","enabled":false},"version":2}},"categories":[1],"tags":[],"class_list":["post-38148","post","type-post","status-publish","format-standard","hentry","category-deutsch"],"jetpack_publicize_connections":[],"jetpack_featured_media_url":"","jetpack_sharing_enabled":true,"jetpack_shortlink":"https:\/\/wp.me\/p5CDmr-9Vi","jetpack-related-posts":[{"id":15959,"url":"https:\/\/www.achimbrueckner.de\/dxradio\/php\/wordpress\/?p=15959","url_meta":{"origin":38148,"position":0},"title":"INTERNETRADIO SETZT BEI DAB+ PILOTPROJEKT AUF VIELFALT","author":"Administrator","date":"December 19, 2017","format":false,"excerpt":"http:\/\/www.meinungsbarometer.info\/beitrag\/Internetradio-setzt-bei-DABplus-Pilotprojekt-auf-Vielfalt_2704.html","rel":"","context":"In &quot;Deutsch&quot;","block_context":{"text":"Deutsch","link":"https:\/\/www.achimbrueckner.de\/dxradio\/php\/wordpress\/?cat=1"},"img":{"alt_text":"","src":"","width":0,"height":0},"classes":[]},{"id":19573,"url":"https:\/\/www.achimbrueckner.de\/dxradio\/php\/wordpress\/?p=19573","url_meta":{"origin":38148,"position":1},"title":"Internetradio im Auto h\u00f6ren: So geht&#8217;s","author":"Administrator","date":"October 15, 2018","format":false,"excerpt":"https:\/\/www.teltarif.de\/internetradio-mobil-auto\/news\/74335.html","rel":"","context":"In &quot;Deutsch&quot;","block_context":{"text":"Deutsch","link":"https:\/\/www.achimbrueckner.de\/dxradio\/php\/wordpress\/?cat=1"},"img":{"alt_text":"","src":"","width":0,"height":0},"classes":[]},{"id":38325,"url":"https:\/\/www.achimbrueckner.de\/dxradio\/php\/wordpress\/?p=38325","url_meta":{"origin":38148,"position":2},"title":"Audials statt Radio.de: VW wechselt Partner f\u00fcr Webradio im Auto","author":"Administrator","date":"December 22, 2022","format":false,"excerpt":"https:\/\/www.radioblog.eu\/2022\/12\/22\/audials-statt-radio-de-vw-wechselt-partner-fuer-webradio-im-auto\/","rel":"","context":"In &quot;Deutsch&quot;","block_context":{"text":"Deutsch","link":"https:\/\/www.achimbrueckner.de\/dxradio\/php\/wordpress\/?cat=1"},"img":{"alt_text":"","src":"","width":0,"height":0},"classes":[]},{"id":17558,"url":"https:\/\/www.achimbrueckner.de\/dxradio\/php\/wordpress\/?p=17558","url_meta":{"origin":38148,"position":3},"title":"DAB+ und Internetradio: Alternativen zu UKW im Auto","author":"Administrator","date":"May 1, 2018","format":false,"excerpt":"https:\/\/www.teltarif.de\/ukw-alternativen-auto-dab-plus-internetradio-autoradio\/news\/72477.html","rel":"","context":"In &quot;Deutsch&quot;","block_context":{"text":"Deutsch","link":"https:\/\/www.achimbrueckner.de\/dxradio\/php\/wordpress\/?cat=1"},"img":{"alt_text":"","src":"","width":0,"height":0},"classes":[]},{"id":1043,"url":"https:\/\/www.achimbrueckner.de\/dxradio\/php\/wordpress\/?p=1043","url_meta":{"origin":38148,"position":4},"title":"Fussball-WM im Radio","author":"Administrator","date":"June 10, 2010","format":false,"excerpt":"das Internetradio-Portal Phonostar hat auf seiner Seite Informationen dar\u00fcber zusammengestellt, welche Spiele von den (deutschen) H\u00f6rfunksendern \u00fcbertragen werden: http:\/\/wm-radio.phonostar.de Info via Net-Radio","rel":"","context":"In &quot;Deutsch&quot;","block_context":{"text":"Deutsch","link":"https:\/\/www.achimbrueckner.de\/dxradio\/php\/wordpress\/?cat=1"},"img":{"alt_text":"","src":"","width":0,"height":0},"classes":[]},{"id":24901,"url":"https:\/\/www.achimbrueckner.de\/dxradio\/php\/wordpress\/?p=24901","url_meta":{"origin":38148,"position":5},"title":"Internetradio im Auto","author":"Administrator","date":"September 21, 2019","format":false,"excerpt":"http:\/\/auto-presse.de\/autonews.php?newsid=596017","rel":"","context":"In &quot;Deutsch&quot;","block_context":{"text":"Deutsch","link":"https:\/\/www.achimbrueckner.de\/dxradio\/php\/wordpress\/?cat=1"},"img":{"alt_text":"","src":"","width":0,"height":0},"classes":[]}],"_links":{"self":[{"href":"https:\/\/www.achimbrueckner.de\/dxradio\/php\/wordpress\/index.php?rest_route=\/wp\/v2\/posts\/38148","targetHints":{"allow":["GET"]}}],"collection":[{"href":"https:\/\/www.achimbrueckner.de\/dxradio\/php\/wordpress\/index.php?rest_route=\/wp\/v2\/posts"}],"about":[{"href":"https:\/\/www.achimbrueckner.de\/dxradio\/php\/wordpress\/index.php?rest_route=\/wp\/v2\/types\/post"}],"author":[{"embeddable":true,"href":"https:\/\/www.achimbrueckner.de\/dxradio\/php\/wordpress\/index.php?rest_route=\/wp\/v2\/users\/1"}],"replies":[{"embeddable":true,"href":"https:\/\/www.achimbrueckner.de\/dxradio\/php\/wordpress\/index.php?rest_route=%2Fwp%2Fv2%2Fcomments&post=38148"}],"version-history":[{"count":0,"href":"https:\/\/www.achimbrueckner.de\/dxradio\/php\/wordpress\/index.php?rest_route=\/wp\/v2\/posts\/38148\/revisions"}],"wp:attachment":[{"href":"https:\/\/www.achimbrueckner.de\/dxradio\/php\/wordpress\/index.php?rest_route=%2Fwp%2Fv2%2Fmedia&parent=38148"}],"wp:term":[{"taxonomy":"category","embeddable":true,"href":"https:\/\/www.achimbrueckner.de\/dxradio\/php\/wordpress\/index.php?rest_route=%2Fwp%2Fv2%2Fcategories&post=38148"},{"taxonomy":"post_tag","embeddable":true,"href":"https:\/\/www.achimbrueckner.de\/dxradio\/php\/wordpress\/index.php?rest_route=%2Fwp%2Fv2%2Ftags&post=38148"}],"curies":[{"name":"wp","href":"https:\/\/api.w.org\/{rel}","templated":true}]}}