{"id":38149,"date":"2022-12-08T16:35:55","date_gmt":"2022-12-08T16:35:55","guid":{"rendered":"https:\/\/www.achimbrueckner.de\/dxradio\/php\/wordpress\/?p=38149"},"modified":"2022-12-08T16:35:55","modified_gmt":"2022-12-08T16:35:55","slug":"sdr-swf-abendschau-privatradio-start-1-datum-unbekannt","status":"publish","type":"post","link":"https:\/\/www.achimbrueckner.de\/dxradio\/php\/wordpress\/?p=38149","title":{"rendered":"SDR\/SWF Abendschau Privatradio-Start (1) (Datum unbekannt)"},"content":{"rendered":"<p><a href=\"https:\/\/www.youtube.com\/watch?v=LFR8ZzAc1Zk\" rel=\"noopener\" target=\"_blank\">https:\/\/www.youtube.com\/watch?v=LFR8ZzAc1Zk<\/a><\/p>\n","protected":false},"excerpt":{"rendered":"<p>https:\/\/www.youtube.com\/watch?v=LFR8ZzAc1Zk<\/p>\n","protected":false},"author":1,"featured_media":0,"comment_status":"closed","ping_status":"open","sticky":false,"template":"","format":"standard","meta":{"_jetpack_memberships_contains_paid_content":false,"footnotes":"","jetpack_publicize_message":"","jetpack_publicize_feature_enabled":true,"jetpack_social_post_already_shared":true,"jetpack_social_options":{"image_generator_settings":{"template":"highway","default_image_id":0,"font":"","enabled":false},"version":2}},"categories":[1],"tags":[],"class_list":["post-38149","post","type-post","status-publish","format-standard","hentry","category-deutsch"],"jetpack_publicize_connections":[],"jetpack_featured_media_url":"","jetpack_sharing_enabled":true,"jetpack_shortlink":"https:\/\/wp.me\/p5CDmr-9Vj","jetpack-related-posts":[{"id":4364,"url":"https:\/\/www.achimbrueckner.de\/dxradio\/php\/wordpress\/?p=4364","url_meta":{"origin":38149,"position":0},"title":"08.02.2009 &#8211; RBB Abendschau &#8211; Sprengung Sendemast in Berlin-Frohnau","author":"Administrator","date":"April 9, 2015","format":false,"excerpt":"https:\/\/www.youtube.com\/watch?v=1-7dvR71b0I","rel":"","context":"In &quot;Deutsch&quot;","block_context":{"text":"Deutsch","link":"https:\/\/www.achimbrueckner.de\/dxradio\/php\/wordpress\/?cat=1"},"img":{"alt_text":"","src":"","width":0,"height":0},"classes":[]},{"id":35250,"url":"https:\/\/www.achimbrueckner.de\/dxradio\/php\/wordpress\/?p=35250","url_meta":{"origin":38149,"position":1},"title":"Amateurfunker auf h\u00f6chstem Niveau I Abendschau I BR24","author":"Administrator","date":"March 19, 2022","format":false,"excerpt":"https:\/\/www.youtube.com\/watch?v=NdPYW007wXs","rel":"","context":"In &quot;Deutsch&quot;","block_context":{"text":"Deutsch","link":"https:\/\/www.achimbrueckner.de\/dxradio\/php\/wordpress\/?cat=1"},"img":{"alt_text":"","src":"","width":0,"height":0},"classes":[]},{"id":3486,"url":"https:\/\/www.achimbrueckner.de\/dxradio\/php\/wordpress\/?p=3486","url_meta":{"origin":38149,"position":2},"title":"2011 SDR Special","author":"Administrator","date":"September 3, 2014","format":false,"excerpt":"Interview mit Willi Passmann, DJ6JZ, \u00fcber SDR Empf\u00e4nger und Zubeh\u00f6r: Pappradio, Perseus, Excalibur, Switch Box, Konverter und LAN-SDR. Mit freundlicher Genehmigung von TecTime TV. https:\/\/www.youtube.com\/watch?v=PTluWERprsQ&feature=youtu.be Info via A-DX","rel":"","context":"In &quot;Deutsch&quot;","block_context":{"text":"Deutsch","link":"https:\/\/www.achimbrueckner.de\/dxradio\/php\/wordpress\/?cat=1"},"img":{"alt_text":"","src":"","width":0,"height":0},"classes":[]},{"id":41158,"url":"https:\/\/www.achimbrueckner.de\/dxradio\/php\/wordpress\/?p=41158","url_meta":{"origin":38149,"position":3},"title":"Ekki Plicht: SDR &#8211; Software Defined Radio, eine Einf\u00fchrung","author":"Administrator","date":"April 11, 2024","format":false,"excerpt":"https:\/\/www.youtube.com\/watch?v=O7UfpTDnRiU","rel":"","context":"In &quot;Deutsch&quot;","block_context":{"text":"Deutsch","link":"https:\/\/www.achimbrueckner.de\/dxradio\/php\/wordpress\/?cat=1"},"img":{"alt_text":"","src":"","width":0,"height":0},"classes":[]},{"id":3939,"url":"https:\/\/www.achimbrueckner.de\/dxradio\/php\/wordpress\/?p=3939","url_meta":{"origin":38149,"position":4},"title":"Reset Folge 2 2011 SDR Special","author":"Administrator","date":"January 6, 2015","format":false,"excerpt":"https:\/\/www.youtube.com\/watch?v=PTluWERprsQ&feature=youtu.be","rel":"","context":"In &quot;Deutsch&quot;","block_context":{"text":"Deutsch","link":"https:\/\/www.achimbrueckner.de\/dxradio\/php\/wordpress\/?cat=1"},"img":{"alt_text":"","src":"","width":0,"height":0},"classes":[]},{"id":13796,"url":"https:\/\/www.achimbrueckner.de\/dxradio\/php\/wordpress\/?p=13796","url_meta":{"origin":38149,"position":5},"title":"SDR 3 und Jugendradio DT64 &#8211; Top 2000 D 25.08.1990 (Holtmann \/ Schneidewind)","author":"Administrator","date":"July 17, 2017","format":false,"excerpt":"https:\/\/www.youtube.com\/watch?v=-WajhEFxHq8","rel":"","context":"In &quot;Deutsch&quot;","block_context":{"text":"Deutsch","link":"https:\/\/www.achimbrueckner.de\/dxradio\/php\/wordpress\/?cat=1"},"img":{"alt_text":"","src":"","width":0,"height":0},"classes":[]}],"_links":{"self":[{"href":"https:\/\/www.achimbrueckner.de\/dxradio\/php\/wordpress\/index.php?rest_route=\/wp\/v2\/posts\/38149","targetHints":{"allow":["GET"]}}],"collection":[{"href":"https:\/\/www.achimbrueckner.de\/dxradio\/php\/wordpress\/index.php?rest_route=\/wp\/v2\/posts"}],"about":[{"href":"https:\/\/www.achimbrueckner.de\/dxradio\/php\/wordpress\/index.php?rest_route=\/wp\/v2\/types\/post"}],"author":[{"embeddable":true,"href":"https:\/\/www.achimbrueckner.de\/dxradio\/php\/wordpress\/index.php?rest_route=\/wp\/v2\/users\/1"}],"replies":[{"embeddable":true,"href":"https:\/\/www.achimbrueckner.de\/dxradio\/php\/wordpress\/index.php?rest_route=%2Fwp%2Fv2%2Fcomments&post=38149"}],"version-history":[{"count":0,"href":"https:\/\/www.achimbrueckner.de\/dxradio\/php\/wordpress\/index.php?rest_route=\/wp\/v2\/posts\/38149\/revisions"}],"wp:attachment":[{"href":"https:\/\/www.achimbrueckner.de\/dxradio\/php\/wordpress\/index.php?rest_route=%2Fwp%2Fv2%2Fmedia&parent=38149"}],"wp:term":[{"taxonomy":"category","embeddable":true,"href":"https:\/\/www.achimbrueckner.de\/dxradio\/php\/wordpress\/index.php?rest_route=%2Fwp%2Fv2%2Fcategories&post=38149"},{"taxonomy":"post_tag","embeddable":true,"href":"https:\/\/www.achimbrueckner.de\/dxradio\/php\/wordpress\/index.php?rest_route=%2Fwp%2Fv2%2Ftags&post=38149"}],"curies":[{"name":"wp","href":"https:\/\/api.w.org\/{rel}","templated":true}]}}