{"id":38171,"date":"2022-12-09T20:22:45","date_gmt":"2022-12-09T20:22:45","guid":{"rendered":"https:\/\/www.achimbrueckner.de\/dxradio\/php\/wordpress\/?p=38171"},"modified":"2022-12-09T20:22:45","modified_gmt":"2022-12-09T20:22:45","slug":"ndr-grose-dab-ausbauplane-fur-2023","status":"publish","type":"post","link":"https:\/\/www.achimbrueckner.de\/dxradio\/php\/wordpress\/?p=38171","title":{"rendered":"NDR: Gro\u00dfe DAB+-Ausbaupl\u00e4ne f\u00fcr 2023"},"content":{"rendered":"<p><a href=\"https:\/\/www.radioblog.eu\/2022\/12\/09\/ndr-grosse-dab-ausbauplaene-fuer-2023\/\" rel=\"noopener\" target=\"_blank\">https:\/\/www.radioblog.eu\/2022\/12\/09\/ndr-grosse-dab-ausbauplaene-fuer-2023\/<\/a><\/p>\n","protected":false},"excerpt":{"rendered":"<p>https:\/\/www.radioblog.eu\/2022\/12\/09\/ndr-grosse-dab-ausbauplaene-fuer-2023\/<\/p>\n","protected":false},"author":1,"featured_media":0,"comment_status":"closed","ping_status":"open","sticky":false,"template":"","format":"standard","meta":{"_jetpack_memberships_contains_paid_content":false,"footnotes":"","jetpack_publicize_message":"","jetpack_publicize_feature_enabled":true,"jetpack_social_post_already_shared":true,"jetpack_social_options":{"image_generator_settings":{"template":"highway","default_image_id":0,"font":"","enabled":false},"version":2}},"categories":[1],"tags":[],"class_list":["post-38171","post","type-post","status-publish","format-standard","hentry","category-deutsch"],"jetpack_publicize_connections":[],"jetpack_featured_media_url":"","jetpack_sharing_enabled":true,"jetpack_shortlink":"https:\/\/wp.me\/p5CDmr-9VF","jetpack-related-posts":[{"id":39557,"url":"https:\/\/www.achimbrueckner.de\/dxradio\/php\/wordpress\/?p=39557","url_meta":{"origin":38171,"position":0},"title":"BR verk\u00fcndet Ausbaupl\u00e4ne f\u00fcr DAB+","author":"Administrator","date":"May 27, 2023","format":false,"excerpt":"https:\/\/www.radioblog.eu\/2023\/05\/27\/br-verkuendet-ausbauplaene-fuer-dab\/","rel":"","context":"In &quot;Deutsch&quot;","block_context":{"text":"Deutsch","link":"https:\/\/www.achimbrueckner.de\/dxradio\/php\/wordpress\/?cat=1"},"img":{"alt_text":"","src":"","width":0,"height":0},"classes":[]},{"id":34126,"url":"https:\/\/www.achimbrueckner.de\/dxradio\/php\/wordpress\/?p=34126","url_meta":{"origin":38171,"position":1},"title":"DAB+ im Norden: NDR stellt Ausbaupl\u00e4ne vor","author":"Administrator","date":"December 6, 2021","format":false,"excerpt":"https:\/\/www.dabplus.de\/2021\/12\/06\/dab-im-norden-ndr-stellt-ausbauplaene-vor-2\/","rel":"","context":"In &quot;Deutsch&quot;","block_context":{"text":"Deutsch","link":"https:\/\/www.achimbrueckner.de\/dxradio\/php\/wordpress\/?cat=1"},"img":{"alt_text":"","src":"","width":0,"height":0},"classes":[]},{"id":39617,"url":"https:\/\/www.achimbrueckner.de\/dxradio\/php\/wordpress\/?p=39617","url_meta":{"origin":38171,"position":2},"title":"DAB+ \u201eBundesmux\u201c: Deutschlandradio best\u00e4tigt Ausbaupl\u00e4ne","author":"Administrator","date":"June 7, 2023","format":false,"excerpt":"https:\/\/www.radioblog.eu\/2023\/06\/06\/dab-bundesmux-deutschlandradio-bestaetigt-ausbauplaene\/","rel":"","context":"In &quot;Deutsch&quot;","block_context":{"text":"Deutsch","link":"https:\/\/www.achimbrueckner.de\/dxradio\/php\/wordpress\/?cat=1"},"img":{"alt_text":"","src":"","width":0,"height":0},"classes":[]},{"id":44499,"url":"https:\/\/www.achimbrueckner.de\/dxradio\/php\/wordpress\/?p=44499","url_meta":{"origin":38171,"position":3},"title":"NDR ver\u00f6ffentlicht Pl\u00e4ne f\u00fcr DAB+ Netzausbau 2026","author":"Administrator","date":"December 8, 2025","format":false,"excerpt":"https:\/\/www.radioblog.eu\/2025\/12\/08\/ndr-veroeffentlicht-plaene-fuer-dab-netzausbau-2026\/","rel":"","context":"In &quot;Deutsch&quot;","block_context":{"text":"Deutsch","link":"https:\/\/www.achimbrueckner.de\/dxradio\/php\/wordpress\/?cat=1"},"img":{"alt_text":"","src":"","width":0,"height":0},"classes":[]},{"id":39528,"url":"https:\/\/www.achimbrueckner.de\/dxradio\/php\/wordpress\/?p=39528","url_meta":{"origin":38171,"position":4},"title":"UKW, DAB+, DVB-T2: Das ist der NDR-Sender Flensburg","author":"Administrator","date":"May 21, 2023","format":false,"excerpt":"https:\/\/www.radioblog.eu\/2023\/05\/21\/ukw-dab-dvb-t2-das-ist-der-ndr-sender-flensburg\/","rel":"","context":"In &quot;Deutsch&quot;","block_context":{"text":"Deutsch","link":"https:\/\/www.achimbrueckner.de\/dxradio\/php\/wordpress\/?cat=1"},"img":{"alt_text":"","src":"","width":0,"height":0},"classes":[]},{"id":39563,"url":"https:\/\/www.achimbrueckner.de\/dxradio\/php\/wordpress\/?p=39563","url_meta":{"origin":38171,"position":5},"title":"Sagard: Das ist der zweite DAB+-Sender des NDR auf R\u00fcgen","author":"Administrator","date":"May 29, 2023","format":false,"excerpt":"https:\/\/www.radioblog.eu\/2023\/05\/29\/sagard-das-ist-der-zweite-dab-sender-des-ndr-auf-ruegen\/","rel":"","context":"In &quot;Deutsch&quot;","block_context":{"text":"Deutsch","link":"https:\/\/www.achimbrueckner.de\/dxradio\/php\/wordpress\/?cat=1"},"img":{"alt_text":"","src":"","width":0,"height":0},"classes":[]}],"_links":{"self":[{"href":"https:\/\/www.achimbrueckner.de\/dxradio\/php\/wordpress\/index.php?rest_route=\/wp\/v2\/posts\/38171","targetHints":{"allow":["GET"]}}],"collection":[{"href":"https:\/\/www.achimbrueckner.de\/dxradio\/php\/wordpress\/index.php?rest_route=\/wp\/v2\/posts"}],"about":[{"href":"https:\/\/www.achimbrueckner.de\/dxradio\/php\/wordpress\/index.php?rest_route=\/wp\/v2\/types\/post"}],"author":[{"embeddable":true,"href":"https:\/\/www.achimbrueckner.de\/dxradio\/php\/wordpress\/index.php?rest_route=\/wp\/v2\/users\/1"}],"replies":[{"embeddable":true,"href":"https:\/\/www.achimbrueckner.de\/dxradio\/php\/wordpress\/index.php?rest_route=%2Fwp%2Fv2%2Fcomments&post=38171"}],"version-history":[{"count":0,"href":"https:\/\/www.achimbrueckner.de\/dxradio\/php\/wordpress\/index.php?rest_route=\/wp\/v2\/posts\/38171\/revisions"}],"wp:attachment":[{"href":"https:\/\/www.achimbrueckner.de\/dxradio\/php\/wordpress\/index.php?rest_route=%2Fwp%2Fv2%2Fmedia&parent=38171"}],"wp:term":[{"taxonomy":"category","embeddable":true,"href":"https:\/\/www.achimbrueckner.de\/dxradio\/php\/wordpress\/index.php?rest_route=%2Fwp%2Fv2%2Fcategories&post=38171"},{"taxonomy":"post_tag","embeddable":true,"href":"https:\/\/www.achimbrueckner.de\/dxradio\/php\/wordpress\/index.php?rest_route=%2Fwp%2Fv2%2Ftags&post=38171"}],"curies":[{"name":"wp","href":"https:\/\/api.w.org\/{rel}","templated":true}]}}