{"id":3819,"date":"2014-12-03T18:33:18","date_gmt":"2014-12-03T18:33:18","guid":{"rendered":"https:\/\/www.achimbrueckner.de\/dxradio\/php\/wordpress\/?p=3819"},"modified":"2014-12-03T18:33:18","modified_gmt":"2014-12-03T18:33:18","slug":"die-kurzwellensendung-des-rmrc-zur-edxc-konferenz-2014","status":"publish","type":"post","link":"https:\/\/www.achimbrueckner.de\/dxradio\/php\/wordpress\/?p=3819","title":{"rendered":"Die Kurzwellensendung des RMRC zur EDXC Konferenz 2014"},"content":{"rendered":"<p><a href=\"http:\/\/www.rmrc.de\/index.php\/rmrc-service\/rmrc-sw-sendung-zur-edxc\" target=\"_blank\">http:\/\/www.rmrc.de\/index.php\/rmrc-service\/rmrc-sw-sendung-zur-edxc<\/a><\/p>\n","protected":false},"excerpt":{"rendered":"<p>http:\/\/www.rmrc.de\/index.php\/rmrc-service\/rmrc-sw-sendung-zur-edxc<\/p>\n","protected":false},"author":1,"featured_media":0,"comment_status":"open","ping_status":"open","sticky":false,"template":"","format":"standard","meta":{"_jetpack_memberships_contains_paid_content":false,"footnotes":"","jetpack_publicize_message":"","jetpack_publicize_feature_enabled":true,"jetpack_social_post_already_shared":false,"jetpack_social_options":{"image_generator_settings":{"template":"highway","default_image_id":0,"font":"","enabled":false},"version":2}},"categories":[1,14],"tags":[40],"class_list":["post-3819","post","type-post","status-publish","format-standard","hentry","category-deutsch","category-dx","tag-dx"],"jetpack_publicize_connections":[],"jetpack_featured_media_url":"","jetpack_sharing_enabled":true,"jetpack_shortlink":"https:\/\/wp.me\/p5CDmr-ZB","jetpack-related-posts":[{"id":6697,"url":"https:\/\/www.achimbrueckner.de\/dxradio\/php\/wordpress\/?p=6697","url_meta":{"origin":3819,"position":0},"title":"Die Kurzwellensendung des RMRC zur EDXC Konferenz 2015","author":"Administrator","date":"November 30, 2015","format":false,"excerpt":"http:\/\/www.rmrc.de\/index.php\/rmrc-service\/rmrc-sw-sendung-zur-edxc","rel":"","context":"In &quot;Deutsch&quot;","block_context":{"text":"Deutsch","link":"https:\/\/www.achimbrueckner.de\/dxradio\/php\/wordpress\/?cat=1"},"img":{"alt_text":"","src":"","width":0,"height":0},"classes":[]},{"id":2251,"url":"https:\/\/www.achimbrueckner.de\/dxradio\/php\/wordpress\/?p=2251","url_meta":{"origin":3819,"position":1},"title":"RMRC Sendung &#8211; EDXC Conference 2012","author":"Administrator","date":"June 6, 2012","format":false,"excerpt":"RMRC Sendung - EDXC Conference 2012 Samstag 09.06.12 um 01.00-02.00 UTC Richtung USA auf 11900 kHz Sonntag 10.06.12 um 14.00-15.00 UTC Richtung Europa auf 6180 kHz Sonntag 10.06.12 um 17.30-18.30 UTC Richtung Japan\/Asien auf 11900 kHz Info via rmrc.de via radiopiraten","rel":"","context":"In &quot;Deutsch&quot;","block_context":{"text":"Deutsch","link":"https:\/\/www.achimbrueckner.de\/dxradio\/php\/wordpress\/?cat=1"},"img":{"alt_text":"","src":"","width":0,"height":0},"classes":[]},{"id":2298,"url":"https:\/\/www.achimbrueckner.de\/dxradio\/php\/wordpress\/?p=2298","url_meta":{"origin":3819,"position":2},"title":"50. RMRC DX-Camp Langenselbold","author":"Administrator","date":"September 15, 2012","format":false,"excerpt":"Unser 50. DX-Camp wird gro\u00df gefeiert. Es findet vom 01. bis 07. Oktober 2012 in Langenselbold statt. Vor dem DX-Camp werden wir eine KW-Sendung \u00fcber Sitkunai ausstrahlen: 1. voraussichtlich So. 23.9.2012 14.00-15.00 UTC auf 6180 kHz 2. voraussichtlich So. 21.10.2012 14.00-15.00 UTC auf 6180 kHz Das Programm steht noch nicht\u2026","rel":"","context":"In &quot;camps&quot;","block_context":{"text":"camps","link":"https:\/\/www.achimbrueckner.de\/dxradio\/php\/wordpress\/?cat=5"},"img":{"alt_text":"","src":"","width":0,"height":0},"classes":[]},{"id":626,"url":"https:\/\/www.achimbrueckner.de\/dxradio\/php\/wordpress\/?p=626","url_meta":{"origin":3819,"position":3},"title":"QSL-Kalender 2010","author":"Administrator","date":"October 23, 2009","format":false,"excerpt":"Seit 5 Jahren gibt der RMRC zusammen mit der ADDX den QSL-Kalender heraus, einen farbigen Hochglanz Wandkalender (A4 quer, engl., ) als Non-Profit Aktion zur Unterst\u00fctzung der DX-Clubs. Der Kalender enth\u00e4lt viele seltene und dekorative QSL-Karten von Radiosendern aus aller Welt, z.T. von Sendern, die schon lange nicht mehr existieren.\u2026","rel":"","context":"In &quot;Deutsch&quot;","block_context":{"text":"Deutsch","link":"https:\/\/www.achimbrueckner.de\/dxradio\/php\/wordpress\/?cat=1"},"img":{"alt_text":"","src":"","width":0,"height":0},"classes":[]},{"id":2021,"url":"https:\/\/www.achimbrueckner.de\/dxradio\/php\/wordpress\/?p=2021","url_meta":{"origin":3819,"position":4},"title":"EDXC 2012","author":"Administrator","date":"December 7, 2011","format":false,"excerpt":"Hallo DX-Freunde, wie ihr sicher schon wi\u00dft, richtet der Rhein-Main-Radio-Club die Europ\u00e4ische DX-Konferenz 2012 in Deutschland aus. Es wird ein Treffen europ\u00e4ischer DXer, wie ein gehobenes DX-Camp, wo man sich mit Freunden trifft, den einen oder anderen Vortrag h\u00f6rt, diese oder jene Sehensw\u00fcrdigkeit besichtigt, aber vor allem sich in gem\u00fctlicher\u2026","rel":"","context":"In &quot;camps&quot;","block_context":{"text":"camps","link":"https:\/\/www.achimbrueckner.de\/dxradio\/php\/wordpress\/?cat=5"},"img":{"alt_text":"","src":"","width":0,"height":0},"classes":[]},{"id":3865,"url":"https:\/\/www.achimbrueckner.de\/dxradio\/php\/wordpress\/?p=3865","url_meta":{"origin":3819,"position":5},"title":"RMRC Video:  Mike H\u00f6hn zu Besuch beim RMRC","author":"Administrator","date":"December 19, 2014","format":false,"excerpt":"http:\/\/www.rmrc.de\/index.php\/rmrc-der-club\/film-zum-rmrc-dx-camp","rel":"","context":"In &quot;Deutsch&quot;","block_context":{"text":"Deutsch","link":"https:\/\/www.achimbrueckner.de\/dxradio\/php\/wordpress\/?cat=1"},"img":{"alt_text":"","src":"","width":0,"height":0},"classes":[]}],"_links":{"self":[{"href":"https:\/\/www.achimbrueckner.de\/dxradio\/php\/wordpress\/index.php?rest_route=\/wp\/v2\/posts\/3819","targetHints":{"allow":["GET"]}}],"collection":[{"href":"https:\/\/www.achimbrueckner.de\/dxradio\/php\/wordpress\/index.php?rest_route=\/wp\/v2\/posts"}],"about":[{"href":"https:\/\/www.achimbrueckner.de\/dxradio\/php\/wordpress\/index.php?rest_route=\/wp\/v2\/types\/post"}],"author":[{"embeddable":true,"href":"https:\/\/www.achimbrueckner.de\/dxradio\/php\/wordpress\/index.php?rest_route=\/wp\/v2\/users\/1"}],"replies":[{"embeddable":true,"href":"https:\/\/www.achimbrueckner.de\/dxradio\/php\/wordpress\/index.php?rest_route=%2Fwp%2Fv2%2Fcomments&post=3819"}],"version-history":[{"count":0,"href":"https:\/\/www.achimbrueckner.de\/dxradio\/php\/wordpress\/index.php?rest_route=\/wp\/v2\/posts\/3819\/revisions"}],"wp:attachment":[{"href":"https:\/\/www.achimbrueckner.de\/dxradio\/php\/wordpress\/index.php?rest_route=%2Fwp%2Fv2%2Fmedia&parent=3819"}],"wp:term":[{"taxonomy":"category","embeddable":true,"href":"https:\/\/www.achimbrueckner.de\/dxradio\/php\/wordpress\/index.php?rest_route=%2Fwp%2Fv2%2Fcategories&post=3819"},{"taxonomy":"post_tag","embeddable":true,"href":"https:\/\/www.achimbrueckner.de\/dxradio\/php\/wordpress\/index.php?rest_route=%2Fwp%2Fv2%2Ftags&post=3819"}],"curies":[{"name":"wp","href":"https:\/\/api.w.org\/{rel}","templated":true}]}}