{"id":38214,"date":"2022-12-15T16:05:56","date_gmt":"2022-12-15T16:05:56","guid":{"rendered":"https:\/\/www.achimbrueckner.de\/dxradio\/php\/wordpress\/?p=38214"},"modified":"2022-12-15T16:05:56","modified_gmt":"2022-12-15T16:05:56","slug":"grus-an-bord-die-kurzwellenfrequenzen-fur-heiligabend-liegen-vor","status":"publish","type":"post","link":"https:\/\/www.achimbrueckner.de\/dxradio\/php\/wordpress\/?p=38214","title":{"rendered":"\u201eGru\u00df an Bord\u201c: Die Kurzwellenfrequenzen f\u00fcr Heiligabend liegen vor"},"content":{"rendered":"<p>\u201eGru\u00df an Bord\u201c:<br \/>\nDie Kurzwellenfrequenzen f\u00fcr Heiligabend liegen vor<br \/>\nAuch in diesem Jahr werden an Heiligabend zwischen 19:00 und 22:00 Uhr auf den Wellen von NDR Info Seeleute in aller Welt gegr\u00fc\u00dft. Dies geschieht im Rahmen zweier Aufzeichnungen von Veranstaltungen, die am 11. und 18. Dezember in Leer (Ostfriesland) und Hamburg stattfinden werden. Wie auch in den Vorjahren wird die Sendung am 24. Dezember von verschiedenen Kurzwellen-Senderstandorten mit unterschiedlichen Zielgebieten ausgestrahlt.<br \/>\nErstmals ist der Sender Moosbrunn bei Wien in diesem Jahr nicht mehr mit dabei. Stattdessen laufen f\u00fcr \u201eGru\u00df an Bord\u201c wieder zwei Frequenzen \u00fcber die Sendeanlagen in Issoudun in Frankreich: 6030 kHz mit Abstrahlrichtung Westen und 11650 kHz mit Abstrahlrichtung S\u00fcdosten.<br \/>\nEbenfalls zwei Frequenzen kommen von den Kurzwellensendern der Media Broadcast in Nauen: 9740 kHz nach S\u00fcdosten und 13725 kHz nach S\u00fcdwesten.<br \/>\nAus Taschkent\/Usbekistan kommt wieder eine zur\u00fcck nach Europa gerichtete \u00dcbertragung auf 6080 kHz, die bei uns am ehesten zu empfangen sein wird, w\u00e4hrend sich Radio Miami International aus Okeechobee\/Florida auf 15770 kHz an der Ausstrahlung von \u201eGru\u00df an Bord\u201c beteiligen wird.<br \/>\nSo Empf\u00e4nge in unserer Region aufgrund der winterlichen Ausbreitungsbedingungen m\u00f6glich sind, verspricht die Beobachtung der Aussendungen mit ihren Laufzeitunterschieden interessant zu werden. Die Sendeanlagen in Nauen und Issoudun werden per Satelliten-Downlink mit \u201eGru\u00df an Bord\u201c gef\u00fcttert, w\u00e4hrend die Sender in Usbekistan und Florida ihr Audio per Internet beziehen.<\/p>\n<p>Info via Facebook<\/p>\n","protected":false},"excerpt":{"rendered":"<p>\u201eGru\u00df an Bord\u201c: Die Kurzwellenfrequenzen f\u00fcr Heiligabend liegen vor Auch in diesem Jahr werden an Heiligabend zwischen 19:00 und 22:00 Uhr auf den Wellen von NDR Info Seeleute in aller Welt gegr\u00fc\u00dft. Dies geschieht im Rahmen zweier Aufzeichnungen von Veranstaltungen, die am 11. und 18. Dezember in Leer (Ostfriesland) und Hamburg stattfinden werden. Wie auch &hellip; <a href=\"https:\/\/www.achimbrueckner.de\/dxradio\/php\/wordpress\/?p=38214\" class=\"more-link\">Continue reading <span class=\"screen-reader-text\">\u201eGru\u00df an Bord\u201c: Die Kurzwellenfrequenzen f\u00fcr Heiligabend liegen vor<\/span><\/a><\/p>\n","protected":false},"author":1,"featured_media":0,"comment_status":"closed","ping_status":"open","sticky":false,"template":"","format":"standard","meta":{"_jetpack_memberships_contains_paid_content":false,"footnotes":"","jetpack_publicize_message":"","jetpack_publicize_feature_enabled":true,"jetpack_social_post_already_shared":true,"jetpack_social_options":{"image_generator_settings":{"template":"highway","default_image_id":0,"font":"","enabled":false},"version":2}},"categories":[1],"tags":[],"class_list":["post-38214","post","type-post","status-publish","format-standard","hentry","category-deutsch"],"jetpack_publicize_connections":[],"jetpack_featured_media_url":"","jetpack_sharing_enabled":true,"jetpack_shortlink":"https:\/\/wp.me\/p5CDmr-9Wm","jetpack-related-posts":[{"id":38205,"url":"https:\/\/www.achimbrueckner.de\/dxradio\/php\/wordpress\/?p=38205","url_meta":{"origin":38214,"position":0},"title":"SAQ: Grimeton sendet Weihnachtsbotschaft an Heiligabend 2022","author":"Administrator","date":"December 13, 2022","format":false,"excerpt":"SAQ: Grimeton sendet Weihnachtsbotschaft an Heiligabend Am Morgen des Heiligen Abends, dem 24. Dezember 2022, werden die Grimeton SAQ Veteranradiofreunde in S\u00fcdschweden wieder auf Sendung gehen und eine besondere Weihnachtsbotschaft in die Welt senden. Um 8:30 Uhr MEZ (0730 UTC) wird der fast 100 Jahre alte Maschinensender in Betrieb genommen\u2026","rel":"","context":"In &quot;Deutsch&quot;","block_context":{"text":"Deutsch","link":"https:\/\/www.achimbrueckner.de\/dxradio\/php\/wordpress\/?cat=1"},"img":{"alt_text":"","src":"","width":0,"height":0},"classes":[]},{"id":41842,"url":"https:\/\/www.achimbrueckner.de\/dxradio\/php\/wordpress\/?p=41842","url_meta":{"origin":38214,"position":1},"title":"NDR &#8211; Gru\u00df an Bord (2024)","author":"Administrator","date":"October 23, 2024","format":false,"excerpt":"NDR - Gru\u00df an Bord (2024) Der Zeitplan der Media Broadcast GmbH f\u00fcr B24 sieht die j\u00e4hrliche Sendung \"NDR Gru\u00df an Bord\" am 24. Dezember von 1800-2100 UTC wie folgt vor (Frequenzangaben in kHz): 6030 (via Issoudun) 6080 (via Tashkent) 9635 (via Moosbrunn) 11650 (via Issoudun) 13830 (via Nauen) 15770\u2026","rel":"","context":"In &quot;Deutsch&quot;","block_context":{"text":"Deutsch","link":"https:\/\/www.achimbrueckner.de\/dxradio\/php\/wordpress\/?cat=1"},"img":{"alt_text":"","src":"","width":0,"height":0},"classes":[]},{"id":38239,"url":"https:\/\/www.achimbrueckner.de\/dxradio\/php\/wordpress\/?p=38239","url_meta":{"origin":38214,"position":2},"title":"NDR-Radiosendung \u201eGru\u00df an Bord\u201c an Heiligabend auch \u00fcber Kurzwelle","author":"Administrator","date":"December 17, 2022","format":false,"excerpt":"https:\/\/www.radiowoche.de\/ndr-radiosendung-gruss-an-bord-an-heiligabend-auch-ueber-kurzwelle\/","rel":"","context":"In &quot;Deutsch&quot;","block_context":{"text":"Deutsch","link":"https:\/\/www.achimbrueckner.de\/dxradio\/php\/wordpress\/?cat=1"},"img":{"alt_text":"","src":"","width":0,"height":0},"classes":[]},{"id":31438,"url":"https:\/\/www.achimbrueckner.de\/dxradio\/php\/wordpress\/?p=31438","url_meta":{"origin":38214,"position":3},"title":"Kritik an der niederl\u00e4ndischen LPAM-Politik","author":"Administrator","date":"December 30, 2020","format":false,"excerpt":"Kritik an der niederl\u00e4ndischen LPAM-Politik Seit 2016 als Pilotprojekt und seit 2019 als regul\u00e4re M\u00f6glichkeit k\u00f6nnen Interessenten in den Niederlanden Senderechte f\u00fcr Mittelwellensender kleiner Leistung (\u201elow-power AM\u201c <100 Watt) beantragen. Das tun immer mehr, doch dem DX-Veteranen Max van Arnhem (mwcircle) platzte j\u00fcngst der Kragen. Er bringt technische, aber auch\u2026","rel":"","context":"In &quot;Deutsch&quot;","block_context":{"text":"Deutsch","link":"https:\/\/www.achimbrueckner.de\/dxradio\/php\/wordpress\/?cat=1"},"img":{"alt_text":"","src":"","width":0,"height":0},"classes":[]},{"id":34235,"url":"https:\/\/www.achimbrueckner.de\/dxradio\/php\/wordpress\/?p=34235","url_meta":{"origin":38214,"position":4},"title":"Heiligabend-Sendung \u201eGru\u00df an Bord\u201c wieder auf Kurzwelle","author":"Administrator","date":"December 24, 2021","format":false,"excerpt":"https:\/\/www.radioszene.de\/159907\/gruss-an-bord-ndr-heiligabend-kurzwelle.html","rel":"","context":"In &quot;Deutsch&quot;","block_context":{"text":"Deutsch","link":"https:\/\/www.achimbrueckner.de\/dxradio\/php\/wordpress\/?cat=1"},"img":{"alt_text":"","src":"","width":0,"height":0},"classes":[]},{"id":42420,"url":"https:\/\/www.achimbrueckner.de\/dxradio\/php\/wordpress\/?p=42420","url_meta":{"origin":38214,"position":5},"title":"Radio Onda Ausschreibung Kurzwelle","author":"Administrator","date":"March 23, 2025","format":false,"excerpt":"LUXEMBURG: Eine Lizenz f\u00fcr den Betrieb von vier Kurzwellensendern in Junglinster wurde von Elisabeth Margue, der f\u00fcr Medien und Konnektivit\u00e4t zust\u00e4ndigen Ministerin des Premierministers, eine Lizenz f\u00fcr den Betrieb von vier Kurzwellensendern in Junglinster erteilt. Der belgische Rundfunk RADIO ONDA hat die Ausschreibung f\u00fcr die \u00dcbertragung auf folgenden Frequenzen gewonnen:\u2026","rel":"","context":"In &quot;Deutsch&quot;","block_context":{"text":"Deutsch","link":"https:\/\/www.achimbrueckner.de\/dxradio\/php\/wordpress\/?cat=1"},"img":{"alt_text":"","src":"","width":0,"height":0},"classes":[]}],"_links":{"self":[{"href":"https:\/\/www.achimbrueckner.de\/dxradio\/php\/wordpress\/index.php?rest_route=\/wp\/v2\/posts\/38214","targetHints":{"allow":["GET"]}}],"collection":[{"href":"https:\/\/www.achimbrueckner.de\/dxradio\/php\/wordpress\/index.php?rest_route=\/wp\/v2\/posts"}],"about":[{"href":"https:\/\/www.achimbrueckner.de\/dxradio\/php\/wordpress\/index.php?rest_route=\/wp\/v2\/types\/post"}],"author":[{"embeddable":true,"href":"https:\/\/www.achimbrueckner.de\/dxradio\/php\/wordpress\/index.php?rest_route=\/wp\/v2\/users\/1"}],"replies":[{"embeddable":true,"href":"https:\/\/www.achimbrueckner.de\/dxradio\/php\/wordpress\/index.php?rest_route=%2Fwp%2Fv2%2Fcomments&post=38214"}],"version-history":[{"count":0,"href":"https:\/\/www.achimbrueckner.de\/dxradio\/php\/wordpress\/index.php?rest_route=\/wp\/v2\/posts\/38214\/revisions"}],"wp:attachment":[{"href":"https:\/\/www.achimbrueckner.de\/dxradio\/php\/wordpress\/index.php?rest_route=%2Fwp%2Fv2%2Fmedia&parent=38214"}],"wp:term":[{"taxonomy":"category","embeddable":true,"href":"https:\/\/www.achimbrueckner.de\/dxradio\/php\/wordpress\/index.php?rest_route=%2Fwp%2Fv2%2Fcategories&post=38214"},{"taxonomy":"post_tag","embeddable":true,"href":"https:\/\/www.achimbrueckner.de\/dxradio\/php\/wordpress\/index.php?rest_route=%2Fwp%2Fv2%2Ftags&post=38214"}],"curies":[{"name":"wp","href":"https:\/\/api.w.org\/{rel}","templated":true}]}}