{"id":38234,"date":"2022-12-16T18:07:41","date_gmt":"2022-12-16T18:07:41","guid":{"rendered":"https:\/\/www.achimbrueckner.de\/dxradio\/php\/wordpress\/?p=38234"},"modified":"2022-12-16T18:07:41","modified_gmt":"2022-12-16T18:07:41","slug":"radiohoren-in-black-out-zeiten-8-12-ist-bundesweiter-warntag","status":"publish","type":"post","link":"https:\/\/www.achimbrueckner.de\/dxradio\/php\/wordpress\/?p=38234","title":{"rendered":"Radioh\u00f6ren in Black-Out-Zeiten\u201c (8.12. ist bundesweiter Warntag)"},"content":{"rendered":"<p><a href=\"https:\/\/www.deutschlandfunk.de\/radiohoeren-in-black-out-zeiten-8-12-ist-bundesweiter-warntag-dlf-26a5f83e-100.html\" rel=\"noopener\" target=\"_blank\">https:\/\/www.deutschlandfunk.de\/radiohoeren-in-black-out-zeiten-8-12-ist-bundesweiter-warntag-dlf-26a5f83e-100.html<\/a><\/p>\n","protected":false},"excerpt":{"rendered":"<p>https:\/\/www.deutschlandfunk.de\/radiohoeren-in-black-out-zeiten-8-12-ist-bundesweiter-warntag-dlf-26a5f83e-100.html<\/p>\n","protected":false},"author":1,"featured_media":0,"comment_status":"closed","ping_status":"open","sticky":false,"template":"","format":"standard","meta":{"_jetpack_memberships_contains_paid_content":false,"footnotes":"","jetpack_publicize_message":"","jetpack_publicize_feature_enabled":true,"jetpack_social_post_already_shared":true,"jetpack_social_options":{"image_generator_settings":{"template":"highway","default_image_id":0,"font":"","enabled":false},"version":2}},"categories":[1],"tags":[],"class_list":["post-38234","post","type-post","status-publish","format-standard","hentry","category-deutsch"],"jetpack_publicize_connections":[],"jetpack_featured_media_url":"","jetpack_sharing_enabled":true,"jetpack_shortlink":"https:\/\/wp.me\/p5CDmr-9WG","jetpack-related-posts":[{"id":30018,"url":"https:\/\/www.achimbrueckner.de\/dxradio\/php\/wordpress\/?p=30018","url_meta":{"origin":38234,"position":0},"title":"Bundesweiter \u201eWarntag\u201c auch \u00fcber DAB+: Testalarm \u00fcber digitale Radioger\u00e4te","author":"Administrator","date":"September 9, 2020","format":false,"excerpt":"https:\/\/www.dabplus.de\/2020\/09\/09\/bundesweiter-warntag-auch-ueber-dab-testalarm-ueber-digitale-radiogeraete\/","rel":"","context":"In &quot;Deutsch&quot;","block_context":{"text":"Deutsch","link":"https:\/\/www.achimbrueckner.de\/dxradio\/php\/wordpress\/?cat=1"},"img":{"alt_text":"","src":"","width":0,"height":0},"classes":[]},{"id":30024,"url":"https:\/\/www.achimbrueckner.de\/dxradio\/php\/wordpress\/?p=30024","url_meta":{"origin":38234,"position":1},"title":"Erster bundesweiter Warntag am 10. September","author":"Administrator","date":"September 9, 2020","format":false,"excerpt":"https:\/\/www.funkamateur.de\/nachrichtendetails\/items\/Warntag2020.html","rel":"","context":"In &quot;Deutsch&quot;","block_context":{"text":"Deutsch","link":"https:\/\/www.achimbrueckner.de\/dxradio\/php\/wordpress\/?cat=1"},"img":{"alt_text":"","src":"","width":0,"height":0},"classes":[]},{"id":41696,"url":"https:\/\/www.achimbrueckner.de\/dxradio\/php\/wordpress\/?p=41696","url_meta":{"origin":38234,"position":2},"title":"Bundesweiter Warntag: Notfallradio der Feuerwehr M\u00fclheim geht on air","author":"Administrator","date":"September 12, 2024","format":false,"excerpt":"https:\/\/www1.wdr.de\/nachrichten\/ruhrgebiet\/erstes-notfallradio-feuerwehr-muelheim-100.html","rel":"","context":"In &quot;Deutsch&quot;","block_context":{"text":"Deutsch","link":"https:\/\/www.achimbrueckner.de\/dxradio\/php\/wordpress\/?cat=1"},"img":{"alt_text":"","src":"","width":0,"height":0},"classes":[]},{"id":40149,"url":"https:\/\/www.achimbrueckner.de\/dxradio\/php\/wordpress\/?p=40149","url_meta":{"origin":38234,"position":3},"title":"In Hannover \u00fcben die Funkamateure: So k\u00f6nnten sie im Ernstfall Leben retten","author":"Administrator","date":"September 15, 2023","format":false,"excerpt":"https:\/\/www.haz.de\/lokales\/hannover\/bundesweiter-warntag-funkamateure-aus-hannover-ueben-im-lister-turm-C6DV3CEW6VATNLF6JHGM65ZCZ4.html","rel":"","context":"In &quot;Deutsch&quot;","block_context":{"text":"Deutsch","link":"https:\/\/www.achimbrueckner.de\/dxradio\/php\/wordpress\/?cat=1"},"img":{"alt_text":"","src":"","width":0,"height":0},"classes":[]},{"id":45228,"url":"https:\/\/www.achimbrueckner.de\/dxradio\/php\/wordpress\/?p=45228","url_meta":{"origin":38234,"position":4},"title":"Warntag in Bayern: Heute um 11 Uhr sollen auch Digitalradios Alarm ausl\u00f6sen","author":"Administrator","date":"March 12, 2026","format":false,"excerpt":"https:\/\/www.radioszene.de\/212117\/warntag-bayern.html","rel":"","context":"In &quot;Deutsch&quot;","block_context":{"text":"Deutsch","link":"https:\/\/www.achimbrueckner.de\/dxradio\/php\/wordpress\/?cat=1"},"img":{"alt_text":"","src":"","width":0,"height":0},"classes":[]},{"id":38151,"url":"https:\/\/www.achimbrueckner.de\/dxradio\/php\/wordpress\/?p=38151","url_meta":{"origin":38234,"position":5},"title":"So lief der Warntag \u00fcber Digitalradio DAB+","author":"Administrator","date":"December 8, 2022","format":false,"excerpt":"https:\/\/www.teltarif.de\/dab-plus-warntag-digitaltadio-mowas\/news\/90230.html","rel":"","context":"In &quot;Deutsch&quot;","block_context":{"text":"Deutsch","link":"https:\/\/www.achimbrueckner.de\/dxradio\/php\/wordpress\/?cat=1"},"img":{"alt_text":"","src":"","width":0,"height":0},"classes":[]}],"_links":{"self":[{"href":"https:\/\/www.achimbrueckner.de\/dxradio\/php\/wordpress\/index.php?rest_route=\/wp\/v2\/posts\/38234","targetHints":{"allow":["GET"]}}],"collection":[{"href":"https:\/\/www.achimbrueckner.de\/dxradio\/php\/wordpress\/index.php?rest_route=\/wp\/v2\/posts"}],"about":[{"href":"https:\/\/www.achimbrueckner.de\/dxradio\/php\/wordpress\/index.php?rest_route=\/wp\/v2\/types\/post"}],"author":[{"embeddable":true,"href":"https:\/\/www.achimbrueckner.de\/dxradio\/php\/wordpress\/index.php?rest_route=\/wp\/v2\/users\/1"}],"replies":[{"embeddable":true,"href":"https:\/\/www.achimbrueckner.de\/dxradio\/php\/wordpress\/index.php?rest_route=%2Fwp%2Fv2%2Fcomments&post=38234"}],"version-history":[{"count":0,"href":"https:\/\/www.achimbrueckner.de\/dxradio\/php\/wordpress\/index.php?rest_route=\/wp\/v2\/posts\/38234\/revisions"}],"wp:attachment":[{"href":"https:\/\/www.achimbrueckner.de\/dxradio\/php\/wordpress\/index.php?rest_route=%2Fwp%2Fv2%2Fmedia&parent=38234"}],"wp:term":[{"taxonomy":"category","embeddable":true,"href":"https:\/\/www.achimbrueckner.de\/dxradio\/php\/wordpress\/index.php?rest_route=%2Fwp%2Fv2%2Fcategories&post=38234"},{"taxonomy":"post_tag","embeddable":true,"href":"https:\/\/www.achimbrueckner.de\/dxradio\/php\/wordpress\/index.php?rest_route=%2Fwp%2Fv2%2Ftags&post=38234"}],"curies":[{"name":"wp","href":"https:\/\/api.w.org\/{rel}","templated":true}]}}