{"id":38246,"date":"2022-12-18T09:45:10","date_gmt":"2022-12-18T09:45:10","guid":{"rendered":"https:\/\/www.achimbrueckner.de\/dxradio\/php\/wordpress\/?p=38246"},"modified":"2022-12-18T09:45:10","modified_gmt":"2022-12-18T09:45:10","slug":"classic-hits-radio-silvester-2022","status":"publish","type":"post","link":"https:\/\/www.achimbrueckner.de\/dxradio\/php\/wordpress\/?p=38246","title":{"rendered":"Classic Hits Radio Silvester 2022"},"content":{"rendered":"<p>Classic Hits Radio w\u00fcnscht allen H\u00f6rern einen sch\u00f6nen vierten Advent. Wir begleiten Euch mit Pop und Rock aus 60 Jahren Musikgeschichte durch die Adventszeit.<br \/>\nAn Silvester sind wir wieder live f\u00fcr Euch auf Sendung. Details zum Programm \u00fcber den Jahreswechsel gibt es demn\u00e4chst hier auf Facebook und Instagram.<br \/>\nIhr h\u00f6rt unser Programm auf www.classichitsradio.de, \u00fcber TuneIn Radio und Radio.de sowie mit fast allen WLAN-Radios.<br \/>\nStay tuned!<\/p>\n<p>Info via Facebook<\/p>\n","protected":false},"excerpt":{"rendered":"<p>Classic Hits Radio w\u00fcnscht allen H\u00f6rern einen sch\u00f6nen vierten Advent. Wir begleiten Euch mit Pop und Rock aus 60 Jahren Musikgeschichte durch die Adventszeit. An Silvester sind wir wieder live f\u00fcr Euch auf Sendung. Details zum Programm \u00fcber den Jahreswechsel gibt es demn\u00e4chst hier auf Facebook und Instagram. Ihr h\u00f6rt unser Programm auf www.classichitsradio.de, \u00fcber &hellip; <a href=\"https:\/\/www.achimbrueckner.de\/dxradio\/php\/wordpress\/?p=38246\" class=\"more-link\">Continue reading <span class=\"screen-reader-text\">Classic Hits Radio Silvester 2022<\/span><\/a><\/p>\n","protected":false},"author":1,"featured_media":0,"comment_status":"closed","ping_status":"open","sticky":false,"template":"","format":"standard","meta":{"_jetpack_memberships_contains_paid_content":false,"footnotes":"","jetpack_publicize_message":"","jetpack_publicize_feature_enabled":true,"jetpack_social_post_already_shared":true,"jetpack_social_options":{"image_generator_settings":{"template":"highway","default_image_id":0,"font":"","enabled":false},"version":2}},"categories":[1],"tags":[],"class_list":["post-38246","post","type-post","status-publish","format-standard","hentry","category-deutsch"],"jetpack_publicize_connections":[],"jetpack_featured_media_url":"","jetpack_sharing_enabled":true,"jetpack_shortlink":"https:\/\/wp.me\/p5CDmr-9WS","jetpack-related-posts":[{"id":38247,"url":"https:\/\/www.achimbrueckner.de\/dxradio\/php\/wordpress\/?p=38247","url_meta":{"origin":38246,"position":0},"title":"Telstar Radio Weihnachten 2022","author":"Administrator","date":"December 18, 2022","format":false,"excerpt":"Telstar Rock w\u00fcnscht allen H\u00f6rern einen sch\u00f6nen vierten Advent. Am ersten und zweiten Weihnachtsfeiertag sind wir jeweils ab 20 Uhr wieder live f\u00fcr Euch auf Sendung. Ihr h\u00f6rt unser Programm auf www.telstarrock.de, \u00fcber TuneIn Radio und Radio.de sowie mit fast allen WLAN-Radios. Stay tuned!","rel":"","context":"In &quot;Deutsch&quot;","block_context":{"text":"Deutsch","link":"https:\/\/www.achimbrueckner.de\/dxradio\/php\/wordpress\/?cat=1"},"img":{"alt_text":"","src":"","width":0,"height":0},"classes":[]},{"id":34249,"url":"https:\/\/www.achimbrueckner.de\/dxradio\/php\/wordpress\/?p=34249","url_meta":{"origin":38246,"position":1},"title":"Classic Hits Radio geht an Silvester offiziell auf Sendung","author":"Administrator","date":"December 26, 2021","format":false,"excerpt":"https:\/\/www.smartphonefan.de\/2021\/12\/25\/classic-hits-radio-geht-an-silvester-offiziell-auf-sendung\/","rel":"","context":"In &quot;Deutsch&quot;","block_context":{"text":"Deutsch","link":"https:\/\/www.achimbrueckner.de\/dxradio\/php\/wordpress\/?cat=1"},"img":{"alt_text":"","src":"","width":0,"height":0},"classes":[]},{"id":34275,"url":"https:\/\/www.achimbrueckner.de\/dxradio\/php\/wordpress\/?p=34275","url_meta":{"origin":38246,"position":2},"title":"Classic Hits Radio geht an Silvester offiziell auf Sendung","author":"Administrator","date":"December 29, 2021","format":false,"excerpt":"https:\/\/www.smartphonefan.de\/2021\/12\/25\/classic-hits-radio-geht-an-silvester-offiziell-auf-sendung\/","rel":"","context":"In &quot;Deutsch&quot;","block_context":{"text":"Deutsch","link":"https:\/\/www.achimbrueckner.de\/dxradio\/php\/wordpress\/?cat=1"},"img":{"alt_text":"","src":"","width":0,"height":0},"classes":[]},{"id":11296,"url":"https:\/\/www.achimbrueckner.de\/dxradio\/php\/wordpress\/?p=11296","url_meta":{"origin":38246,"position":3},"title":"50 Jahre ADDX","author":"Administrator","date":"December 8, 2016","format":false,"excerpt":"Hallo in die Runde, wie vielen Hobbyfreunden bestimmt bekannt ist, wird die ADDX e.V. im Jahr 2017 ihr 50. Gr\u00fcndungsjubil\u00e4um feiern. Das ist f\u00fcr uns von Vorstand und Redaktion \"Radio-Kurier mit weltweit h\u00f6ren\" Grund genug, auch akustisch einen R\u00fcckblick auf die Anfangstage und die Vereinsentwicklung zu pr\u00e4sentieren und \u00fcber unsere\u2026","rel":"","context":"In &quot;Deutsch&quot;","block_context":{"text":"Deutsch","link":"https:\/\/www.achimbrueckner.de\/dxradio\/php\/wordpress\/?cat=1"},"img":{"alt_text":"","src":"","width":0,"height":0},"classes":[]},{"id":1133,"url":"https:\/\/www.achimbrueckner.de\/dxradio\/php\/wordpress\/?p=1133","url_meta":{"origin":38246,"position":4},"title":"46. DX Camp des Rhein-Main-Radio-Clubs","author":"Administrator","date":"September 8, 2010","format":false,"excerpt":"Einladung zum 46. DX Camp des Rhein-Main-Radio-Clubs Das mittlerweile 46. RMRC - DX - Camp findet traditionell im Naturfreundehaus auf dem Wingertskippel in 63505 Langenselbold bei Hanau vom 27.September bis zum 3.Oktober 2010 statt. Die ersten Camp-Tage sind wie immer vorwiegend zum H\u00f6ren. Hier gibt es Grasnarben DX mit unterschiedlichen\u2026","rel":"","context":"In &quot;camps&quot;","block_context":{"text":"camps","link":"https:\/\/www.achimbrueckner.de\/dxradio\/php\/wordpress\/?cat=5"},"img":{"alt_text":"","src":"","width":0,"height":0},"classes":[]},{"id":39645,"url":"https:\/\/www.achimbrueckner.de\/dxradio\/php\/wordpress\/?p=39645","url_meta":{"origin":38246,"position":5},"title":"Radio Forum als Webradio zur\u00fcck!","author":"Administrator","date":"June 13, 2023","format":false,"excerpt":"Radio Forum als Webradio zur\u00fcck! Radio Forum, ein Pionier aus Lothringen, geh\u00f6rte in den 1980iger Jahren zu den Radiostationen, welche gezielt in Richtung Saarland sendeten. Mitte 2023 wurde ein Webstream gestartet: https:\/\/www.radio-forum2.de\/ Radio Forum - Wir H\u00f6ren uns Das Webradio wird von Bernd Sambo betrieben - mit dem ehemaligen UKW-Sender\u2026","rel":"","context":"In &quot;Deutsch&quot;","block_context":{"text":"Deutsch","link":"https:\/\/www.achimbrueckner.de\/dxradio\/php\/wordpress\/?cat=1"},"img":{"alt_text":"","src":"","width":0,"height":0},"classes":[]}],"_links":{"self":[{"href":"https:\/\/www.achimbrueckner.de\/dxradio\/php\/wordpress\/index.php?rest_route=\/wp\/v2\/posts\/38246","targetHints":{"allow":["GET"]}}],"collection":[{"href":"https:\/\/www.achimbrueckner.de\/dxradio\/php\/wordpress\/index.php?rest_route=\/wp\/v2\/posts"}],"about":[{"href":"https:\/\/www.achimbrueckner.de\/dxradio\/php\/wordpress\/index.php?rest_route=\/wp\/v2\/types\/post"}],"author":[{"embeddable":true,"href":"https:\/\/www.achimbrueckner.de\/dxradio\/php\/wordpress\/index.php?rest_route=\/wp\/v2\/users\/1"}],"replies":[{"embeddable":true,"href":"https:\/\/www.achimbrueckner.de\/dxradio\/php\/wordpress\/index.php?rest_route=%2Fwp%2Fv2%2Fcomments&post=38246"}],"version-history":[{"count":0,"href":"https:\/\/www.achimbrueckner.de\/dxradio\/php\/wordpress\/index.php?rest_route=\/wp\/v2\/posts\/38246\/revisions"}],"wp:attachment":[{"href":"https:\/\/www.achimbrueckner.de\/dxradio\/php\/wordpress\/index.php?rest_route=%2Fwp%2Fv2%2Fmedia&parent=38246"}],"wp:term":[{"taxonomy":"category","embeddable":true,"href":"https:\/\/www.achimbrueckner.de\/dxradio\/php\/wordpress\/index.php?rest_route=%2Fwp%2Fv2%2Fcategories&post=38246"},{"taxonomy":"post_tag","embeddable":true,"href":"https:\/\/www.achimbrueckner.de\/dxradio\/php\/wordpress\/index.php?rest_route=%2Fwp%2Fv2%2Ftags&post=38246"}],"curies":[{"name":"wp","href":"https:\/\/api.w.org\/{rel}","templated":true}]}}