{"id":38268,"date":"2022-12-19T16:24:21","date_gmt":"2022-12-19T16:24:21","guid":{"rendered":"https:\/\/www.achimbrueckner.de\/dxradio\/php\/wordpress\/?p=38268"},"modified":"2022-12-19T16:24:21","modified_gmt":"2022-12-19T16:24:21","slug":"twitter-nutzer-stimmen-in-umfrage-fur-musk-rucktritt","status":"publish","type":"post","link":"https:\/\/www.achimbrueckner.de\/dxradio\/php\/wordpress\/?p=38268","title":{"rendered":"Twitter-Nutzer stimmen in Umfrage f\u00fcr Musk-R\u00fccktritt"},"content":{"rendered":"<p><a href=\"https:\/\/meedia.de\/2022\/12\/19\/twitter-nutzer-stimmen-in-umfrage-fuer-musk-ruecktritt\/\" rel=\"noopener\" target=\"_blank\">https:\/\/meedia.de\/2022\/12\/19\/twitter-nutzer-stimmen-in-umfrage-fuer-musk-ruecktritt\/<\/a><\/p>\n","protected":false},"excerpt":{"rendered":"<p>https:\/\/meedia.de\/2022\/12\/19\/twitter-nutzer-stimmen-in-umfrage-fuer-musk-ruecktritt\/<\/p>\n","protected":false},"author":1,"featured_media":0,"comment_status":"closed","ping_status":"open","sticky":false,"template":"","format":"standard","meta":{"_jetpack_memberships_contains_paid_content":false,"footnotes":"","jetpack_publicize_message":"","jetpack_publicize_feature_enabled":true,"jetpack_social_post_already_shared":true,"jetpack_social_options":{"image_generator_settings":{"template":"highway","default_image_id":0,"font":"","enabled":false},"version":2}},"categories":[1],"tags":[],"class_list":["post-38268","post","type-post","status-publish","format-standard","hentry","category-deutsch"],"jetpack_publicize_connections":[],"jetpack_featured_media_url":"","jetpack_sharing_enabled":true,"jetpack_shortlink":"https:\/\/wp.me\/p5CDmr-9Xe","jetpack-related-posts":[{"id":38259,"url":"https:\/\/www.achimbrueckner.de\/dxradio\/php\/wordpress\/?p=38259","url_meta":{"origin":38268,"position":0},"title":"Twitter: Gibt Elon Musk den Chef-Posten auf?","author":"Administrator","date":"December 19, 2022","format":false,"excerpt":"https:\/\/www.teltarif.de\/elon-musk-twitter-umfrage-ruecktritt\/news\/90345.html","rel":"","context":"In &quot;Deutsch&quot;","block_context":{"text":"Deutsch","link":"https:\/\/www.achimbrueckner.de\/dxradio\/php\/wordpress\/?cat=1"},"img":{"alt_text":"","src":"","width":0,"height":0},"classes":[]},{"id":15761,"url":"https:\/\/www.achimbrueckner.de\/dxradio\/php\/wordpress\/?p=15761","url_meta":{"origin":38268,"position":1},"title":"57 Prozent stimmen laut Umfrage f\u00fcr No Billag \u2013 obschon sie mit SRF zufrieden sind","author":"Administrator","date":"December 3, 2017","format":false,"excerpt":"https:\/\/www.watson.ch\/Schweiz\/articles\/294412603-57-Prozent-stimmen-laut-Umfrage-f%C3%BCr-No-Billag-%E2%80%93-obschon-sie-mit-SRF-zufrieden-sind","rel":"","context":"In &quot;Deutsch&quot;","block_context":{"text":"Deutsch","link":"https:\/\/www.achimbrueckner.de\/dxradio\/php\/wordpress\/?cat=1"},"img":{"alt_text":"","src":"","width":0,"height":0},"classes":[]},{"id":30415,"url":"https:\/\/www.achimbrueckner.de\/dxradio\/php\/wordpress\/?p=30415","url_meta":{"origin":38268,"position":2},"title":"Laut Umfrage: 13 Prozent mehr Nutzer von Podcasts, H\u00f6rb\u00fcchern und H\u00f6rspielen","author":"Administrator","date":"October 14, 2020","format":false,"excerpt":"https:\/\/www.infosat.de\/radio\/laut-umfrage-13-prozent-mehr-nutzer-von-podcasts-h-rb-chern-und-h-rspielen","rel":"","context":"In &quot;Deutsch&quot;","block_context":{"text":"Deutsch","link":"https:\/\/www.achimbrueckner.de\/dxradio\/php\/wordpress\/?cat=1"},"img":{"alt_text":"","src":"","width":0,"height":0},"classes":[]},{"id":22543,"url":"https:\/\/www.achimbrueckner.de\/dxradio\/php\/wordpress\/?p=22543","url_meta":{"origin":38268,"position":3},"title":"Nach R\u00fccktritt beim DFB: Ex-Pr\u00e4sident Reinhard Grindel hat ein R\u00fcckkehrrecht zum ZDF","author":"Administrator","date":"April 3, 2019","format":false,"excerpt":"https:\/\/meedia.de\/2019\/04\/03\/nach-ruecktritt-beim-dfb-ex-praesident-reinhard-grindel-hat-ein-rueckkehrrecht-zum-zdf\/","rel":"","context":"In &quot;Deutsch&quot;","block_context":{"text":"Deutsch","link":"https:\/\/www.achimbrueckner.de\/dxradio\/php\/wordpress\/?cat=1"},"img":{"alt_text":"","src":"","width":0,"height":0},"classes":[]},{"id":40624,"url":"https:\/\/www.achimbrueckner.de\/dxradio\/php\/wordpress\/?p=40624","url_meta":{"origin":38268,"position":4},"title":"Pocket Casts: Pers\u00f6nliche Jahresr\u00fcckblicke f\u00fcr die Nutzer","author":"Administrator","date":"December 12, 2023","format":false,"excerpt":"https:\/\/www.radioblog.eu\/2023\/12\/12\/pocket-casts-persoenliche-jahresrueckblicke-fuer-die-nutzer\/","rel":"","context":"In &quot;Deutsch&quot;","block_context":{"text":"Deutsch","link":"https:\/\/www.achimbrueckner.de\/dxradio\/php\/wordpress\/?cat=1"},"img":{"alt_text":"","src":"","width":0,"height":0},"classes":[]},{"id":33136,"url":"https:\/\/www.achimbrueckner.de\/dxradio\/php\/wordpress\/?p=33136","url_meta":{"origin":38268,"position":5},"title":"KI macht es m\u00f6glich: Stimmen klonen f\u00fcr wenige Dollar im Monat","author":"Administrator","date":"July 22, 2021","format":false,"excerpt":"https:\/\/www.heise.de\/hintergrund\/KI-macht-es-moeglich-Stimmen-klonen-fuer-wenige-Dollar-im-Monat-6144114.html","rel":"","context":"In &quot;Deutsch&quot;","block_context":{"text":"Deutsch","link":"https:\/\/www.achimbrueckner.de\/dxradio\/php\/wordpress\/?cat=1"},"img":{"alt_text":"","src":"","width":0,"height":0},"classes":[]}],"_links":{"self":[{"href":"https:\/\/www.achimbrueckner.de\/dxradio\/php\/wordpress\/index.php?rest_route=\/wp\/v2\/posts\/38268","targetHints":{"allow":["GET"]}}],"collection":[{"href":"https:\/\/www.achimbrueckner.de\/dxradio\/php\/wordpress\/index.php?rest_route=\/wp\/v2\/posts"}],"about":[{"href":"https:\/\/www.achimbrueckner.de\/dxradio\/php\/wordpress\/index.php?rest_route=\/wp\/v2\/types\/post"}],"author":[{"embeddable":true,"href":"https:\/\/www.achimbrueckner.de\/dxradio\/php\/wordpress\/index.php?rest_route=\/wp\/v2\/users\/1"}],"replies":[{"embeddable":true,"href":"https:\/\/www.achimbrueckner.de\/dxradio\/php\/wordpress\/index.php?rest_route=%2Fwp%2Fv2%2Fcomments&post=38268"}],"version-history":[{"count":0,"href":"https:\/\/www.achimbrueckner.de\/dxradio\/php\/wordpress\/index.php?rest_route=\/wp\/v2\/posts\/38268\/revisions"}],"wp:attachment":[{"href":"https:\/\/www.achimbrueckner.de\/dxradio\/php\/wordpress\/index.php?rest_route=%2Fwp%2Fv2%2Fmedia&parent=38268"}],"wp:term":[{"taxonomy":"category","embeddable":true,"href":"https:\/\/www.achimbrueckner.de\/dxradio\/php\/wordpress\/index.php?rest_route=%2Fwp%2Fv2%2Fcategories&post=38268"},{"taxonomy":"post_tag","embeddable":true,"href":"https:\/\/www.achimbrueckner.de\/dxradio\/php\/wordpress\/index.php?rest_route=%2Fwp%2Fv2%2Ftags&post=38268"}],"curies":[{"name":"wp","href":"https:\/\/api.w.org\/{rel}","templated":true}]}}