{"id":38310,"date":"2022-12-22T15:09:32","date_gmt":"2022-12-22T15:09:32","guid":{"rendered":"https:\/\/www.achimbrueckner.de\/dxradio\/php\/wordpress\/?p=38310"},"modified":"2022-12-22T15:09:32","modified_gmt":"2022-12-22T15:09:32","slug":"radio-nacional-amazonia-qsl","status":"publish","type":"post","link":"https:\/\/www.achimbrueckner.de\/dxradio\/php\/wordpress\/?p=38310","title":{"rendered":"Radio Nacional Amazonia QSL"},"content":{"rendered":"<p>Radio Nacional Amazonia hat mir heute den Empfang seines Kurzwellensenders aus Manaus auf 6180 kHz mit einer sch\u00f6nen QSL Karte best\u00e4tigt. Die Station ist am sp\u00e4teren Abend gegen 22 Uhr UT bei uns zu h\u00f6ren.<\/p>\n<p>Info via Facebook<\/p>\n","protected":false},"excerpt":{"rendered":"<p>Radio Nacional Amazonia hat mir heute den Empfang seines Kurzwellensenders aus Manaus auf 6180 kHz mit einer sch\u00f6nen QSL Karte best\u00e4tigt. Die Station ist am sp\u00e4teren Abend gegen 22 Uhr UT bei uns zu h\u00f6ren. Info via Facebook<\/p>\n","protected":false},"author":1,"featured_media":0,"comment_status":"closed","ping_status":"open","sticky":false,"template":"","format":"standard","meta":{"_jetpack_memberships_contains_paid_content":false,"footnotes":"","jetpack_publicize_message":"","jetpack_publicize_feature_enabled":true,"jetpack_social_post_already_shared":true,"jetpack_social_options":{"image_generator_settings":{"template":"highway","default_image_id":0,"font":"","enabled":false},"version":2}},"categories":[1],"tags":[],"class_list":["post-38310","post","type-post","status-publish","format-standard","hentry","category-deutsch"],"jetpack_publicize_connections":[],"jetpack_featured_media_url":"","jetpack_sharing_enabled":true,"jetpack_shortlink":"https:\/\/wp.me\/p5CDmr-9XU","jetpack-related-posts":[{"id":33710,"url":"https:\/\/www.achimbrueckner.de\/dxradio\/php\/wordpress\/?p=33710","url_meta":{"origin":38310,"position":0},"title":"Radio Nacional da Amazonia prepares for DRM broadcasts","author":"Administrator","date":"October 5, 2021","format":false,"excerpt":"https:\/\/swling.com\/blog\/2021\/10\/radio-nacional-da-amazonia-prepares-for-drm-broadcasts\/","rel":"","context":"In &quot;English&quot;","block_context":{"text":"English","link":"https:\/\/www.achimbrueckner.de\/dxradio\/php\/wordpress\/?cat=2"},"img":{"alt_text":"","src":"","width":0,"height":0},"classes":[]},{"id":25402,"url":"https:\/\/www.achimbrueckner.de\/dxradio\/php\/wordpress\/?p=25402","url_meta":{"origin":38310,"position":1},"title":"Guest Post: Photo and Video Tour of R\u00e1dio Nacional da Amaz\u00f4nia","author":"Administrator","date":"October 20, 2019","format":false,"excerpt":"https:\/\/swling.com\/blog\/2019\/10\/guest-post-photo-and-video-tour-of-radio-nacional-da-amazonia\/","rel":"","context":"In &quot;English&quot;","block_context":{"text":"English","link":"https:\/\/www.achimbrueckner.de\/dxradio\/php\/wordpress\/?cat=2"},"img":{"alt_text":"","src":"","width":0,"height":0},"classes":[]},{"id":181,"url":"https:\/\/www.achimbrueckner.de\/dxradio\/php\/wordpress\/?p=181","url_meta":{"origin":38310,"position":2},"title":"Radio Nacional Amazonia","author":"Administrator","date":"November 1, 2006","format":false,"excerpt":"Radio Nacional Amazonia is on 6180 Khz at 0030 Utc in Portuguese with SINPO 34433. Strong signal, some local music into talk by men. The website of the station can be reached via http:\/\/www.radiobras.gov.br\/.","rel":"","context":"In &quot;reception&quot;","block_context":{"text":"reception","link":"https:\/\/www.achimbrueckner.de\/dxradio\/php\/wordpress\/?cat=4"},"img":{"alt_text":"","src":"","width":0,"height":0},"classes":[]},{"id":38132,"url":"https:\/\/www.achimbrueckner.de\/dxradio\/php\/wordpress\/?p=38132","url_meta":{"origin":38310,"position":3},"title":"Brasilien R\u00e1dio Nacional da Amaz\u00f4nia","author":"Administrator","date":"December 6, 2022","format":false,"excerpt":"Brasilien R\u00e1dio Nacional da Amaz\u00f4nia aus Bras\u00edlia ist mit guter Signalst\u00e4rke gegen 2140 UT auf 6180 kHz zu h\u00f6ren. Danke an OM Ewald f\u00fcr den Hinweis in unserer A-DX Mailingliste. Info via Facebook","rel":"","context":"In &quot;Deutsch&quot;","block_context":{"text":"Deutsch","link":"https:\/\/www.achimbrueckner.de\/dxradio\/php\/wordpress\/?cat=1"},"img":{"alt_text":"","src":"","width":0,"height":0},"classes":[]},{"id":27421,"url":"https:\/\/www.achimbrueckner.de\/dxradio\/php\/wordpress\/?p=27421","url_meta":{"origin":38310,"position":4},"title":"LRA36 Radio Nacional Arc\u00e1ngel San Gabriel","author":"Administrator","date":"March 4, 2020","format":false,"excerpt":"https:\/\/qsl-review.blogspot.com\/2020\/03\/lra36-radio-nacional-arcangel-san.html","rel":"","context":"In &quot;English&quot;","block_context":{"text":"English","link":"https:\/\/www.achimbrueckner.de\/dxradio\/php\/wordpress\/?cat=2"},"img":{"alt_text":"","src":"","width":0,"height":0},"classes":[]},{"id":39681,"url":"https:\/\/www.achimbrueckner.de\/dxradio\/php\/wordpress\/?p=39681","url_meta":{"origin":38310,"position":5},"title":"QSL FROM LRA36 RADIO NACIONAL ARCANGEL SAN GABRIEL 15476 KHz","author":"Administrator","date":"June 18, 2023","format":false,"excerpt":"https:\/\/swli05639fr.blogspot.com\/2023\/06\/qsl-from-lra36-radio-nacional-arcangel.html","rel":"","context":"In &quot;English&quot;","block_context":{"text":"English","link":"https:\/\/www.achimbrueckner.de\/dxradio\/php\/wordpress\/?cat=2"},"img":{"alt_text":"","src":"","width":0,"height":0},"classes":[]}],"_links":{"self":[{"href":"https:\/\/www.achimbrueckner.de\/dxradio\/php\/wordpress\/index.php?rest_route=\/wp\/v2\/posts\/38310","targetHints":{"allow":["GET"]}}],"collection":[{"href":"https:\/\/www.achimbrueckner.de\/dxradio\/php\/wordpress\/index.php?rest_route=\/wp\/v2\/posts"}],"about":[{"href":"https:\/\/www.achimbrueckner.de\/dxradio\/php\/wordpress\/index.php?rest_route=\/wp\/v2\/types\/post"}],"author":[{"embeddable":true,"href":"https:\/\/www.achimbrueckner.de\/dxradio\/php\/wordpress\/index.php?rest_route=\/wp\/v2\/users\/1"}],"replies":[{"embeddable":true,"href":"https:\/\/www.achimbrueckner.de\/dxradio\/php\/wordpress\/index.php?rest_route=%2Fwp%2Fv2%2Fcomments&post=38310"}],"version-history":[{"count":0,"href":"https:\/\/www.achimbrueckner.de\/dxradio\/php\/wordpress\/index.php?rest_route=\/wp\/v2\/posts\/38310\/revisions"}],"wp:attachment":[{"href":"https:\/\/www.achimbrueckner.de\/dxradio\/php\/wordpress\/index.php?rest_route=%2Fwp%2Fv2%2Fmedia&parent=38310"}],"wp:term":[{"taxonomy":"category","embeddable":true,"href":"https:\/\/www.achimbrueckner.de\/dxradio\/php\/wordpress\/index.php?rest_route=%2Fwp%2Fv2%2Fcategories&post=38310"},{"taxonomy":"post_tag","embeddable":true,"href":"https:\/\/www.achimbrueckner.de\/dxradio\/php\/wordpress\/index.php?rest_route=%2Fwp%2Fv2%2Ftags&post=38310"}],"curies":[{"name":"wp","href":"https:\/\/api.w.org\/{rel}","templated":true}]}}