{"id":38323,"date":"2022-12-22T15:53:02","date_gmt":"2022-12-22T15:53:02","guid":{"rendered":"https:\/\/www.achimbrueckner.de\/dxradio\/php\/wordpress\/?p=38323"},"modified":"2022-12-22T15:53:02","modified_gmt":"2022-12-22T15:53:02","slug":"bleibt-von-den-gj-marken-am-ende-doch-nur-der-stern-bei-rtl-ubrig","status":"publish","type":"post","link":"https:\/\/www.achimbrueckner.de\/dxradio\/php\/wordpress\/?p=38323","title":{"rendered":"Bleibt von den G+J-Marken am Ende doch nur der \u201eStern\u201c bei RTL \u00fcbrig?"},"content":{"rendered":"<p><a href=\"https:\/\/meedia.de\/2022\/12\/22\/nach-medienbericht-bleibt-von-den-gj-marken-am-ende-doch-nur-der-stern-bei-rtl-uebrig\/\" rel=\"noopener\" target=\"_blank\">https:\/\/meedia.de\/2022\/12\/22\/nach-medienbericht-bleibt-von-den-gj-marken-am-ende-doch-nur-der-stern-bei-rtl-uebrig\/<\/a><\/p>\n","protected":false},"excerpt":{"rendered":"<p>https:\/\/meedia.de\/2022\/12\/22\/nach-medienbericht-bleibt-von-den-gj-marken-am-ende-doch-nur-der-stern-bei-rtl-uebrig\/<\/p>\n","protected":false},"author":1,"featured_media":0,"comment_status":"closed","ping_status":"open","sticky":false,"template":"","format":"standard","meta":{"_jetpack_memberships_contains_paid_content":false,"footnotes":"","jetpack_publicize_message":"","jetpack_publicize_feature_enabled":true,"jetpack_social_post_already_shared":true,"jetpack_social_options":{"image_generator_settings":{"template":"highway","default_image_id":0,"font":"","enabled":false},"version":2}},"categories":[1],"tags":[],"class_list":["post-38323","post","type-post","status-publish","format-standard","hentry","category-deutsch"],"jetpack_publicize_connections":[],"jetpack_featured_media_url":"","jetpack_sharing_enabled":true,"jetpack_shortlink":"https:\/\/wp.me\/p5CDmr-9Y7","jetpack-related-posts":[{"id":33672,"url":"https:\/\/www.achimbrueckner.de\/dxradio\/php\/wordpress\/?p=33672","url_meta":{"origin":38323,"position":0},"title":"Katja Berg: Grenzenlose Unterhaltung: Radio Luxemburg","author":"Administrator","date":"September 29, 2021","format":false,"excerpt":"Buch-Tipp: Auf und Ab der Radiolegende Radio Luxemburg war der gro\u00dfe kommerzielle \u00fcberregionale Sender der 50er- bis 80er-Jahre. In Deutschland wurde er im Saarland und in Nordrhein-Westfalen wegen der N\u00e4he zum Nachbarland und dem damit einhergehenden guten Empfang besonders viel geh\u00f6rt und wird dort heute noch oft nostalgisch verkl\u00e4rt. Das\u2026","rel":"","context":"In &quot;Deutsch&quot;","block_context":{"text":"Deutsch","link":"https:\/\/www.achimbrueckner.de\/dxradio\/php\/wordpress\/?cat=1"},"img":{"alt_text":"","src":"","width":0,"height":0},"classes":[]},{"id":22294,"url":"https:\/\/www.achimbrueckner.de\/dxradio\/php\/wordpress\/?p=22294","url_meta":{"origin":38323,"position":1},"title":"Audio Now: RTL Radio startet Podcast-App mit exklusiven Serien von stern und Brigitte","author":"Administrator","date":"March 21, 2019","format":false,"excerpt":"https:\/\/meedia.de\/2019\/03\/21\/audio-now-rtl-radio-startet-podcast-app-mit-exklusiven-serien-von-stern-und-brigitte\/","rel":"","context":"In &quot;audio&quot;","block_context":{"text":"audio","link":"https:\/\/www.achimbrueckner.de\/dxradio\/php\/wordpress\/?cat=47"},"img":{"alt_text":"","src":"","width":0,"height":0},"classes":[]},{"id":43682,"url":"https:\/\/www.achimbrueckner.de\/dxradio\/php\/wordpress\/?p=43682","url_meta":{"origin":38323,"position":2},"title":"Nach 15 Jahren: dein fm wird eingestellt \u2013 Sp\u00e4tschicht zieht ins Lokalradio ein.","author":"Administrator","date":"August 29, 2025","format":false,"excerpt":"Nach 15 Jahren: dein fm wird eingestellt \u2013 Sp\u00e4tschicht zieht ins Lokalradio ein. Nach rund 15 Jahren wird der Radiosender dein fm eingestellt. Eine \u00dcberf\u00fchrung des Senders ins Digitalradio (DAB+) ist derzeit nicht geplant. Damit endet eine \u00c4ra f\u00fcr viele treue H\u00f6rerinnen und H\u00f6rer, die den lokalen Radiosender \u00fcber die\u2026","rel":"","context":"In &quot;Deutsch&quot;","block_context":{"text":"Deutsch","link":"https:\/\/www.achimbrueckner.de\/dxradio\/php\/wordpress\/?cat=1"},"img":{"alt_text":"","src":"","width":0,"height":0},"classes":[]},{"id":5804,"url":"https:\/\/www.achimbrueckner.de\/dxradio\/php\/wordpress\/?p=5804","url_meta":{"origin":38323,"position":3},"title":"Einstellung Webpr\u00e4senz KWRS","author":"Administrator","date":"September 3, 2015","format":false,"excerpt":"Deutschland (Bayern): Nach 21 Jahren Betreuung der Internetpr\u00e4senz des Kurzwellenring S\u00fcd, seit 1999 unter www.kwrs.de, und vielen weiteren Engagements im Rahmen des Kurzwellenring S\u00fcd zieht Georg Einfalt zum Jahresende 2015 einen Schlussstrich. \u201eDie Attraktivit\u00e4t des Hobbys hat \u00fcber die letzten Jahre durch den Sendeschluss von immer mehr Kurzwellenstationen doch sehr\u2026","rel":"","context":"In &quot;Deutsch&quot;","block_context":{"text":"Deutsch","link":"https:\/\/www.achimbrueckner.de\/dxradio\/php\/wordpress\/?cat=1"},"img":{"alt_text":"","src":"","width":0,"height":0},"classes":[]},{"id":3277,"url":"https:\/\/www.achimbrueckner.de\/dxradio\/php\/wordpress\/?p=3277","url_meta":{"origin":38323,"position":4},"title":"Zankapfel RTL-Antennen Bleibt Marnach auf Sendung?","author":"Administrator","date":"June 20, 2014","format":false,"excerpt":"http:\/\/www.wort.lu\/de\/lokales\/zankapfel-rtl-antennen-bleibt-marnach-auf-sendung-53743dfcb9b39887080261d3","rel":"","context":"In &quot;Deutsch&quot;","block_context":{"text":"Deutsch","link":"https:\/\/www.achimbrueckner.de\/dxradio\/php\/wordpress\/?cat=1"},"img":{"alt_text":"","src":"","width":0,"height":0},"classes":[]},{"id":487,"url":"https:\/\/www.achimbrueckner.de\/dxradio\/php\/wordpress\/?p=487","url_meta":{"origin":38323,"position":5},"title":"KBS H\u00f6rertreffen IFA Berlin","author":"Administrator","date":"August 8, 2009","format":false,"excerpt":"KBS-H\u00f6rertreffen \"Liebe H\u00f6rerfreundin, Lieber H\u00f6rerfreund, Am 28.August 2009 ist es wieder soweit, die Internationale Funkausstellung \u00f6ffnet in Berlin ihre Pforten und aus diesem Anlass findet zum 5.Mal das KBS-H\u00f6rertreffen statt. Sehr gerne lade ich Euch zu diesem Treffen ein. Wie auch in den vergangenen Jahren stellt uns die Kulturabteilung der\u2026","rel":"","context":"In &quot;camps&quot;","block_context":{"text":"camps","link":"https:\/\/www.achimbrueckner.de\/dxradio\/php\/wordpress\/?cat=5"},"img":{"alt_text":"","src":"","width":0,"height":0},"classes":[]}],"_links":{"self":[{"href":"https:\/\/www.achimbrueckner.de\/dxradio\/php\/wordpress\/index.php?rest_route=\/wp\/v2\/posts\/38323","targetHints":{"allow":["GET"]}}],"collection":[{"href":"https:\/\/www.achimbrueckner.de\/dxradio\/php\/wordpress\/index.php?rest_route=\/wp\/v2\/posts"}],"about":[{"href":"https:\/\/www.achimbrueckner.de\/dxradio\/php\/wordpress\/index.php?rest_route=\/wp\/v2\/types\/post"}],"author":[{"embeddable":true,"href":"https:\/\/www.achimbrueckner.de\/dxradio\/php\/wordpress\/index.php?rest_route=\/wp\/v2\/users\/1"}],"replies":[{"embeddable":true,"href":"https:\/\/www.achimbrueckner.de\/dxradio\/php\/wordpress\/index.php?rest_route=%2Fwp%2Fv2%2Fcomments&post=38323"}],"version-history":[{"count":0,"href":"https:\/\/www.achimbrueckner.de\/dxradio\/php\/wordpress\/index.php?rest_route=\/wp\/v2\/posts\/38323\/revisions"}],"wp:attachment":[{"href":"https:\/\/www.achimbrueckner.de\/dxradio\/php\/wordpress\/index.php?rest_route=%2Fwp%2Fv2%2Fmedia&parent=38323"}],"wp:term":[{"taxonomy":"category","embeddable":true,"href":"https:\/\/www.achimbrueckner.de\/dxradio\/php\/wordpress\/index.php?rest_route=%2Fwp%2Fv2%2Fcategories&post=38323"},{"taxonomy":"post_tag","embeddable":true,"href":"https:\/\/www.achimbrueckner.de\/dxradio\/php\/wordpress\/index.php?rest_route=%2Fwp%2Fv2%2Ftags&post=38323"}],"curies":[{"name":"wp","href":"https:\/\/api.w.org\/{rel}","templated":true}]}}