{"id":38324,"date":"2022-12-22T15:55:07","date_gmt":"2022-12-22T15:55:07","guid":{"rendered":"https:\/\/www.achimbrueckner.de\/dxradio\/php\/wordpress\/?p=38324"},"modified":"2022-12-22T15:55:07","modified_gmt":"2022-12-22T15:55:07","slug":"deutschlandradio-ard-zdf-zeit-fur-eine-radikale-reform","status":"publish","type":"post","link":"https:\/\/www.achimbrueckner.de\/dxradio\/php\/wordpress\/?p=38324","title":{"rendered":"Deutschlandradio, ARD &#038; ZDF Zeit f\u00fcr eine radikale Reform?"},"content":{"rendered":"<p><a href=\"https:\/\/www.deutschlandfunk.de\/deutschlandradio-ard-zdf-zeit-fuer-eine-radikale-reform-dlf-831d94a2-100.html\" rel=\"noopener\" target=\"_blank\">https:\/\/www.deutschlandfunk.de\/deutschlandradio-ard-zdf-zeit-fuer-eine-radikale-reform-dlf-831d94a2-100.html<\/a><\/p>\n","protected":false},"excerpt":{"rendered":"<p>https:\/\/www.deutschlandfunk.de\/deutschlandradio-ard-zdf-zeit-fuer-eine-radikale-reform-dlf-831d94a2-100.html<\/p>\n","protected":false},"author":1,"featured_media":0,"comment_status":"closed","ping_status":"open","sticky":false,"template":"","format":"standard","meta":{"_jetpack_memberships_contains_paid_content":false,"footnotes":"","jetpack_publicize_message":"","jetpack_publicize_feature_enabled":true,"jetpack_social_post_already_shared":true,"jetpack_social_options":{"image_generator_settings":{"template":"highway","default_image_id":0,"font":"","enabled":false},"version":2}},"categories":[1],"tags":[],"class_list":["post-38324","post","type-post","status-publish","format-standard","hentry","category-deutsch"],"jetpack_publicize_connections":[],"jetpack_featured_media_url":"","jetpack_sharing_enabled":true,"jetpack_shortlink":"https:\/\/wp.me\/p5CDmr-9Y8","jetpack-related-posts":[{"id":18230,"url":"https:\/\/www.achimbrueckner.de\/dxradio\/php\/wordpress\/?p=18230","url_meta":{"origin":38324,"position":0},"title":"Neuer Netzauftrag f\u00fcr ARD, ZDF und Deutschlandradio","author":"Administrator","date":"June 14, 2018","format":false,"excerpt":"https:\/\/www.ndr.de\/fernsehen\/sendungen\/zapp\/Neuer-Netzauftrag-fuer-ARD-ZDF-und-Deutschlandradio,telemedienauftrag100.html","rel":"","context":"In &quot;Deutsch&quot;","block_context":{"text":"Deutsch","link":"https:\/\/www.achimbrueckner.de\/dxradio\/php\/wordpress\/?cat=1"},"img":{"alt_text":"","src":"","width":0,"height":0},"classes":[]},{"id":33232,"url":"https:\/\/www.achimbrueckner.de\/dxradio\/php\/wordpress\/?p=33232","url_meta":{"origin":38324,"position":1},"title":"Rundfunkbeitrag: Karlsruhe urteilt \u00fcber Beschwerde von ARD, ZDF und Deutschlandradio","author":"Administrator","date":"August 3, 2021","format":false,"excerpt":"https:\/\/meedia.de\/2021\/08\/03\/rundfunkbeitrag-karlsruhe-urteilt-ueber-beschwerde-von-ard-zdf-und-deutschlandradio\/","rel":"","context":"In &quot;Deutsch&quot;","block_context":{"text":"Deutsch","link":"https:\/\/www.achimbrueckner.de\/dxradio\/php\/wordpress\/?cat=1"},"img":{"alt_text":"","src":"","width":0,"height":0},"classes":[]},{"id":33255,"url":"https:\/\/www.achimbrueckner.de\/dxradio\/php\/wordpress\/?p=33255","url_meta":{"origin":38324,"position":2},"title":"ARD und ZDF begr\u00fc\u00dfen Erh\u00f6hung des Rundfunkbeitrags","author":"Administrator","date":"August 5, 2021","format":false,"excerpt":"https:\/\/www.teltarif.de\/ard-zdf-deutschlandradio-rundfunkbeitrag-urteil-reaktionen\/news\/85341.html","rel":"","context":"In &quot;Deutsch&quot;","block_context":{"text":"Deutsch","link":"https:\/\/www.achimbrueckner.de\/dxradio\/php\/wordpress\/?cat=1"},"img":{"alt_text":"","src":"","width":0,"height":0},"classes":[]},{"id":31069,"url":"https:\/\/www.achimbrueckner.de\/dxradio\/php\/wordpress\/?p=31069","url_meta":{"origin":38324,"position":3},"title":"Finanzen ARD und ZDF Wof\u00fcr 8 Milliarden Euro ?","author":"Administrator","date":"December 9, 2020","format":false,"excerpt":"https:\/\/www.faz.net\/aktuell\/feuilleton\/medien\/rundfunkbeitrag-wofuer-ard-zdf-und-deutschlandradio-geld-ausgeben-17091678.html","rel":"","context":"In &quot;Deutsch&quot;","block_context":{"text":"Deutsch","link":"https:\/\/www.achimbrueckner.de\/dxradio\/php\/wordpress\/?cat=1"},"img":{"alt_text":"","src":"","width":0,"height":0},"classes":[]},{"id":31082,"url":"https:\/\/www.achimbrueckner.de\/dxradio\/php\/wordpress\/?p=31082","url_meta":{"origin":38324,"position":4},"title":"Rundfunkbeitrag: ARD droht mit Einschnitten im Programm","author":"Administrator","date":"December 10, 2020","format":false,"excerpt":"https:\/\/www.teltarif.de\/ard-zdf-deutschlandradio-rundfunkbeitrag\/news\/82845.html","rel":"","context":"In &quot;Deutsch&quot;","block_context":{"text":"Deutsch","link":"https:\/\/www.achimbrueckner.de\/dxradio\/php\/wordpress\/?cat=1"},"img":{"alt_text":"","src":"","width":0,"height":0},"classes":[]},{"id":31318,"url":"https:\/\/www.achimbrueckner.de\/dxradio\/php\/wordpress\/?p=31318","url_meta":{"origin":38324,"position":5},"title":"Rundfunkbeitrag: Verfassungsgericht weist Eilantr\u00e4ge ab","author":"Administrator","date":"December 23, 2020","format":false,"excerpt":"https:\/\/www.teltarif.de\/bundesverfassungsgericht-ard-zdf-deutschlandradio\/news\/82984.html","rel":"","context":"In &quot;Deutsch&quot;","block_context":{"text":"Deutsch","link":"https:\/\/www.achimbrueckner.de\/dxradio\/php\/wordpress\/?cat=1"},"img":{"alt_text":"","src":"","width":0,"height":0},"classes":[]}],"_links":{"self":[{"href":"https:\/\/www.achimbrueckner.de\/dxradio\/php\/wordpress\/index.php?rest_route=\/wp\/v2\/posts\/38324","targetHints":{"allow":["GET"]}}],"collection":[{"href":"https:\/\/www.achimbrueckner.de\/dxradio\/php\/wordpress\/index.php?rest_route=\/wp\/v2\/posts"}],"about":[{"href":"https:\/\/www.achimbrueckner.de\/dxradio\/php\/wordpress\/index.php?rest_route=\/wp\/v2\/types\/post"}],"author":[{"embeddable":true,"href":"https:\/\/www.achimbrueckner.de\/dxradio\/php\/wordpress\/index.php?rest_route=\/wp\/v2\/users\/1"}],"replies":[{"embeddable":true,"href":"https:\/\/www.achimbrueckner.de\/dxradio\/php\/wordpress\/index.php?rest_route=%2Fwp%2Fv2%2Fcomments&post=38324"}],"version-history":[{"count":0,"href":"https:\/\/www.achimbrueckner.de\/dxradio\/php\/wordpress\/index.php?rest_route=\/wp\/v2\/posts\/38324\/revisions"}],"wp:attachment":[{"href":"https:\/\/www.achimbrueckner.de\/dxradio\/php\/wordpress\/index.php?rest_route=%2Fwp%2Fv2%2Fmedia&parent=38324"}],"wp:term":[{"taxonomy":"category","embeddable":true,"href":"https:\/\/www.achimbrueckner.de\/dxradio\/php\/wordpress\/index.php?rest_route=%2Fwp%2Fv2%2Fcategories&post=38324"},{"taxonomy":"post_tag","embeddable":true,"href":"https:\/\/www.achimbrueckner.de\/dxradio\/php\/wordpress\/index.php?rest_route=%2Fwp%2Fv2%2Ftags&post=38324"}],"curies":[{"name":"wp","href":"https:\/\/api.w.org\/{rel}","templated":true}]}}