{"id":38334,"date":"2022-12-23T15:28:29","date_gmt":"2022-12-23T15:28:29","guid":{"rendered":"https:\/\/www.achimbrueckner.de\/dxradio\/php\/wordpress\/?p=38334"},"modified":"2022-12-23T15:28:29","modified_gmt":"2022-12-23T15:28:29","slug":"album-am-dx-test-846-khz","status":"publish","type":"post","link":"https:\/\/www.achimbrueckner.de\/dxradio\/php\/wordpress\/?p=38334","title":{"rendered":"Album AM DX-Test 846 kHz"},"content":{"rendered":"<p>Hallo !<\/p>\n<p>Die niederl\u00e4ndische Low-Power MW-Station Album AM k\u00fcndigt f\u00fcr das lange Weihnachtswochende einen DX-Test auf 846 kHz an. Dazu ist man rund um die Uhr aktiv und wird regelm\u00e4\u00dfig (ca. alle 15 Minuten) eine ID in Morsecode ausstrahlen. <a href=\"http:\/\/www.albumam.nl\/\" rel=\"noopener\" target=\"_blank\">http:\/\/www.albumam.nl\/<\/a><\/p>\n<p>Dadurch bietet sich die M\u00f6glichkeit, das Signal zu empfangen, auch wenn das regul\u00e4re Programm zu schwach f\u00fcr einen Empfang ist. Das hat bei einem 2020 schon mal durchgef\u00fchrten DX-Test in S\u00fcdost\u00f6sterreich ganz gut funktioniert.<\/p>\n<p>73, Patrick<\/p>\n<p>Info via <a href=\"https:\/\/www.ratzer.at\" rel=\"noopener\" target=\"_blank\">A-DX<\/a><\/p>\n","protected":false},"excerpt":{"rendered":"<p>Hallo ! Die niederl\u00e4ndische Low-Power MW-Station Album AM k\u00fcndigt f\u00fcr das lange Weihnachtswochende einen DX-Test auf 846 kHz an. Dazu ist man rund um die Uhr aktiv und wird regelm\u00e4\u00dfig (ca. alle 15 Minuten) eine ID in Morsecode ausstrahlen. http:\/\/www.albumam.nl\/ Dadurch bietet sich die M\u00f6glichkeit, das Signal zu empfangen, auch wenn das regul\u00e4re Programm zu &hellip; <a href=\"https:\/\/www.achimbrueckner.de\/dxradio\/php\/wordpress\/?p=38334\" class=\"more-link\">Continue reading <span class=\"screen-reader-text\">Album AM DX-Test 846 kHz<\/span><\/a><\/p>\n","protected":false},"author":1,"featured_media":0,"comment_status":"closed","ping_status":"open","sticky":false,"template":"","format":"standard","meta":{"_jetpack_memberships_contains_paid_content":false,"footnotes":"","jetpack_publicize_message":"","jetpack_publicize_feature_enabled":true,"jetpack_social_post_already_shared":true,"jetpack_social_options":{"image_generator_settings":{"template":"highway","default_image_id":0,"font":"","enabled":false},"version":2}},"categories":[1],"tags":[],"class_list":["post-38334","post","type-post","status-publish","format-standard","hentry","category-deutsch"],"jetpack_publicize_connections":[],"jetpack_featured_media_url":"","jetpack_sharing_enabled":true,"jetpack_shortlink":"https:\/\/wp.me\/p5CDmr-9Yi","jetpack-related-posts":[{"id":40316,"url":"https:\/\/www.achimbrueckner.de\/dxradio\/php\/wordpress\/?p=40316","url_meta":{"origin":38334,"position":0},"title":"Album AM DX-test 846 Khz","author":"Administrator","date":"October 11, 2023","format":false,"excerpt":"Because pirate Radio North is off-air, legal radio station Album AM will use this opportunity to perform a DX transmission test on 846 kHz October 11 & 12 (evening). Please send reports from Wales, Isle of Man, Scotland and Ireland because normally this is not possible due to RN radio@albumam.nl\u2026","rel":"","context":"In &quot;English&quot;","block_context":{"text":"English","link":"https:\/\/www.achimbrueckner.de\/dxradio\/php\/wordpress\/?cat=2"},"img":{"alt_text":"","src":"","width":0,"height":0},"classes":[]},{"id":31438,"url":"https:\/\/www.achimbrueckner.de\/dxradio\/php\/wordpress\/?p=31438","url_meta":{"origin":38334,"position":1},"title":"Kritik an der niederl\u00e4ndischen LPAM-Politik","author":"Administrator","date":"December 30, 2020","format":false,"excerpt":"Kritik an der niederl\u00e4ndischen LPAM-Politik Seit 2016 als Pilotprojekt und seit 2019 als regul\u00e4re M\u00f6glichkeit k\u00f6nnen Interessenten in den Niederlanden Senderechte f\u00fcr Mittelwellensender kleiner Leistung (\u201elow-power AM\u201c <100 Watt) beantragen. Das tun immer mehr, doch dem DX-Veteranen Max van Arnhem (mwcircle) platzte j\u00fcngst der Kragen. Er bringt technische, aber auch\u2026","rel":"","context":"In &quot;Deutsch&quot;","block_context":{"text":"Deutsch","link":"https:\/\/www.achimbrueckner.de\/dxradio\/php\/wordpress\/?cat=1"},"img":{"alt_text":"","src":"","width":0,"height":0},"classes":[]},{"id":2298,"url":"https:\/\/www.achimbrueckner.de\/dxradio\/php\/wordpress\/?p=2298","url_meta":{"origin":38334,"position":2},"title":"50. RMRC DX-Camp Langenselbold","author":"Administrator","date":"September 15, 2012","format":false,"excerpt":"Unser 50. DX-Camp wird gro\u00df gefeiert. Es findet vom 01. bis 07. Oktober 2012 in Langenselbold statt. Vor dem DX-Camp werden wir eine KW-Sendung \u00fcber Sitkunai ausstrahlen: 1. voraussichtlich So. 23.9.2012 14.00-15.00 UTC auf 6180 kHz 2. voraussichtlich So. 21.10.2012 14.00-15.00 UTC auf 6180 kHz Das Programm steht noch nicht\u2026","rel":"","context":"In &quot;camps&quot;","block_context":{"text":"camps","link":"https:\/\/www.achimbrueckner.de\/dxradio\/php\/wordpress\/?cat=5"},"img":{"alt_text":"","src":"","width":0,"height":0},"classes":[]},{"id":28048,"url":"https:\/\/www.achimbrueckner.de\/dxradio\/php\/wordpress\/?p=28048","url_meta":{"origin":38334,"position":3},"title":"RADIO DARC Sondersendung zu Ostern 2020","author":"Administrator","date":"April 8, 2020","format":false,"excerpt":"RADIO DARC Sondersendung zu Ostern In der diesj\u00e4hrigen Ostersendung von RADIO DARC am Sonntag, den 12. April um 11 Uhr MESZ wird live \u00fcber IRIDIUM Satelliten-Telefon zu Dr. J\u00f6rg Hofmann, DJ\u00d8HO, an Bord des Forschungsschiffes \u201ePolarstern\u201c geschaltet. J\u00f6rg ist Mitglied der MOSAIC-Expedition und befindet sich derzeit in der N\u00e4he des\u2026","rel":"","context":"In &quot;Deutsch&quot;","block_context":{"text":"Deutsch","link":"https:\/\/www.achimbrueckner.de\/dxradio\/php\/wordpress\/?cat=1"},"img":{"alt_text":"","src":"","width":0,"height":0},"classes":[]},{"id":12838,"url":"https:\/\/www.achimbrueckner.de\/dxradio\/php\/wordpress\/?p=12838","url_meta":{"origin":38334,"position":4},"title":"Kurzwellen-Sondersendungen von der 24. IARU-Region 1-Konferenz","author":"Administrator","date":"April 13, 2017","format":false,"excerpt":"RADIO DARC berichtet in Kurzwellen-Sondersendungen von der 24. IARU-Region 1-Konferenz aus Landshut Vom 16. bis 22. September 2017 findet in Landshut bei M\u00fcnchen die IARU-Region-1-Konferenz statt. Deutschland war 1958 das letzte Mal Gastgeber dieser Veranstaltung der Internationalen Amateur-Radio-Union. 130 Delegierte von vielen der 96 Mitgliedsverb\u00e4nden werden dort Fragen rund um\u2026","rel":"","context":"In &quot;Deutsch&quot;","block_context":{"text":"Deutsch","link":"https:\/\/www.achimbrueckner.de\/dxradio\/php\/wordpress\/?cat=1"},"img":{"alt_text":"","src":"","width":0,"height":0},"classes":[]},{"id":218,"url":"https:\/\/www.achimbrueckner.de\/dxradio\/php\/wordpress\/?p=218","url_meta":{"origin":38334,"position":5},"title":"HCJB Quito","author":"Administrator","date":"November 25, 2006","format":false,"excerpt":"HCJB Quito ist mit der Sendung f\u00fcr DXer auf 3955 Khz via J\u00fclich mit SINPO 45444 um 1650 Utc in Deutsch zu h\u00f6ren. Markus Weidner bringt DX-Meldungen aus der Satszene. Es l\u00e4uft das DX-Programm des http:\/\/www.rmrc.de. Empfangsberichte werden gegen einen frankierten R\u00fcckumschlag best\u00e4tigt. Danach folgen DX-Tips von Dieter K Reibold.\u2026","rel":"","context":"In &quot;Empfang&quot;","block_context":{"text":"Empfang","link":"https:\/\/www.achimbrueckner.de\/dxradio\/php\/wordpress\/?cat=3"},"img":{"alt_text":"","src":"","width":0,"height":0},"classes":[]}],"_links":{"self":[{"href":"https:\/\/www.achimbrueckner.de\/dxradio\/php\/wordpress\/index.php?rest_route=\/wp\/v2\/posts\/38334","targetHints":{"allow":["GET"]}}],"collection":[{"href":"https:\/\/www.achimbrueckner.de\/dxradio\/php\/wordpress\/index.php?rest_route=\/wp\/v2\/posts"}],"about":[{"href":"https:\/\/www.achimbrueckner.de\/dxradio\/php\/wordpress\/index.php?rest_route=\/wp\/v2\/types\/post"}],"author":[{"embeddable":true,"href":"https:\/\/www.achimbrueckner.de\/dxradio\/php\/wordpress\/index.php?rest_route=\/wp\/v2\/users\/1"}],"replies":[{"embeddable":true,"href":"https:\/\/www.achimbrueckner.de\/dxradio\/php\/wordpress\/index.php?rest_route=%2Fwp%2Fv2%2Fcomments&post=38334"}],"version-history":[{"count":0,"href":"https:\/\/www.achimbrueckner.de\/dxradio\/php\/wordpress\/index.php?rest_route=\/wp\/v2\/posts\/38334\/revisions"}],"wp:attachment":[{"href":"https:\/\/www.achimbrueckner.de\/dxradio\/php\/wordpress\/index.php?rest_route=%2Fwp%2Fv2%2Fmedia&parent=38334"}],"wp:term":[{"taxonomy":"category","embeddable":true,"href":"https:\/\/www.achimbrueckner.de\/dxradio\/php\/wordpress\/index.php?rest_route=%2Fwp%2Fv2%2Fcategories&post=38334"},{"taxonomy":"post_tag","embeddable":true,"href":"https:\/\/www.achimbrueckner.de\/dxradio\/php\/wordpress\/index.php?rest_route=%2Fwp%2Fv2%2Ftags&post=38334"}],"curies":[{"name":"wp","href":"https:\/\/api.w.org\/{rel}","templated":true}]}}