{"id":38341,"date":"2022-12-25T14:07:50","date_gmt":"2022-12-25T14:07:50","guid":{"rendered":"https:\/\/www.achimbrueckner.de\/dxradio\/php\/wordpress\/?p=38341"},"modified":"2022-12-25T14:07:50","modified_gmt":"2022-12-25T14:07:50","slug":"weihnachtsgruse-an-seeleute-gemeinsam-einsam","status":"publish","type":"post","link":"https:\/\/www.achimbrueckner.de\/dxradio\/php\/wordpress\/?p=38341","title":{"rendered":"Weihnachtsgr\u00fc\u00dfe an Seeleute Gemeinsam einsam"},"content":{"rendered":"<p><a href=\"https:\/\/www.spiegel.de\/geschichte\/radiosendung-gruss-an-bord-fuer-seeleute-gemeinsam-einsam-a-a1cecdba-2edc-4dc1-859d-98a1a21045dd\" rel=\"noopener\" target=\"_blank\">https:\/\/www.spiegel.de\/geschichte\/radiosendung-gruss-an-bord-fuer-seeleute-gemeinsam-einsam-a-a1cecdba-2edc-4dc1-859d-98a1a21045dd<\/a><\/p>\n","protected":false},"excerpt":{"rendered":"<p>https:\/\/www.spiegel.de\/geschichte\/radiosendung-gruss-an-bord-fuer-seeleute-gemeinsam-einsam-a-a1cecdba-2edc-4dc1-859d-98a1a21045dd<\/p>\n","protected":false},"author":1,"featured_media":0,"comment_status":"closed","ping_status":"open","sticky":false,"template":"","format":"standard","meta":{"_jetpack_memberships_contains_paid_content":false,"footnotes":"","jetpack_publicize_message":"","jetpack_publicize_feature_enabled":true,"jetpack_social_post_already_shared":true,"jetpack_social_options":{"image_generator_settings":{"template":"highway","default_image_id":0,"font":"","enabled":false},"version":2}},"categories":[1],"tags":[],"class_list":["post-38341","post","type-post","status-publish","format-standard","hentry","category-deutsch"],"jetpack_publicize_connections":[],"jetpack_featured_media_url":"","jetpack_sharing_enabled":true,"jetpack_shortlink":"https:\/\/wp.me\/p5CDmr-9Yp","jetpack-related-posts":[{"id":25986,"url":"https:\/\/www.achimbrueckner.de\/dxradio\/php\/wordpress\/?p=25986","url_meta":{"origin":38341,"position":0},"title":"\u201eGru\u00df an Bord\u201c: NDR schickt Weihnachtsgr\u00fc\u00dfe via Kurzwelle an Seeleute in aller Welt","author":"Administrator","date":"November 28, 2019","format":false,"excerpt":"https:\/\/www.infosat.de\/radio\/gru-bord-ndr-schickt-weihnachtsgr-e-kurzwelle-seeleute-aller-welt","rel":"","context":"In &quot;Deutsch&quot;","block_context":{"text":"Deutsch","link":"https:\/\/www.achimbrueckner.de\/dxradio\/php\/wordpress\/?cat=1"},"img":{"alt_text":"","src":"","width":0,"height":0},"classes":[]},{"id":34129,"url":"https:\/\/www.achimbrueckner.de\/dxradio\/php\/wordpress\/?p=34129","url_meta":{"origin":38341,"position":1},"title":"Weihnachtsgr\u00fc\u00dfe via Kurzwelle, DAB+, Satellit und Livestream an Seeleute in aller Welt","author":"Administrator","date":"December 6, 2021","format":false,"excerpt":"https:\/\/www.infosat.de\/radio\/weihnachtsgr-e-kurzwelle-dab-satellit-und-livestream-seeleute-aller-welt","rel":"","context":"In &quot;Deutsch&quot;","block_context":{"text":"Deutsch","link":"https:\/\/www.achimbrueckner.de\/dxradio\/php\/wordpress\/?cat=1"},"img":{"alt_text":"","src":"","width":0,"height":0},"classes":[]},{"id":6513,"url":"https:\/\/www.achimbrueckner.de\/dxradio\/php\/wordpress\/?p=6513","url_meta":{"origin":38341,"position":2},"title":"\u00dcber Kurzwelle \u00bbGru\u00df an Bord\u00ab f\u00fcr deutsche Seeleute auf den Weltmeeren","author":"Administrator","date":"November 16, 2015","format":false,"excerpt":"http:\/\/travemuende-aktuell.de\/artikel\/20526-Ueber-Kurzwelle-Gruss-an-Bord-fuer-deutsche-Seeleute-auf-den-Weltmeeren.html","rel":"","context":"In &quot;Deutsch&quot;","block_context":{"text":"Deutsch","link":"https:\/\/www.achimbrueckner.de\/dxradio\/php\/wordpress\/?cat=1"},"img":{"alt_text":"","src":"","width":0,"height":0},"classes":[]},{"id":30357,"url":"https:\/\/www.achimbrueckner.de\/dxradio\/php\/wordpress\/?p=30357","url_meta":{"origin":38341,"position":3},"title":"Traditionssendung \u201cGru\u00df an Bord\u201d: NDR sucht die am weitesten von Norddeutschland entfernten Seeleute","author":"Administrator","date":"October 8, 2020","format":false,"excerpt":"https:\/\/www.radiowoche.de\/traditionssendung-gruss-an-bord-ndr-sucht-die-am-weitesten-von-norddeutschland-entfernten-seeleute\/","rel":"","context":"In &quot;Deutsch&quot;","block_context":{"text":"Deutsch","link":"https:\/\/www.achimbrueckner.de\/dxradio\/php\/wordpress\/?cat=1"},"img":{"alt_text":"","src":"","width":0,"height":0},"classes":[]},{"id":6921,"url":"https:\/\/www.achimbrueckner.de\/dxradio\/php\/wordpress\/?p=6921","url_meta":{"origin":38341,"position":4},"title":"MEDIA BROADCAST \u00fcbertr\u00e4gt traditionsreiches NDR-Weihnachtsprogramm f\u00fcr Seeleute in aller Welt via Kurzwelle","author":"Administrator","date":"December 17, 2015","format":false,"excerpt":"http:\/\/www.presse-archiv.org\/medien\/media-broadcast-uebertraegt-traditionsreiches-ndr-weihnachtsprogramm-fuer-seeleute-in-aller-welt-via-kurzwelle\/","rel":"","context":"In &quot;Deutsch&quot;","block_context":{"text":"Deutsch","link":"https:\/\/www.achimbrueckner.de\/dxradio\/php\/wordpress\/?cat=1"},"img":{"alt_text":"","src":"","width":0,"height":0},"classes":[]},{"id":11835,"url":"https:\/\/www.achimbrueckner.de\/dxradio\/php\/wordpress\/?p=11835","url_meta":{"origin":38341,"position":5},"title":"Digitaler H\u00f6rfunk Einsam voran","author":"Administrator","date":"January 22, 2017","format":false,"excerpt":"http:\/\/www.sueddeutsche.de\/medien\/digitaler-hoerfunk-einsam-voran-1.3339804","rel":"","context":"In &quot;Deutsch&quot;","block_context":{"text":"Deutsch","link":"https:\/\/www.achimbrueckner.de\/dxradio\/php\/wordpress\/?cat=1"},"img":{"alt_text":"","src":"","width":0,"height":0},"classes":[]}],"_links":{"self":[{"href":"https:\/\/www.achimbrueckner.de\/dxradio\/php\/wordpress\/index.php?rest_route=\/wp\/v2\/posts\/38341","targetHints":{"allow":["GET"]}}],"collection":[{"href":"https:\/\/www.achimbrueckner.de\/dxradio\/php\/wordpress\/index.php?rest_route=\/wp\/v2\/posts"}],"about":[{"href":"https:\/\/www.achimbrueckner.de\/dxradio\/php\/wordpress\/index.php?rest_route=\/wp\/v2\/types\/post"}],"author":[{"embeddable":true,"href":"https:\/\/www.achimbrueckner.de\/dxradio\/php\/wordpress\/index.php?rest_route=\/wp\/v2\/users\/1"}],"replies":[{"embeddable":true,"href":"https:\/\/www.achimbrueckner.de\/dxradio\/php\/wordpress\/index.php?rest_route=%2Fwp%2Fv2%2Fcomments&post=38341"}],"version-history":[{"count":0,"href":"https:\/\/www.achimbrueckner.de\/dxradio\/php\/wordpress\/index.php?rest_route=\/wp\/v2\/posts\/38341\/revisions"}],"wp:attachment":[{"href":"https:\/\/www.achimbrueckner.de\/dxradio\/php\/wordpress\/index.php?rest_route=%2Fwp%2Fv2%2Fmedia&parent=38341"}],"wp:term":[{"taxonomy":"category","embeddable":true,"href":"https:\/\/www.achimbrueckner.de\/dxradio\/php\/wordpress\/index.php?rest_route=%2Fwp%2Fv2%2Fcategories&post=38341"},{"taxonomy":"post_tag","embeddable":true,"href":"https:\/\/www.achimbrueckner.de\/dxradio\/php\/wordpress\/index.php?rest_route=%2Fwp%2Fv2%2Ftags&post=38341"}],"curies":[{"name":"wp","href":"https:\/\/api.w.org\/{rel}","templated":true}]}}