{"id":38345,"date":"2022-12-25T16:38:16","date_gmt":"2022-12-25T16:38:16","guid":{"rendered":"https:\/\/www.achimbrueckner.de\/dxradio\/php\/wordpress\/?p=38345"},"modified":"2022-12-25T16:38:16","modified_gmt":"2022-12-25T16:38:16","slug":"sender-auf1-volkische-entwicklungshilfe-aus-osterreich","status":"publish","type":"post","link":"https:\/\/www.achimbrueckner.de\/dxradio\/php\/wordpress\/?p=38345","title":{"rendered":"Sender AUF1 &#8220;V\u00f6lkische Entwicklungshilfe&#8221; aus \u00d6sterreich"},"content":{"rendered":"<p><a href=\"https:\/\/www.tagesschau.de\/faktenfinder\/oesterreich-alternative-medien-101.html\" rel=\"noopener\" target=\"_blank\">https:\/\/www.tagesschau.de\/faktenfinder\/oesterreich-alternative-medien-101.html<\/a><\/p>\n","protected":false},"excerpt":{"rendered":"<p>https:\/\/www.tagesschau.de\/faktenfinder\/oesterreich-alternative-medien-101.html<\/p>\n","protected":false},"author":1,"featured_media":0,"comment_status":"closed","ping_status":"open","sticky":false,"template":"","format":"standard","meta":{"_jetpack_memberships_contains_paid_content":false,"footnotes":"","jetpack_publicize_message":"","jetpack_publicize_feature_enabled":true,"jetpack_social_post_already_shared":true,"jetpack_social_options":{"image_generator_settings":{"template":"highway","default_image_id":0,"font":"","enabled":false},"version":2}},"categories":[1],"tags":[],"class_list":["post-38345","post","type-post","status-publish","format-standard","hentry","category-deutsch"],"jetpack_publicize_connections":[],"jetpack_featured_media_url":"","jetpack_sharing_enabled":true,"jetpack_shortlink":"https:\/\/wp.me\/p5CDmr-9Yt","jetpack-related-posts":[{"id":38077,"url":"https:\/\/www.achimbrueckner.de\/dxradio\/php\/wordpress\/?p=38077","url_meta":{"origin":38345,"position":0},"title":"Sender AUF1 Desinformationen ohne Lizenz?","author":"Administrator","date":"December 1, 2022","format":false,"excerpt":"https:\/\/www.tagesschau.de\/faktenfinder\/auf1-oesterreichischer-rechtsalternativer-sender-101.html","rel":"","context":"In &quot;Deutsch&quot;","block_context":{"text":"Deutsch","link":"https:\/\/www.achimbrueckner.de\/dxradio\/php\/wordpress\/?cat=1"},"img":{"alt_text":"","src":"","width":0,"height":0},"classes":[]},{"id":38579,"url":"https:\/\/www.achimbrueckner.de\/dxradio\/php\/wordpress\/?p=38579","url_meta":{"origin":38345,"position":1},"title":"EU-Kandidat Serbien &#8220;Der Einfluss russischer Medien ist riesig&#8221;","author":"Administrator","date":"January 13, 2023","format":false,"excerpt":"https:\/\/www.tagesschau.de\/faktenfinder\/serbien-russland-desinformation-101.html","rel":"","context":"In &quot;Deutsch&quot;","block_context":{"text":"Deutsch","link":"https:\/\/www.achimbrueckner.de\/dxradio\/php\/wordpress\/?cat=1"},"img":{"alt_text":"","src":"","width":0,"height":0},"classes":[]},{"id":19295,"url":"https:\/\/www.achimbrueckner.de\/dxradio\/php\/wordpress\/?p=19295","url_meta":{"origin":38345,"position":2},"title":"Pressefreiheit in \u00d6sterreich TV-Sendung unter polizeilicher Hoheit?","author":"Administrator","date":"September 25, 2018","format":false,"excerpt":"https:\/\/www.tagesschau.de\/ausland\/oesterreich-pressefreiheit-101.html","rel":"","context":"In &quot;Deutsch&quot;","block_context":{"text":"Deutsch","link":"https:\/\/www.achimbrueckner.de\/dxradio\/php\/wordpress\/?cat=1"},"img":{"alt_text":"","src":"","width":0,"height":0},"classes":[]},{"id":42283,"url":"https:\/\/www.achimbrueckner.de\/dxradio\/php\/wordpress\/?p=42283","url_meta":{"origin":38345,"position":3},"title":"Bundestagswahl Eine gro\u00dfe B\u00fchne f\u00fcr die AfD in \u00d6sterreich","author":"Administrator","date":"February 28, 2025","format":false,"excerpt":"https:\/\/www.tagesschau.de\/faktenfinder\/kontext\/bundestagswahl-aufeins-afd-100.html","rel":"","context":"In &quot;Deutsch&quot;","block_context":{"text":"Deutsch","link":"https:\/\/www.achimbrueckner.de\/dxradio\/php\/wordpress\/?cat=1"},"img":{"alt_text":"","src":"","width":0,"height":0},"classes":[]},{"id":36554,"url":"https:\/\/www.achimbrueckner.de\/dxradio\/php\/wordpress\/?p=36554","url_meta":{"origin":38345,"position":4},"title":"Frankreich Was plant Macron mit dem \u00f6ffentlichen Rundfunk?","author":"Administrator","date":"June 13, 2022","format":false,"excerpt":"https:\/\/www.tagesschau.de\/faktenfinder\/frankreich-rundfunkgebuehren-101.html","rel":"","context":"In &quot;Deutsch&quot;","block_context":{"text":"Deutsch","link":"https:\/\/www.achimbrueckner.de\/dxradio\/php\/wordpress\/?cat=1"},"img":{"alt_text":"","src":"","width":0,"height":0},"classes":[]},{"id":39015,"url":"https:\/\/www.achimbrueckner.de\/dxradio\/php\/wordpress\/?p=39015","url_meta":{"origin":38345,"position":5},"title":"K\u00fcnstliche Intelligenz Die rettende L\u00f6sung gegen Desinformation?","author":"Administrator","date":"March 7, 2023","format":false,"excerpt":"https:\/\/www.tagesschau.de\/faktenfinder\/ki-gegen-desinformation-101.html","rel":"","context":"In &quot;Deutsch&quot;","block_context":{"text":"Deutsch","link":"https:\/\/www.achimbrueckner.de\/dxradio\/php\/wordpress\/?cat=1"},"img":{"alt_text":"","src":"","width":0,"height":0},"classes":[]}],"_links":{"self":[{"href":"https:\/\/www.achimbrueckner.de\/dxradio\/php\/wordpress\/index.php?rest_route=\/wp\/v2\/posts\/38345","targetHints":{"allow":["GET"]}}],"collection":[{"href":"https:\/\/www.achimbrueckner.de\/dxradio\/php\/wordpress\/index.php?rest_route=\/wp\/v2\/posts"}],"about":[{"href":"https:\/\/www.achimbrueckner.de\/dxradio\/php\/wordpress\/index.php?rest_route=\/wp\/v2\/types\/post"}],"author":[{"embeddable":true,"href":"https:\/\/www.achimbrueckner.de\/dxradio\/php\/wordpress\/index.php?rest_route=\/wp\/v2\/users\/1"}],"replies":[{"embeddable":true,"href":"https:\/\/www.achimbrueckner.de\/dxradio\/php\/wordpress\/index.php?rest_route=%2Fwp%2Fv2%2Fcomments&post=38345"}],"version-history":[{"count":0,"href":"https:\/\/www.achimbrueckner.de\/dxradio\/php\/wordpress\/index.php?rest_route=\/wp\/v2\/posts\/38345\/revisions"}],"wp:attachment":[{"href":"https:\/\/www.achimbrueckner.de\/dxradio\/php\/wordpress\/index.php?rest_route=%2Fwp%2Fv2%2Fmedia&parent=38345"}],"wp:term":[{"taxonomy":"category","embeddable":true,"href":"https:\/\/www.achimbrueckner.de\/dxradio\/php\/wordpress\/index.php?rest_route=%2Fwp%2Fv2%2Fcategories&post=38345"},{"taxonomy":"post_tag","embeddable":true,"href":"https:\/\/www.achimbrueckner.de\/dxradio\/php\/wordpress\/index.php?rest_route=%2Fwp%2Fv2%2Ftags&post=38345"}],"curies":[{"name":"wp","href":"https:\/\/api.w.org\/{rel}","templated":true}]}}