{"id":38354,"date":"2022-12-26T16:57:43","date_gmt":"2022-12-26T16:57:43","guid":{"rendered":"https:\/\/www.achimbrueckner.de\/dxradio\/php\/wordpress\/?p=38354"},"modified":"2022-12-26T16:57:43","modified_gmt":"2022-12-26T16:57:43","slug":"pocket-casts-bilanziert-jahresnutzung","status":"publish","type":"post","link":"https:\/\/www.achimbrueckner.de\/dxradio\/php\/wordpress\/?p=38354","title":{"rendered":"Pocket Casts bilanziert Jahresnutzung"},"content":{"rendered":"<p><a href=\"https:\/\/www.radioblog.eu\/2022\/12\/25\/pocket-casts-bilanziert-jahresnutzung\/\" rel=\"noopener\" target=\"_blank\">https:\/\/www.radioblog.eu\/2022\/12\/25\/pocket-casts-bilanziert-jahresnutzung\/<\/a><\/p>\n","protected":false},"excerpt":{"rendered":"<p>https:\/\/www.radioblog.eu\/2022\/12\/25\/pocket-casts-bilanziert-jahresnutzung\/<\/p>\n","protected":false},"author":1,"featured_media":0,"comment_status":"closed","ping_status":"open","sticky":false,"template":"","format":"standard","meta":{"_jetpack_memberships_contains_paid_content":false,"footnotes":"","jetpack_publicize_message":"","jetpack_publicize_feature_enabled":true,"jetpack_social_post_already_shared":true,"jetpack_social_options":{"image_generator_settings":{"template":"highway","default_image_id":0,"font":"","enabled":false},"version":2}},"categories":[1],"tags":[],"class_list":["post-38354","post","type-post","status-publish","format-standard","hentry","category-deutsch"],"jetpack_publicize_connections":[],"jetpack_featured_media_url":"","jetpack_sharing_enabled":true,"jetpack_shortlink":"https:\/\/wp.me\/p5CDmr-9YC","jetpack-related-posts":[{"id":37533,"url":"https:\/\/www.achimbrueckner.de\/dxradio\/php\/wordpress\/?p=37533","url_meta":{"origin":38354,"position":0},"title":"Pocket Casts auf Sonos funktioniert nicht: Das ist die L\u00f6sung","author":"Administrator","date":"September 21, 2022","format":false,"excerpt":"https:\/\/www.radioblog.eu\/2022\/09\/21\/pocket-casts-auf-sonos-funktioniert-nicht-das-ist-die-loesung\/","rel":"","context":"In &quot;Deutsch&quot;","block_context":{"text":"Deutsch","link":"https:\/\/www.achimbrueckner.de\/dxradio\/php\/wordpress\/?cat=1"},"img":{"alt_text":"","src":"","width":0,"height":0},"classes":[]},{"id":40624,"url":"https:\/\/www.achimbrueckner.de\/dxradio\/php\/wordpress\/?p=40624","url_meta":{"origin":38354,"position":1},"title":"Pocket Casts: Pers\u00f6nliche Jahresr\u00fcckblicke f\u00fcr die Nutzer","author":"Administrator","date":"December 12, 2023","format":false,"excerpt":"https:\/\/www.radioblog.eu\/2023\/12\/12\/pocket-casts-persoenliche-jahresrueckblicke-fuer-die-nutzer\/","rel":"","context":"In &quot;Deutsch&quot;","block_context":{"text":"Deutsch","link":"https:\/\/www.achimbrueckner.de\/dxradio\/php\/wordpress\/?cat=1"},"img":{"alt_text":"","src":"","width":0,"height":0},"classes":[]},{"id":42388,"url":"https:\/\/www.achimbrueckner.de\/dxradio\/php\/wordpress\/?p=42388","url_meta":{"origin":38354,"position":2},"title":"Pocket Casts Web-Player jetzt kostenlos","author":"Administrator","date":"March 18, 2025","format":false,"excerpt":"https:\/\/www.radioblog.eu\/2025\/03\/18\/pocket-casts-web-player-jetzt-kostenlos\/","rel":"","context":"In &quot;Deutsch&quot;","block_context":{"text":"Deutsch","link":"https:\/\/www.achimbrueckner.de\/dxradio\/php\/wordpress\/?cat=1"},"img":{"alt_text":"","src":"","width":0,"height":0},"classes":[]},{"id":43131,"url":"https:\/\/www.achimbrueckner.de\/dxradio\/php\/wordpress\/?p=43131","url_meta":{"origin":38354,"position":3},"title":"Sonos verbessert Unterst\u00fctzung f\u00fcr Pocket Casts","author":"Administrator","date":"June 26, 2025","format":false,"excerpt":"https:\/\/www.radioblog.eu\/2025\/06\/26\/sonos-verbessert-unterstuetzung-fuer-pocket-casts\/","rel":"","context":"In &quot;Deutsch&quot;","block_context":{"text":"Deutsch","link":"https:\/\/www.achimbrueckner.de\/dxradio\/php\/wordpress\/?cat=1"},"img":{"alt_text":"","src":"","width":0,"height":0},"classes":[]},{"id":44317,"url":"https:\/\/www.achimbrueckner.de\/dxradio\/php\/wordpress\/?p=44317","url_meta":{"origin":38354,"position":4},"title":"St\u00f6rung auf Sonos: Pocket Casts derzeit nicht nutzbar (Update)","author":"Administrator","date":"November 18, 2025","format":false,"excerpt":"https:\/\/www.radioblog.eu\/2025\/11\/17\/stoerung-auf-sonos-pocket-casts-derzeit-nicht-nutzbar\/","rel":"","context":"In &quot;Deutsch&quot;","block_context":{"text":"Deutsch","link":"https:\/\/www.achimbrueckner.de\/dxradio\/php\/wordpress\/?cat=1"},"img":{"alt_text":"","src":"","width":0,"height":0},"classes":[]},{"id":33155,"url":"https:\/\/www.achimbrueckner.de\/dxradio\/php\/wordpress\/?p=33155","url_meta":{"origin":38354,"position":5},"title":"Pocket Casts gerettet","author":"Administrator","date":"July 25, 2021","format":false,"excerpt":"https:\/\/www.smartphonefan.de\/2021\/07\/25\/pocket-casts-gerettet\/","rel":"","context":"In &quot;Deutsch&quot;","block_context":{"text":"Deutsch","link":"https:\/\/www.achimbrueckner.de\/dxradio\/php\/wordpress\/?cat=1"},"img":{"alt_text":"","src":"","width":0,"height":0},"classes":[]}],"_links":{"self":[{"href":"https:\/\/www.achimbrueckner.de\/dxradio\/php\/wordpress\/index.php?rest_route=\/wp\/v2\/posts\/38354","targetHints":{"allow":["GET"]}}],"collection":[{"href":"https:\/\/www.achimbrueckner.de\/dxradio\/php\/wordpress\/index.php?rest_route=\/wp\/v2\/posts"}],"about":[{"href":"https:\/\/www.achimbrueckner.de\/dxradio\/php\/wordpress\/index.php?rest_route=\/wp\/v2\/types\/post"}],"author":[{"embeddable":true,"href":"https:\/\/www.achimbrueckner.de\/dxradio\/php\/wordpress\/index.php?rest_route=\/wp\/v2\/users\/1"}],"replies":[{"embeddable":true,"href":"https:\/\/www.achimbrueckner.de\/dxradio\/php\/wordpress\/index.php?rest_route=%2Fwp%2Fv2%2Fcomments&post=38354"}],"version-history":[{"count":0,"href":"https:\/\/www.achimbrueckner.de\/dxradio\/php\/wordpress\/index.php?rest_route=\/wp\/v2\/posts\/38354\/revisions"}],"wp:attachment":[{"href":"https:\/\/www.achimbrueckner.de\/dxradio\/php\/wordpress\/index.php?rest_route=%2Fwp%2Fv2%2Fmedia&parent=38354"}],"wp:term":[{"taxonomy":"category","embeddable":true,"href":"https:\/\/www.achimbrueckner.de\/dxradio\/php\/wordpress\/index.php?rest_route=%2Fwp%2Fv2%2Fcategories&post=38354"},{"taxonomy":"post_tag","embeddable":true,"href":"https:\/\/www.achimbrueckner.de\/dxradio\/php\/wordpress\/index.php?rest_route=%2Fwp%2Fv2%2Ftags&post=38354"}],"curies":[{"name":"wp","href":"https:\/\/api.w.org\/{rel}","templated":true}]}}