{"id":38381,"date":"2022-12-28T17:58:58","date_gmt":"2022-12-28T17:58:58","guid":{"rendered":"https:\/\/www.achimbrueckner.de\/dxradio\/php\/wordpress\/?p=38381"},"modified":"2022-12-28T17:58:58","modified_gmt":"2022-12-28T17:58:58","slug":"testsendung-30-dezember-2022","status":"publish","type":"post","link":"https:\/\/www.achimbrueckner.de\/dxradio\/php\/wordpress\/?p=38381","title":{"rendered":"Testsendung 30 Dezember 2022"},"content":{"rendered":"<p>Wertes Auditorium,<br \/>\nam Freitag (30.12.2022) von 18.00 bis maximal 18.10 UTC findet auf 7220 kHz eine Testabstrahlung aus Armenien Richtung 280\u00b0 (zielt ziemlich genau auf Gibraltar) mit 100kW statt. Sofern keine externen wie internen Empf\u00e4ngnisverh\u00fctungsma\u00dfnahmen eingeleitet werden, sollte auch in unseren breiten Empfang m\u00f6glich sein. Also fahrt gerne Eure HF-Schn\u00fcffelst\u00fccke aus und lasst uns am Ergebnis teilhaben.<\/p>\n<p>eQSL bei RR an info@shortwaveservice.com<\/p>\n<p>Info via Facebook<\/p>\n","protected":false},"excerpt":{"rendered":"<p>Wertes Auditorium, am Freitag (30.12.2022) von 18.00 bis maximal 18.10 UTC findet auf 7220 kHz eine Testabstrahlung aus Armenien Richtung 280\u00b0 (zielt ziemlich genau auf Gibraltar) mit 100kW statt. Sofern keine externen wie internen Empf\u00e4ngnisverh\u00fctungsma\u00dfnahmen eingeleitet werden, sollte auch in unseren breiten Empfang m\u00f6glich sein. Also fahrt gerne Eure HF-Schn\u00fcffelst\u00fccke aus und lasst uns am &hellip; <a href=\"https:\/\/www.achimbrueckner.de\/dxradio\/php\/wordpress\/?p=38381\" class=\"more-link\">Continue reading <span class=\"screen-reader-text\">Testsendung 30 Dezember 2022<\/span><\/a><\/p>\n","protected":false},"author":1,"featured_media":0,"comment_status":"closed","ping_status":"open","sticky":false,"template":"","format":"standard","meta":{"_jetpack_memberships_contains_paid_content":false,"footnotes":"","jetpack_publicize_message":"","jetpack_publicize_feature_enabled":true,"jetpack_social_post_already_shared":true,"jetpack_social_options":{"image_generator_settings":{"template":"highway","default_image_id":0,"font":"","enabled":false},"version":2}},"categories":[1],"tags":[],"class_list":["post-38381","post","type-post","status-publish","format-standard","hentry","category-deutsch"],"jetpack_publicize_connections":[],"jetpack_featured_media_url":"","jetpack_sharing_enabled":true,"jetpack_shortlink":"https:\/\/wp.me\/p5CDmr-9Z3","jetpack-related-posts":[{"id":2616,"url":"https:\/\/www.achimbrueckner.de\/dxradio\/php\/wordpress\/?p=2616","url_meta":{"origin":38381,"position":0},"title":"Aus f\u00fcr Kurzwelle: Stimme Russlands konzentriert sich auf lokale Partnersender","author":"Administrator","date":"August 21, 2013","format":false,"excerpt":"Aus f\u00fcr Kurzwelle: Stimme Russlands konzentriert sich auf lokale Partnersender http:\/\/www.dxaktuell.de\/2013\/08\/aus-fuer-kurzwelle-stimme-russlands-konzentriert-sich-auf-lokale-partnersender\/","rel":"","context":"In &quot;Deutsch&quot;","block_context":{"text":"Deutsch","link":"https:\/\/www.achimbrueckner.de\/dxradio\/php\/wordpress\/?cat=1"},"img":{"alt_text":"","src":"","width":0,"height":0},"classes":[]},{"id":8165,"url":"https:\/\/www.achimbrueckner.de\/dxradio\/php\/wordpress\/?p=8165","url_meta":{"origin":38381,"position":1},"title":"Auf einer Wellenl\u00e4nge: Freunde des Amateurfunks aus aller Welt treffen sich auf der Ham Radio","author":"Administrator","date":"April 28, 2016","format":false,"excerpt":"http:\/\/www.hamradio-friedrichshafen.de\/ham-de\/news\/Auf-einer-Wellenlaenge-Freunde-des-Amateurfunks-aus-aller-Welt-treffen-sich-auf-der-Ham-Radio.php","rel":"","context":"In &quot;Deutsch&quot;","block_context":{"text":"Deutsch","link":"https:\/\/www.achimbrueckner.de\/dxradio\/php\/wordpress\/?cat=1"},"img":{"alt_text":"","src":"","width":0,"height":0},"classes":[]},{"id":5609,"url":"https:\/\/www.achimbrueckner.de\/dxradio\/php\/wordpress\/?p=5609","url_meta":{"origin":38381,"position":2},"title":"Funkamateure aus Vettelschloss Seit 40 Jahren wird auf der Linzer H\u00f6he gefunkt  Funkamateure aus Vettelschloss: Seit 40 Jahren wird auf der Linzer H\u00f6he gefunkt","author":"Administrator","date":"August 18, 2015","format":false,"excerpt":"http:\/\/www.general-anzeiger-bonn.de\/region\/rhein-sieg-kreis\/bad-honnef\/seit-40-jahren-wird-auf-der-linzer-hoehe-gefunkt-article1702215.html","rel":"","context":"In &quot;Deutsch&quot;","block_context":{"text":"Deutsch","link":"https:\/\/www.achimbrueckner.de\/dxradio\/php\/wordpress\/?cat=1"},"img":{"alt_text":"","src":"","width":0,"height":0},"classes":[]},{"id":25135,"url":"https:\/\/www.achimbrueckner.de\/dxradio\/php\/wordpress\/?p=25135","url_meta":{"origin":38381,"position":3},"title":"Auf Weltreise: Radio live aus dem Klimahaus","author":"Administrator","date":"October 4, 2019","format":false,"excerpt":"https:\/\/www.ndr.de\/ndr1niedersachsen\/Auf-Weltreise-Radio-live-aus-dem-Klimahaus,klimahaus174.html","rel":"","context":"In &quot;Deutsch&quot;","block_context":{"text":"Deutsch","link":"https:\/\/www.achimbrueckner.de\/dxradio\/php\/wordpress\/?cat=1"},"img":{"alt_text":"","src":"","width":0,"height":0},"classes":[]},{"id":26640,"url":"https:\/\/www.achimbrueckner.de\/dxradio\/php\/wordpress\/?p=26640","url_meta":{"origin":38381,"position":4},"title":"Neu auf Mittelwelle: Radio 208 aus D\u00e4nemark","author":"Administrator","date":"January 13, 2020","format":false,"excerpt":"https:\/\/www.radioszene.de\/139517\/neu-auf-mittelwelle-radio-208-aus-daenemark.html","rel":"","context":"In &quot;Deutsch&quot;","block_context":{"text":"Deutsch","link":"https:\/\/www.achimbrueckner.de\/dxradio\/php\/wordpress\/?cat=1"},"img":{"alt_text":"","src":"","width":0,"height":0},"classes":[]},{"id":43341,"url":"https:\/\/www.achimbrueckner.de\/dxradio\/php\/wordpress\/?p=43341","url_meta":{"origin":38381,"position":5},"title":"Italien: LatteMiele baut Verbreitung auf DAB+ aus","author":"Administrator","date":"July 21, 2025","format":false,"excerpt":"https:\/\/www.radioblog.eu\/2025\/07\/21\/italien-lattemiele-baut-verbreitung-auf-dab-aus\/","rel":"","context":"In &quot;Deutsch&quot;","block_context":{"text":"Deutsch","link":"https:\/\/www.achimbrueckner.de\/dxradio\/php\/wordpress\/?cat=1"},"img":{"alt_text":"","src":"","width":0,"height":0},"classes":[]}],"_links":{"self":[{"href":"https:\/\/www.achimbrueckner.de\/dxradio\/php\/wordpress\/index.php?rest_route=\/wp\/v2\/posts\/38381","targetHints":{"allow":["GET"]}}],"collection":[{"href":"https:\/\/www.achimbrueckner.de\/dxradio\/php\/wordpress\/index.php?rest_route=\/wp\/v2\/posts"}],"about":[{"href":"https:\/\/www.achimbrueckner.de\/dxradio\/php\/wordpress\/index.php?rest_route=\/wp\/v2\/types\/post"}],"author":[{"embeddable":true,"href":"https:\/\/www.achimbrueckner.de\/dxradio\/php\/wordpress\/index.php?rest_route=\/wp\/v2\/users\/1"}],"replies":[{"embeddable":true,"href":"https:\/\/www.achimbrueckner.de\/dxradio\/php\/wordpress\/index.php?rest_route=%2Fwp%2Fv2%2Fcomments&post=38381"}],"version-history":[{"count":0,"href":"https:\/\/www.achimbrueckner.de\/dxradio\/php\/wordpress\/index.php?rest_route=\/wp\/v2\/posts\/38381\/revisions"}],"wp:attachment":[{"href":"https:\/\/www.achimbrueckner.de\/dxradio\/php\/wordpress\/index.php?rest_route=%2Fwp%2Fv2%2Fmedia&parent=38381"}],"wp:term":[{"taxonomy":"category","embeddable":true,"href":"https:\/\/www.achimbrueckner.de\/dxradio\/php\/wordpress\/index.php?rest_route=%2Fwp%2Fv2%2Fcategories&post=38381"},{"taxonomy":"post_tag","embeddable":true,"href":"https:\/\/www.achimbrueckner.de\/dxradio\/php\/wordpress\/index.php?rest_route=%2Fwp%2Fv2%2Ftags&post=38381"}],"curies":[{"name":"wp","href":"https:\/\/api.w.org\/{rel}","templated":true}]}}