{"id":38414,"date":"2022-12-31T11:13:28","date_gmt":"2022-12-31T11:13:28","guid":{"rendered":"https:\/\/www.achimbrueckner.de\/dxradio\/php\/wordpress\/?p=38414"},"modified":"2022-12-31T11:13:28","modified_gmt":"2022-12-31T11:13:28","slug":"radio-luxemburg-wunscht-guten-morgen-herlinde-grobe-mit-senderbildern-3","status":"publish","type":"post","link":"https:\/\/www.achimbrueckner.de\/dxradio\/php\/wordpress\/?p=38414","title":{"rendered":"Radio Luxemburg w\u00fcnscht guten Morgen &#8211; Herlinde Grobe (mit Senderbildern)"},"content":{"rendered":"<p><a href=\"https:\/\/www.youtube.com\/watch?v=53dbLV5LkZE&#038;t=23s\" rel=\"noopener\" target=\"_blank\">https:\/\/www.youtube.com\/watch?v=53dbLV5LkZE&#038;t=23s<\/a><\/p>\n","protected":false},"excerpt":{"rendered":"<p>https:\/\/www.youtube.com\/watch?v=53dbLV5LkZE&#038;t=23s<\/p>\n","protected":false},"author":1,"featured_media":0,"comment_status":"closed","ping_status":"open","sticky":false,"template":"","format":"standard","meta":{"_jetpack_memberships_contains_paid_content":false,"footnotes":"","jetpack_publicize_message":"","jetpack_publicize_feature_enabled":true,"jetpack_social_post_already_shared":true,"jetpack_social_options":{"image_generator_settings":{"template":"highway","default_image_id":0,"font":"","enabled":false},"version":2}},"categories":[1],"tags":[],"class_list":["post-38414","post","type-post","status-publish","format-standard","hentry","category-deutsch"],"jetpack_publicize_connections":[],"jetpack_featured_media_url":"","jetpack_sharing_enabled":true,"jetpack_shortlink":"https:\/\/wp.me\/p5CDmr-9ZA","jetpack-related-posts":[{"id":7650,"url":"https:\/\/www.achimbrueckner.de\/dxradio\/php\/wordpress\/?p=7650","url_meta":{"origin":38414,"position":0},"title":"Radio Luxemburg w\u00fcnscht guten Morgen &#8211; Herlinde Grobe (mit Senderbildern)","author":"Administrator","date":"February 21, 2016","format":false,"excerpt":"https:\/\/www.youtube.com\/watch?v=53dbLV5LkZE","rel":"","context":"In &quot;Deutsch&quot;","block_context":{"text":"Deutsch","link":"https:\/\/www.achimbrueckner.de\/dxradio\/php\/wordpress\/?cat=1"},"img":{"alt_text":"","src":"","width":0,"height":0},"classes":[]},{"id":27824,"url":"https:\/\/www.achimbrueckner.de\/dxradio\/php\/wordpress\/?p=27824","url_meta":{"origin":38414,"position":1},"title":"Radio Luxemburg w\u00fcnscht guten Morgen &#8211; Herlinde Grobe (mit Senderbildern)","author":"Administrator","date":"March 29, 2020","format":false,"excerpt":"https:\/\/www.youtube.com\/watch?v=53dbLV5LkZE&feature=share","rel":"","context":"In &quot;Deutsch&quot;","block_context":{"text":"Deutsch","link":"https:\/\/www.achimbrueckner.de\/dxradio\/php\/wordpress\/?cat=1"},"img":{"alt_text":"","src":"","width":0,"height":0},"classes":[]},{"id":3074,"url":"https:\/\/www.achimbrueckner.de\/dxradio\/php\/wordpress\/?p=3074","url_meta":{"origin":38414,"position":2},"title":"RADIO LUXEMBURG W\u00dcNSCHT GUTEN MORGEN &#8211; Uwe Heinz S\u00fcltz &#8211; L\u00fcnen &#8211; Erster RTL Empfang in Deutschland 1983 &#8211; SAT TV S\u00dcLTZ","author":"Administrator","date":"April 10, 2014","format":false,"excerpt":"http:\/\/www.lokalkompass.de\/luenen\/kultur\/radio-luxemburg-wuenscht-guten-morgen-uwe-heinz-sueltz-luenen-erster-rtl-empfang-in-deutschland-1983-sat-tv-sueltz-d422365.html Info via Twitter","rel":"","context":"In &quot;Deutsch&quot;","block_context":{"text":"Deutsch","link":"https:\/\/www.achimbrueckner.de\/dxradio\/php\/wordpress\/?cat=1"},"img":{"alt_text":"","src":"","width":0,"height":0},"classes":[]},{"id":4885,"url":"https:\/\/www.achimbrueckner.de\/dxradio\/php\/wordpress\/?p=4885","url_meta":{"origin":38414,"position":3},"title":"RTL Radio Luxemburg (1)","author":"Administrator","date":"June 12, 2015","format":false,"excerpt":"https:\/\/www.youtube.com\/watch?v=PYHYBwUSFOA&feature=youtu.be https:\/\/www.youtube.com\/watch?v=KLAvltpwvTo","rel":"","context":"In &quot;Deutsch&quot;","block_context":{"text":"Deutsch","link":"https:\/\/www.achimbrueckner.de\/dxradio\/php\/wordpress\/?cat=1"},"img":{"alt_text":"","src":"","width":0,"height":0},"classes":[]},{"id":3984,"url":"https:\/\/www.achimbrueckner.de\/dxradio\/php\/wordpress\/?p=3984","url_meta":{"origin":38414,"position":4},"title":"Auf dem Regenbogen &#8211; Radio Luxemburg und seine Filialen","author":"Administrator","date":"January 16, 2015","format":false,"excerpt":"https:\/\/www.youtube.com\/watch?v=p4AnH0VFzmI","rel":"","context":"In &quot;Deutsch&quot;","block_context":{"text":"Deutsch","link":"https:\/\/www.achimbrueckner.de\/dxradio\/php\/wordpress\/?cat=1"},"img":{"alt_text":"","src":"","width":0,"height":0},"classes":[]},{"id":16756,"url":"https:\/\/www.achimbrueckner.de\/dxradio\/php\/wordpress\/?p=16756","url_meta":{"origin":38414,"position":5},"title":"60 Jahre RTL RADIO LUXEMBURG 9\/12 (Doku 2017)","author":"Administrator","date":"March 5, 2018","format":false,"excerpt":"https:\/\/www.youtube.com\/watch?v=d2FfHsIyr2s","rel":"","context":"In &quot;Deutsch&quot;","block_context":{"text":"Deutsch","link":"https:\/\/www.achimbrueckner.de\/dxradio\/php\/wordpress\/?cat=1"},"img":{"alt_text":"","src":"","width":0,"height":0},"classes":[]}],"_links":{"self":[{"href":"https:\/\/www.achimbrueckner.de\/dxradio\/php\/wordpress\/index.php?rest_route=\/wp\/v2\/posts\/38414","targetHints":{"allow":["GET"]}}],"collection":[{"href":"https:\/\/www.achimbrueckner.de\/dxradio\/php\/wordpress\/index.php?rest_route=\/wp\/v2\/posts"}],"about":[{"href":"https:\/\/www.achimbrueckner.de\/dxradio\/php\/wordpress\/index.php?rest_route=\/wp\/v2\/types\/post"}],"author":[{"embeddable":true,"href":"https:\/\/www.achimbrueckner.de\/dxradio\/php\/wordpress\/index.php?rest_route=\/wp\/v2\/users\/1"}],"replies":[{"embeddable":true,"href":"https:\/\/www.achimbrueckner.de\/dxradio\/php\/wordpress\/index.php?rest_route=%2Fwp%2Fv2%2Fcomments&post=38414"}],"version-history":[{"count":0,"href":"https:\/\/www.achimbrueckner.de\/dxradio\/php\/wordpress\/index.php?rest_route=\/wp\/v2\/posts\/38414\/revisions"}],"wp:attachment":[{"href":"https:\/\/www.achimbrueckner.de\/dxradio\/php\/wordpress\/index.php?rest_route=%2Fwp%2Fv2%2Fmedia&parent=38414"}],"wp:term":[{"taxonomy":"category","embeddable":true,"href":"https:\/\/www.achimbrueckner.de\/dxradio\/php\/wordpress\/index.php?rest_route=%2Fwp%2Fv2%2Fcategories&post=38414"},{"taxonomy":"post_tag","embeddable":true,"href":"https:\/\/www.achimbrueckner.de\/dxradio\/php\/wordpress\/index.php?rest_route=%2Fwp%2Fv2%2Ftags&post=38414"}],"curies":[{"name":"wp","href":"https:\/\/api.w.org\/{rel}","templated":true}]}}