{"id":38449,"date":"2023-01-02T19:59:57","date_gmt":"2023-01-02T19:59:57","guid":{"rendered":"https:\/\/www.achimbrueckner.de\/dxradio\/php\/wordpress\/?p=38449"},"modified":"2023-01-02T19:59:57","modified_gmt":"2023-01-02T19:59:57","slug":"google-assistant-kommt-der-grose-umbau-die-ziele-wurden-verfehlt-features-eingestellt-neue-konkurrenz","status":"publish","type":"post","link":"https:\/\/www.achimbrueckner.de\/dxradio\/php\/wordpress\/?p=38449","title":{"rendered":"Google Assistant: Kommt der gro\u00dfe Umbau? Die Ziele wurden verfehlt, Features eingestellt &#038; neue Konkurrenz"},"content":{"rendered":"<p><a href=\"https:\/\/www.googlewatchblog.de\/2023\/01\/google-assistant-kommt-umbau\/\" rel=\"noopener\" target=\"_blank\">https:\/\/www.googlewatchblog.de\/2023\/01\/google-assistant-kommt-umbau\/<\/a><\/p>\n","protected":false},"excerpt":{"rendered":"<p>https:\/\/www.googlewatchblog.de\/2023\/01\/google-assistant-kommt-umbau\/<\/p>\n","protected":false},"author":1,"featured_media":0,"comment_status":"closed","ping_status":"open","sticky":false,"template":"","format":"standard","meta":{"_jetpack_memberships_contains_paid_content":false,"footnotes":"","jetpack_publicize_message":"","jetpack_publicize_feature_enabled":true,"jetpack_social_post_already_shared":true,"jetpack_social_options":{"image_generator_settings":{"template":"highway","default_image_id":0,"font":"","enabled":false},"version":2}},"categories":[1],"tags":[],"class_list":["post-38449","post","type-post","status-publish","format-standard","hentry","category-deutsch"],"jetpack_publicize_connections":[],"jetpack_featured_media_url":"","jetpack_sharing_enabled":true,"jetpack_shortlink":"https:\/\/wp.me\/p5CDmr-a09","jetpack-related-posts":[{"id":4881,"url":"https:\/\/www.achimbrueckner.de\/dxradio\/php\/wordpress\/?p=4881","url_meta":{"origin":38449,"position":0},"title":"Analyse WDR plant Radikal-Umbau","author":"Administrator","date":"June 12, 2015","format":false,"excerpt":"http:\/\/www.rp-online.de\/politik\/wdr-plant-radikal-umbau-aid-1.5158853","rel":"","context":"In &quot;Deutsch&quot;","block_context":{"text":"Deutsch","link":"https:\/\/www.achimbrueckner.de\/dxradio\/php\/wordpress\/?cat=1"},"img":{"alt_text":"","src":"","width":0,"height":0},"classes":[]},{"id":6526,"url":"https:\/\/www.achimbrueckner.de\/dxradio\/php\/wordpress\/?p=6526","url_meta":{"origin":38449,"position":1},"title":"Polen plant Umbau seines Mediensystems","author":"Administrator","date":"November 17, 2015","format":false,"excerpt":"http:\/\/www.sueddeutsche.de\/politik\/polen-polen-plant-umbau-seines-mediensystems-1.2738964","rel":"","context":"In &quot;Deutsch&quot;","block_context":{"text":"Deutsch","link":"https:\/\/www.achimbrueckner.de\/dxradio\/php\/wordpress\/?cat=1"},"img":{"alt_text":"","src":"","width":0,"height":0},"classes":[]},{"id":41505,"url":"https:\/\/www.achimbrueckner.de\/dxradio\/php\/wordpress\/?p=41505","url_meta":{"origin":38449,"position":2},"title":"Umbau bei den ORF-Radios geht weiter: Neue F\u00fchrungskr\u00e4fte bei \u00d63","author":"Administrator","date":"July 23, 2024","format":false,"excerpt":"https:\/\/www.radioszene.de\/189601\/orf-radios-umbau-2024.html","rel":"","context":"In &quot;Deutsch&quot;","block_context":{"text":"Deutsch","link":"https:\/\/www.achimbrueckner.de\/dxradio\/php\/wordpress\/?cat=1"},"img":{"alt_text":"","src":"","width":0,"height":0},"classes":[]},{"id":20839,"url":"https:\/\/www.achimbrueckner.de\/dxradio\/php\/wordpress\/?p=20839","url_meta":{"origin":38449,"position":3},"title":"Umbau des italienischen Senders RAI Bitte recht regierungsfreundlich!","author":"Administrator","date":"January 9, 2019","format":false,"excerpt":"https:\/\/www.deutschlandfunk.de\/umbau-des-italienischen-senders-rai-bitte-recht.2907.de.html?dram:article_id=437876","rel":"","context":"In &quot;Deutsch&quot;","block_context":{"text":"Deutsch","link":"https:\/\/www.achimbrueckner.de\/dxradio\/php\/wordpress\/?cat=1"},"img":{"alt_text":"","src":"","width":0,"height":0},"classes":[]},{"id":41715,"url":"https:\/\/www.achimbrueckner.de\/dxradio\/php\/wordpress\/?p=41715","url_meta":{"origin":38449,"position":4},"title":"Privat-Sender aus Magdeburg vor Umbau  Stellenabbau bei Radio SAW","author":"Administrator","date":"September 19, 2024","format":false,"excerpt":"https:\/\/www.volksstimme.de\/sachsen-anhalt\/landespolitik\/radio-saw-stellenabbau-umbau-redaktion-synergien-outsourcing-3918522","rel":"","context":"In &quot;Deutsch&quot;","block_context":{"text":"Deutsch","link":"https:\/\/www.achimbrueckner.de\/dxradio\/php\/wordpress\/?cat=1"},"img":{"alt_text":"","src":"","width":0,"height":0},"classes":[]},{"id":31586,"url":"https:\/\/www.achimbrueckner.de\/dxradio\/php\/wordpress\/?p=31586","url_meta":{"origin":38449,"position":5},"title":"Umbau beim NDR \u2013 \u201eNachtclub\u201c wandert ins Digitale","author":"Administrator","date":"January 10, 2021","format":false,"excerpt":"https:\/\/www.ln-online.de\/Nachrichten\/Kultur\/Kultur-im-Norden\/Umbau-beim-NDR-Radio-Nachtclub-wandert-ins-Digitale","rel":"","context":"In &quot;Deutsch&quot;","block_context":{"text":"Deutsch","link":"https:\/\/www.achimbrueckner.de\/dxradio\/php\/wordpress\/?cat=1"},"img":{"alt_text":"","src":"","width":0,"height":0},"classes":[]}],"_links":{"self":[{"href":"https:\/\/www.achimbrueckner.de\/dxradio\/php\/wordpress\/index.php?rest_route=\/wp\/v2\/posts\/38449","targetHints":{"allow":["GET"]}}],"collection":[{"href":"https:\/\/www.achimbrueckner.de\/dxradio\/php\/wordpress\/index.php?rest_route=\/wp\/v2\/posts"}],"about":[{"href":"https:\/\/www.achimbrueckner.de\/dxradio\/php\/wordpress\/index.php?rest_route=\/wp\/v2\/types\/post"}],"author":[{"embeddable":true,"href":"https:\/\/www.achimbrueckner.de\/dxradio\/php\/wordpress\/index.php?rest_route=\/wp\/v2\/users\/1"}],"replies":[{"embeddable":true,"href":"https:\/\/www.achimbrueckner.de\/dxradio\/php\/wordpress\/index.php?rest_route=%2Fwp%2Fv2%2Fcomments&post=38449"}],"version-history":[{"count":0,"href":"https:\/\/www.achimbrueckner.de\/dxradio\/php\/wordpress\/index.php?rest_route=\/wp\/v2\/posts\/38449\/revisions"}],"wp:attachment":[{"href":"https:\/\/www.achimbrueckner.de\/dxradio\/php\/wordpress\/index.php?rest_route=%2Fwp%2Fv2%2Fmedia&parent=38449"}],"wp:term":[{"taxonomy":"category","embeddable":true,"href":"https:\/\/www.achimbrueckner.de\/dxradio\/php\/wordpress\/index.php?rest_route=%2Fwp%2Fv2%2Fcategories&post=38449"},{"taxonomy":"post_tag","embeddable":true,"href":"https:\/\/www.achimbrueckner.de\/dxradio\/php\/wordpress\/index.php?rest_route=%2Fwp%2Fv2%2Ftags&post=38449"}],"curies":[{"name":"wp","href":"https:\/\/api.w.org\/{rel}","templated":true}]}}