{"id":38476,"date":"2023-01-04T15:42:03","date_gmt":"2023-01-04T15:42:03","guid":{"rendered":"https:\/\/www.achimbrueckner.de\/dxradio\/php\/wordpress\/?p=38476"},"modified":"2023-01-04T15:42:03","modified_gmt":"2023-01-04T15:42:03","slug":"neue-radioshow-und-neues-gesicht-bei-mdr-sputnik","status":"publish","type":"post","link":"https:\/\/www.achimbrueckner.de\/dxradio\/php\/wordpress\/?p=38476","title":{"rendered":"Neue Radioshow und neues Gesicht bei MDR SPUTNIK"},"content":{"rendered":"<p><a href=\"https:\/\/www.radioszene.de\/170094\/cassandra-nwosu-sputnik-hyped.html\" rel=\"noopener\" target=\"_blank\">https:\/\/www.radioszene.de\/170094\/cassandra-nwosu-sputnik-hyped.html<\/a><\/p>\n","protected":false},"excerpt":{"rendered":"<p>https:\/\/www.radioszene.de\/170094\/cassandra-nwosu-sputnik-hyped.html<\/p>\n","protected":false},"author":1,"featured_media":0,"comment_status":"closed","ping_status":"open","sticky":false,"template":"","format":"standard","meta":{"_jetpack_memberships_contains_paid_content":false,"footnotes":"","jetpack_publicize_message":"","jetpack_publicize_feature_enabled":true,"jetpack_social_post_already_shared":true,"jetpack_social_options":{"image_generator_settings":{"template":"highway","default_image_id":0,"font":"","enabled":false},"version":2}},"categories":[1],"tags":[],"class_list":["post-38476","post","type-post","status-publish","format-standard","hentry","category-deutsch"],"jetpack_publicize_connections":[],"jetpack_featured_media_url":"","jetpack_sharing_enabled":true,"jetpack_shortlink":"https:\/\/wp.me\/p5CDmr-a0A","jetpack-related-posts":[{"id":1608,"url":"https:\/\/www.achimbrueckner.de\/dxradio\/php\/wordpress\/?p=1608","url_meta":{"origin":38476,"position":0},"title":"MDR: Neuregulierung von Jump und Sputnik","author":"Administrator","date":"June 20, 2011","format":false,"excerpt":"MDR: Neuregulierung von Jump und Sputnik http:\/\/www.radioszene.de\/25842\/die-neuregulierung-von-jump.html","rel":"","context":"In &quot;Deutsch&quot;","block_context":{"text":"Deutsch","link":"https:\/\/www.achimbrueckner.de\/dxradio\/php\/wordpress\/?cat=1"},"img":{"alt_text":"","src":"","width":0,"height":0},"classes":[]},{"id":36019,"url":"https:\/\/www.achimbrueckner.de\/dxradio\/php\/wordpress\/?p=36019","url_meta":{"origin":38476,"position":1},"title":"\u201eMDR SPUTNIK ist nicht \u00e4lter geworden, sondern jung geblieben\u201c","author":"Administrator","date":"April 27, 2022","format":false,"excerpt":"https:\/\/www.radioszene.de\/163267\/mdr-sputnik-jana-cebulla-interview.html","rel":"","context":"In &quot;Deutsch&quot;","block_context":{"text":"Deutsch","link":"https:\/\/www.achimbrueckner.de\/dxradio\/php\/wordpress\/?cat=1"},"img":{"alt_text":"","src":"","width":0,"height":0},"classes":[]},{"id":26613,"url":"https:\/\/www.achimbrueckner.de\/dxradio\/php\/wordpress\/?p=26613","url_meta":{"origin":38476,"position":2},"title":"Coming Out im Orchestersaal: MDR SPUTNIK startet ersten Pride-Live-Podcast","author":"Administrator","date":"January 10, 2020","format":false,"excerpt":"https:\/\/www.radioszene.de\/139485\/coming-out-mdr-sputnik-startet-ersten-pride-live-podcast.html","rel":"","context":"In &quot;Deutsch&quot;","block_context":{"text":"Deutsch","link":"https:\/\/www.achimbrueckner.de\/dxradio\/php\/wordpress\/?cat=1"},"img":{"alt_text":"","src":"","width":0,"height":0},"classes":[]},{"id":5541,"url":"https:\/\/www.achimbrueckner.de\/dxradio\/php\/wordpress\/?p=5541","url_meta":{"origin":38476,"position":3},"title":"MDR SPUTNIK mit neuem Soundlayout und noch mehr Lieblingsmusik","author":"Administrator","date":"August 13, 2015","format":false,"excerpt":"http:\/\/www.radiowoche.de\/mdr-sputnik-mit-neuem-soundlayout-und-noch-mehr-lieblingsmusik\/","rel":"","context":"In &quot;Deutsch&quot;","block_context":{"text":"Deutsch","link":"https:\/\/www.achimbrueckner.de\/dxradio\/php\/wordpress\/?cat=1"},"img":{"alt_text":"","src":"","width":0,"height":0},"classes":[]},{"id":461,"url":"https:\/\/www.achimbrueckner.de\/dxradio\/php\/wordpress\/?p=461","url_meta":{"origin":38476,"position":4},"title":"Ein Sputnik ist abgest\u00fcrzt &#8211; Das Vorwende-Jahr bei DT 64","author":"Administrator","date":"June 10, 2009","format":false,"excerpt":"F\u00fcr alle DT64 Fans,aufgepasst und reinh\u00f6ren: Figaro am Vormittag Datum Sendezeit Sa., 13.06. 09:00 Uhr 09.00 Nachrichten 09.05 Feature Wir waren das Volk! - MDR FIGARO erinnert an die Friedliche Revolution: Ein Sputnik ist abgest\u00fcrzt - Das Vorwende-Jahr bei DT 64 Von J\u00fcrgen Balitzki und Marcus Heumann (Ursendung) Am 19.\u2026","rel":"","context":"In &quot;Deutsch&quot;","block_context":{"text":"Deutsch","link":"https:\/\/www.achimbrueckner.de\/dxradio\/php\/wordpress\/?cat=1"},"img":{"alt_text":"","src":"","width":0,"height":0},"classes":[]},{"id":19920,"url":"https:\/\/www.achimbrueckner.de\/dxradio\/php\/wordpress\/?p=19920","url_meta":{"origin":38476,"position":5},"title":"MDR SPUTNIK: Nachrichten nur noch zwischen 5.30 und 9 Uhr","author":"Administrator","date":"November 5, 2018","format":false,"excerpt":"http:\/\/www.flurfunk-dresden.de\/2018\/11\/05\/mdr-sputnik-nachrichten-nur-noch-zwischen-5-30-und-9-uhr\/","rel":"","context":"In &quot;Deutsch&quot;","block_context":{"text":"Deutsch","link":"https:\/\/www.achimbrueckner.de\/dxradio\/php\/wordpress\/?cat=1"},"img":{"alt_text":"","src":"","width":0,"height":0},"classes":[]}],"_links":{"self":[{"href":"https:\/\/www.achimbrueckner.de\/dxradio\/php\/wordpress\/index.php?rest_route=\/wp\/v2\/posts\/38476","targetHints":{"allow":["GET"]}}],"collection":[{"href":"https:\/\/www.achimbrueckner.de\/dxradio\/php\/wordpress\/index.php?rest_route=\/wp\/v2\/posts"}],"about":[{"href":"https:\/\/www.achimbrueckner.de\/dxradio\/php\/wordpress\/index.php?rest_route=\/wp\/v2\/types\/post"}],"author":[{"embeddable":true,"href":"https:\/\/www.achimbrueckner.de\/dxradio\/php\/wordpress\/index.php?rest_route=\/wp\/v2\/users\/1"}],"replies":[{"embeddable":true,"href":"https:\/\/www.achimbrueckner.de\/dxradio\/php\/wordpress\/index.php?rest_route=%2Fwp%2Fv2%2Fcomments&post=38476"}],"version-history":[{"count":0,"href":"https:\/\/www.achimbrueckner.de\/dxradio\/php\/wordpress\/index.php?rest_route=\/wp\/v2\/posts\/38476\/revisions"}],"wp:attachment":[{"href":"https:\/\/www.achimbrueckner.de\/dxradio\/php\/wordpress\/index.php?rest_route=%2Fwp%2Fv2%2Fmedia&parent=38476"}],"wp:term":[{"taxonomy":"category","embeddable":true,"href":"https:\/\/www.achimbrueckner.de\/dxradio\/php\/wordpress\/index.php?rest_route=%2Fwp%2Fv2%2Fcategories&post=38476"},{"taxonomy":"post_tag","embeddable":true,"href":"https:\/\/www.achimbrueckner.de\/dxradio\/php\/wordpress\/index.php?rest_route=%2Fwp%2Fv2%2Ftags&post=38476"}],"curies":[{"name":"wp","href":"https:\/\/api.w.org\/{rel}","templated":true}]}}