{"id":38502,"date":"2023-01-06T16:23:55","date_gmt":"2023-01-06T16:23:55","guid":{"rendered":"https:\/\/www.achimbrueckner.de\/dxradio\/php\/wordpress\/?p=38502"},"modified":"2023-01-06T16:23:55","modified_gmt":"2023-01-06T16:23:55","slug":"satire-welt-herausgeber-aust-erwirkt-einstweilige-verfugung-gegen-satire-plakat-in-bohmermann-sendung","status":"publish","type":"post","link":"https:\/\/www.achimbrueckner.de\/dxradio\/php\/wordpress\/?p=38502","title":{"rendered":"Satire \u201eWelt\u201c-Herausgeber Aust erwirkt einstweilige Verf\u00fcgung gegen Satire-Plakat in B\u00f6hmermann-Sendung"},"content":{"rendered":"<p><a href=\"https:\/\/www.deutschlandfunk.de\/welt-herausgeber-aust-erwirkt-einstweilige-verfuegung-gegen-satire-plakat-in-boehmermann-sendung-100.html\" rel=\"noopener\" target=\"_blank\">https:\/\/www.deutschlandfunk.de\/welt-herausgeber-aust-erwirkt-einstweilige-verfuegung-gegen-satire-plakat-in-boehmermann-sendung-100.html<\/a><\/p>\n","protected":false},"excerpt":{"rendered":"<p>https:\/\/www.deutschlandfunk.de\/welt-herausgeber-aust-erwirkt-einstweilige-verfuegung-gegen-satire-plakat-in-boehmermann-sendung-100.html<\/p>\n","protected":false},"author":1,"featured_media":0,"comment_status":"closed","ping_status":"open","sticky":false,"template":"","format":"standard","meta":{"_jetpack_memberships_contains_paid_content":false,"footnotes":"","jetpack_publicize_message":"","jetpack_publicize_feature_enabled":true,"jetpack_social_post_already_shared":true,"jetpack_social_options":{"image_generator_settings":{"template":"highway","default_image_id":0,"font":"","enabled":false},"version":2}},"categories":[1],"tags":[],"class_list":["post-38502","post","type-post","status-publish","format-standard","hentry","category-deutsch"],"jetpack_publicize_connections":[],"jetpack_featured_media_url":"","jetpack_sharing_enabled":true,"jetpack_shortlink":"https:\/\/wp.me\/p5CDmr-a10","jetpack-related-posts":[{"id":15629,"url":"https:\/\/www.achimbrueckner.de\/dxradio\/php\/wordpress\/?p=15629","url_meta":{"origin":38502,"position":0},"title":"Schleichwerbung beim SWR &#8211; Jugendradio DASDING handelt sich wegen Kaffeeaktion einstweilige Verf\u00fcgung ein","author":"Administrator","date":"November 24, 2017","format":false,"excerpt":"http:\/\/www.allgemeine-zeitung.de\/politik\/rheinland-pfalz\/schleichwerbung-beim-swr-jugendradio-dasding-handelt-sich-wegen-kaffeeaktion-einstweilige-verfuegung-ein_18333187.htm","rel":"","context":"In &quot;Deutsch&quot;","block_context":{"text":"Deutsch","link":"https:\/\/www.achimbrueckner.de\/dxradio\/php\/wordpress\/?cat=1"},"img":{"alt_text":"","src":"","width":0,"height":0},"classes":[]},{"id":25505,"url":"https:\/\/www.achimbrueckner.de\/dxradio\/php\/wordpress\/?p=25505","url_meta":{"origin":38502,"position":1},"title":"70 Jahre FAZ: Wo die Herausgeber regieren wie \u00abKurf\u00fcrsten\u00bb","author":"Administrator","date":"October 25, 2019","format":false,"excerpt":"https:\/\/medienwoche.ch\/2019\/10\/24\/70-jahre-faz-wo-die-herausgeber-regieren-wie-fuersten\/","rel":"","context":"In &quot;Deutsch&quot;","block_context":{"text":"Deutsch","link":"https:\/\/www.achimbrueckner.de\/dxradio\/php\/wordpress\/?cat=1"},"img":{"alt_text":"","src":"","width":0,"height":0},"classes":[]},{"id":15766,"url":"https:\/\/www.achimbrueckner.de\/dxradio\/php\/wordpress\/?p=15766","url_meta":{"origin":38502,"position":2},"title":"\u00dcber Kurzwelle in die Welt Hobby-Radiomacher aus Dessau gehen regelm\u00e4\u00dfig auf Sendung","author":"Administrator","date":"December 4, 2017","format":false,"excerpt":"https:\/\/www.mz-web.de\/dessau-rosslau\/ueber-kurzwelle-in-die-welt-hobby-radiomacher-aus-dessau-gehen-regelmaessig-auf-sendung-28968284","rel":"","context":"In &quot;Deutsch&quot;","block_context":{"text":"Deutsch","link":"https:\/\/www.achimbrueckner.de\/dxradio\/php\/wordpress\/?cat=1"},"img":{"alt_text":"","src":"","width":0,"height":0},"classes":[]},{"id":17892,"url":"https:\/\/www.achimbrueckner.de\/dxradio\/php\/wordpress\/?p=17892","url_meta":{"origin":38502,"position":3},"title":"Honduras Mit Satire gegen Ungerechtigkeit","author":"Administrator","date":"May 23, 2018","format":false,"excerpt":"http:\/\/www.deutschlandfunk.de\/honduras-mit-satire-gegen-ungerechtigkeit.2907.de.html?dram:article_id=417873","rel":"","context":"In &quot;Deutsch&quot;","block_context":{"text":"Deutsch","link":"https:\/\/www.achimbrueckner.de\/dxradio\/php\/wordpress\/?cat=1"},"img":{"alt_text":"","src":"","width":0,"height":0},"classes":[]},{"id":38405,"url":"https:\/\/www.achimbrueckner.de\/dxradio\/php\/wordpress\/?p=38405","url_meta":{"origin":38502,"position":4},"title":"Funkamateur nur Abo von 2023 an","author":"Administrator","date":"December 30, 2022","format":false,"excerpt":"Das aktuelle Heft des Funkamateur ist die letzte Ausgabe im Zeitschriftenhandel. Im Editorial schreibt der Herausgeber \u00fcber Hintergr\u00fcnde und zuk\u00fcnftige Bezugsm\u00f6glichkeiten. Das \"Flex-Abo\" (jederzeit K\u00fcndbar und nicht wie viele andere Abos nur j\u00e4hrlich) ist sicher eine gute Wahl. https:\/\/www.funkamateur.de\/editorial.html Info via Facebook","rel":"","context":"In &quot;Deutsch&quot;","block_context":{"text":"Deutsch","link":"https:\/\/www.achimbrueckner.de\/dxradio\/php\/wordpress\/?cat=1"},"img":{"alt_text":"","src":"","width":0,"height":0},"classes":[]},{"id":36973,"url":"https:\/\/www.achimbrueckner.de\/dxradio\/php\/wordpress\/?p=36973","url_meta":{"origin":38502,"position":5},"title":"Am Samstagvorabend Welt schickt &#8220;Welt-Reporter&#8221; nun regelm\u00e4\u00dfig auf Sendung","author":"Administrator","date":"July 15, 2022","format":false,"excerpt":"https:\/\/www.dwdl.de\/nachrichten\/88788\/welt_schickt_weltreporter_nun_regelmaessig_auf_sendung\/","rel":"","context":"In &quot;Deutsch&quot;","block_context":{"text":"Deutsch","link":"https:\/\/www.achimbrueckner.de\/dxradio\/php\/wordpress\/?cat=1"},"img":{"alt_text":"","src":"","width":0,"height":0},"classes":[]}],"_links":{"self":[{"href":"https:\/\/www.achimbrueckner.de\/dxradio\/php\/wordpress\/index.php?rest_route=\/wp\/v2\/posts\/38502","targetHints":{"allow":["GET"]}}],"collection":[{"href":"https:\/\/www.achimbrueckner.de\/dxradio\/php\/wordpress\/index.php?rest_route=\/wp\/v2\/posts"}],"about":[{"href":"https:\/\/www.achimbrueckner.de\/dxradio\/php\/wordpress\/index.php?rest_route=\/wp\/v2\/types\/post"}],"author":[{"embeddable":true,"href":"https:\/\/www.achimbrueckner.de\/dxradio\/php\/wordpress\/index.php?rest_route=\/wp\/v2\/users\/1"}],"replies":[{"embeddable":true,"href":"https:\/\/www.achimbrueckner.de\/dxradio\/php\/wordpress\/index.php?rest_route=%2Fwp%2Fv2%2Fcomments&post=38502"}],"version-history":[{"count":0,"href":"https:\/\/www.achimbrueckner.de\/dxradio\/php\/wordpress\/index.php?rest_route=\/wp\/v2\/posts\/38502\/revisions"}],"wp:attachment":[{"href":"https:\/\/www.achimbrueckner.de\/dxradio\/php\/wordpress\/index.php?rest_route=%2Fwp%2Fv2%2Fmedia&parent=38502"}],"wp:term":[{"taxonomy":"category","embeddable":true,"href":"https:\/\/www.achimbrueckner.de\/dxradio\/php\/wordpress\/index.php?rest_route=%2Fwp%2Fv2%2Fcategories&post=38502"},{"taxonomy":"post_tag","embeddable":true,"href":"https:\/\/www.achimbrueckner.de\/dxradio\/php\/wordpress\/index.php?rest_route=%2Fwp%2Fv2%2Ftags&post=38502"}],"curies":[{"name":"wp","href":"https:\/\/api.w.org\/{rel}","templated":true}]}}