{"id":38514,"date":"2023-01-07T16:33:39","date_gmt":"2023-01-07T16:33:39","guid":{"rendered":"https:\/\/www.achimbrueckner.de\/dxradio\/php\/wordpress\/?p=38514"},"modified":"2023-01-07T16:33:39","modified_gmt":"2023-01-07T16:33:39","slug":"radio-slowakei-international-feiert-30-jahriges-bestehen","status":"publish","type":"post","link":"https:\/\/www.achimbrueckner.de\/dxradio\/php\/wordpress\/?p=38514","title":{"rendered":"Radio Slowakei International feiert 30-j\u00e4hriges Bestehen"},"content":{"rendered":"<p><a href=\"https:\/\/dersi.rtvs.sk\/clanky\/nachrichten\/313527\/radio-slowakei-international-feiert-30-jahriges-bestehen\" rel=\"noopener\" target=\"_blank\">https:\/\/dersi.rtvs.sk\/clanky\/nachrichten\/313527\/radio-slowakei-international-feiert-30-jahriges-bestehen<\/a><\/p>\n","protected":false},"excerpt":{"rendered":"<p>https:\/\/dersi.rtvs.sk\/clanky\/nachrichten\/313527\/radio-slowakei-international-feiert-30-jahriges-bestehen<\/p>\n","protected":false},"author":1,"featured_media":0,"comment_status":"closed","ping_status":"open","sticky":false,"template":"","format":"standard","meta":{"_jetpack_memberships_contains_paid_content":false,"footnotes":"","jetpack_publicize_message":"","jetpack_publicize_feature_enabled":true,"jetpack_social_post_already_shared":true,"jetpack_social_options":{"image_generator_settings":{"template":"highway","default_image_id":0,"font":"","enabled":false},"version":2}},"categories":[1],"tags":[],"class_list":["post-38514","post","type-post","status-publish","format-standard","hentry","category-deutsch"],"jetpack_publicize_connections":[],"jetpack_featured_media_url":"","jetpack_sharing_enabled":true,"jetpack_shortlink":"https:\/\/wp.me\/p5CDmr-a1c","jetpack-related-posts":[{"id":30688,"url":"https:\/\/www.achimbrueckner.de\/dxradio\/php\/wordpress\/?p=30688","url_meta":{"origin":38514,"position":0},"title":"Rundfunkindustrie feiert 100-j\u00e4hriges Bestehen von Radio","author":"Administrator","date":"November 5, 2020","format":false,"excerpt":"https:\/\/www.infosat.de\/radio\/rundfunkindustrie-feiert-100-j-hriges-bestehen-von-radio","rel":"","context":"In &quot;Deutsch&quot;","block_context":{"text":"Deutsch","link":"https:\/\/www.achimbrueckner.de\/dxradio\/php\/wordpress\/?cat=1"},"img":{"alt_text":"","src":"","width":0,"height":0},"classes":[]},{"id":42299,"url":"https:\/\/www.achimbrueckner.de\/dxradio\/php\/wordpress\/?p=42299","url_meta":{"origin":38514,"position":1},"title":"Freies Radio Freistadt feiert 20-j\u00e4hriges Bestehen","author":"Administrator","date":"March 3, 2025","format":false,"excerpt":"https:\/\/www.radiowoche.de\/freies-radio-freistadt-feiert-20-jaehriges-bestehen\/","rel":"","context":"In &quot;Deutsch&quot;","block_context":{"text":"Deutsch","link":"https:\/\/www.achimbrueckner.de\/dxradio\/php\/wordpress\/?cat=1"},"img":{"alt_text":"","src":"","width":0,"height":0},"classes":[]},{"id":25233,"url":"https:\/\/www.achimbrueckner.de\/dxradio\/php\/wordpress\/?p=25233","url_meta":{"origin":38514,"position":2},"title":"99drei Radio feiert 15-j\u00e4hriges Bestehen","author":"Administrator","date":"October 10, 2019","format":false,"excerpt":"https:\/\/www.freiepresse.de\/mittelsachsen\/mittweida\/99drei-radio-feiert-15-jaehriges-bestehen-artikel10632414","rel":"","context":"In &quot;Deutsch&quot;","block_context":{"text":"Deutsch","link":"https:\/\/www.achimbrueckner.de\/dxradio\/php\/wordpress\/?cat=1"},"img":{"alt_text":"","src":"","width":0,"height":0},"classes":[]},{"id":23498,"url":"https:\/\/www.achimbrueckner.de\/dxradio\/php\/wordpress\/?p=23498","url_meta":{"origin":38514,"position":3},"title":"Radio Hellmuth feiert 2020 sein 95-j\u00e4hriges Bestehen","author":"Administrator","date":"June 20, 2019","format":false,"excerpt":"https:\/\/www.lvz.de\/Thema\/Specials\/Top-Service-vor-Ort\/Radio-Hellmuth-feiert-2020-sein-95-jaehriges-Bestehen","rel":"","context":"In &quot;Deutsch&quot;","block_context":{"text":"Deutsch","link":"https:\/\/www.achimbrueckner.de\/dxradio\/php\/wordpress\/?cat=1"},"img":{"alt_text":"","src":"","width":0,"height":0},"classes":[]},{"id":10257,"url":"https:\/\/www.achimbrueckner.de\/dxradio\/php\/wordpress\/?p=10257","url_meta":{"origin":38514,"position":4},"title":"Antenne M\u00fcnster feiert 25-j\u00e4hriges Bestehen H\u00f6rer besuchen ihr Radio","author":"Administrator","date":"September 5, 2016","format":false,"excerpt":"http:\/\/www.wn.de\/Muenster\/2519773-Antenne-Muenster-feiert-25-jaehriges-Bestehen-Hoerer-besuchen-ihr-Radio","rel":"","context":"In &quot;Deutsch&quot;","block_context":{"text":"Deutsch","link":"https:\/\/www.achimbrueckner.de\/dxradio\/php\/wordpress\/?cat=1"},"img":{"alt_text":"","src":"","width":0,"height":0},"classes":[]},{"id":26295,"url":"https:\/\/www.achimbrueckner.de\/dxradio\/php\/wordpress\/?p=26295","url_meta":{"origin":38514,"position":5},"title":"\u201eHier ist Radio Charivari\u201c: Rosenheims Regionalsender feiert 30-j\u00e4hriges Bestehen","author":"Administrator","date":"December 21, 2019","format":false,"excerpt":"https:\/\/www.ovb-online.de\/rosenheim\/landkreis\/hier-radio-charivari-rosenheims-regionalsender-feiert-30-jaehriges-bestehen-13360210.amp.html","rel":"","context":"In &quot;Deutsch&quot;","block_context":{"text":"Deutsch","link":"https:\/\/www.achimbrueckner.de\/dxradio\/php\/wordpress\/?cat=1"},"img":{"alt_text":"","src":"","width":0,"height":0},"classes":[]}],"_links":{"self":[{"href":"https:\/\/www.achimbrueckner.de\/dxradio\/php\/wordpress\/index.php?rest_route=\/wp\/v2\/posts\/38514","targetHints":{"allow":["GET"]}}],"collection":[{"href":"https:\/\/www.achimbrueckner.de\/dxradio\/php\/wordpress\/index.php?rest_route=\/wp\/v2\/posts"}],"about":[{"href":"https:\/\/www.achimbrueckner.de\/dxradio\/php\/wordpress\/index.php?rest_route=\/wp\/v2\/types\/post"}],"author":[{"embeddable":true,"href":"https:\/\/www.achimbrueckner.de\/dxradio\/php\/wordpress\/index.php?rest_route=\/wp\/v2\/users\/1"}],"replies":[{"embeddable":true,"href":"https:\/\/www.achimbrueckner.de\/dxradio\/php\/wordpress\/index.php?rest_route=%2Fwp%2Fv2%2Fcomments&post=38514"}],"version-history":[{"count":0,"href":"https:\/\/www.achimbrueckner.de\/dxradio\/php\/wordpress\/index.php?rest_route=\/wp\/v2\/posts\/38514\/revisions"}],"wp:attachment":[{"href":"https:\/\/www.achimbrueckner.de\/dxradio\/php\/wordpress\/index.php?rest_route=%2Fwp%2Fv2%2Fmedia&parent=38514"}],"wp:term":[{"taxonomy":"category","embeddable":true,"href":"https:\/\/www.achimbrueckner.de\/dxradio\/php\/wordpress\/index.php?rest_route=%2Fwp%2Fv2%2Fcategories&post=38514"},{"taxonomy":"post_tag","embeddable":true,"href":"https:\/\/www.achimbrueckner.de\/dxradio\/php\/wordpress\/index.php?rest_route=%2Fwp%2Fv2%2Ftags&post=38514"}],"curies":[{"name":"wp","href":"https:\/\/api.w.org\/{rel}","templated":true}]}}