{"id":38570,"date":"2023-01-13T14:51:50","date_gmt":"2023-01-13T14:51:50","guid":{"rendered":"https:\/\/www.achimbrueckner.de\/dxradio\/php\/wordpress\/?p=38570"},"modified":"2023-01-13T14:51:50","modified_gmt":"2023-01-13T14:51:50","slug":"dab-weitere-details-zum-zweiten-wdr-mux-in-nrw","status":"publish","type":"post","link":"https:\/\/www.achimbrueckner.de\/dxradio\/php\/wordpress\/?p=38570","title":{"rendered":"DAB+: Weitere Details zum zweiten WDR-Mux in NRW"},"content":{"rendered":"<p><a href=\"https:\/\/www.satellifax.de\/mlesen.php?id=f6f11ce34b38bcb85db9bcc9029e3a84\" rel=\"noopener\" target=\"_blank\">https:\/\/www.satellifax.de\/mlesen.php?id=f6f11ce34b38bcb85db9bcc9029e3a84<\/a><\/p>\n","protected":false},"excerpt":{"rendered":"<p>https:\/\/www.satellifax.de\/mlesen.php?id=f6f11ce34b38bcb85db9bcc9029e3a84<\/p>\n","protected":false},"author":1,"featured_media":0,"comment_status":"closed","ping_status":"open","sticky":false,"template":"","format":"standard","meta":{"_jetpack_memberships_contains_paid_content":false,"footnotes":"","jetpack_publicize_message":"","jetpack_publicize_feature_enabled":true,"jetpack_social_post_already_shared":true,"jetpack_social_options":{"image_generator_settings":{"template":"highway","default_image_id":0,"font":"","enabled":false},"version":2}},"categories":[1],"tags":[],"class_list":["post-38570","post","type-post","status-publish","format-standard","hentry","category-deutsch"],"jetpack_publicize_connections":[],"jetpack_featured_media_url":"","jetpack_sharing_enabled":true,"jetpack_shortlink":"https:\/\/wp.me\/p5CDmr-a26","jetpack-related-posts":[{"id":37839,"url":"https:\/\/www.achimbrueckner.de\/dxradio\/php\/wordpress\/?p=37839","url_meta":{"origin":38570,"position":0},"title":"DAB+: Sender M\u00fcnster f\u00fcr zweiten Bundesmux und Sender Bonn f\u00fcr NRW-Mux in K\u00fcrze","author":"Administrator","date":"November 3, 2022","format":false,"excerpt":"https:\/\/www.satellifax.de\/mlesen.php?id=9cd51464e69c8e74f8bc170ee0c55df4","rel":"","context":"In &quot;Deutsch&quot;","block_context":{"text":"Deutsch","link":"https:\/\/www.achimbrueckner.de\/dxradio\/php\/wordpress\/?cat=1"},"img":{"alt_text":"","src":"","width":0,"height":0},"classes":[]},{"id":38307,"url":"https:\/\/www.achimbrueckner.de\/dxradio\/php\/wordpress\/?p=38307","url_meta":{"origin":38570,"position":1},"title":"WDR plant zweiten DAB+-Multiplex in NRW","author":"Administrator","date":"December 22, 2022","format":false,"excerpt":"https:\/\/www.satellifax.de\/mlesen.php?id=8f9c83ae51482658a013d2fad711b9cd","rel":"","context":"In &quot;Deutsch&quot;","block_context":{"text":"Deutsch","link":"https:\/\/www.achimbrueckner.de\/dxradio\/php\/wordpress\/?cat=1"},"img":{"alt_text":"","src":"","width":0,"height":0},"classes":[]},{"id":38847,"url":"https:\/\/www.achimbrueckner.de\/dxradio\/php\/wordpress\/?p=38847","url_meta":{"origin":38570,"position":2},"title":"WDR: Weitere Vorarbeiten f\u00fcr zweiten DAB+-Multiplex","author":"Administrator","date":"February 16, 2023","format":false,"excerpt":"https:\/\/www.satellifax.de\/mlesen.php?id=387ac4cfcaec76c34814cfd10b67b844","rel":"","context":"In &quot;Deutsch&quot;","block_context":{"text":"Deutsch","link":"https:\/\/www.achimbrueckner.de\/dxradio\/php\/wordpress\/?cat=1"},"img":{"alt_text":"","src":"","width":0,"height":0},"classes":[]},{"id":21865,"url":"https:\/\/www.achimbrueckner.de\/dxradio\/php\/wordpress\/?p=21865","url_meta":{"origin":38570,"position":3},"title":"Belgien: Testsendungen f\u00fcr zweiten DAB+-Privatradio-Mux in Flandern","author":"Administrator","date":"February 28, 2019","format":false,"excerpt":"https:\/\/www.satellifax.de\/mlesen.php?id=7d1ef8d78386edf5c364ff277a331e62","rel":"","context":"In &quot;Deutsch&quot;","block_context":{"text":"Deutsch","link":"https:\/\/www.achimbrueckner.de\/dxradio\/php\/wordpress\/?cat=1"},"img":{"alt_text":"","src":"","width":0,"height":0},"classes":[]},{"id":41101,"url":"https:\/\/www.achimbrueckner.de\/dxradio\/php\/wordpress\/?p=41101","url_meta":{"origin":38570,"position":4},"title":"DAB+: WDR testet erstmals zweiten Multiplex","author":"Administrator","date":"March 28, 2024","format":false,"excerpt":"https:\/\/www.satellifax.de\/mlesen.php?id=421bf793782101d36650a43844ca602c","rel":"","context":"In &quot;Deutsch&quot;","block_context":{"text":"Deutsch","link":"https:\/\/www.achimbrueckner.de\/dxradio\/php\/wordpress\/?cat=1"},"img":{"alt_text":"","src":"","width":0,"height":0},"classes":[]},{"id":27404,"url":"https:\/\/www.achimbrueckner.de\/dxradio\/php\/wordpress\/?p=27404","url_meta":{"origin":38570,"position":5},"title":"DAB+ Bremen: Schlechtere Audioqualit\u00e4t bei Privatradios &#8211; Weitere Programme im Mux","author":"Administrator","date":"March 3, 2020","format":false,"excerpt":"https:\/\/www.satellifax.de\/mlesen.php?id=3d80fab91beef5a061d961136e91ce04","rel":"","context":"In &quot;audio&quot;","block_context":{"text":"audio","link":"https:\/\/www.achimbrueckner.de\/dxradio\/php\/wordpress\/?cat=47"},"img":{"alt_text":"","src":"","width":0,"height":0},"classes":[]}],"_links":{"self":[{"href":"https:\/\/www.achimbrueckner.de\/dxradio\/php\/wordpress\/index.php?rest_route=\/wp\/v2\/posts\/38570","targetHints":{"allow":["GET"]}}],"collection":[{"href":"https:\/\/www.achimbrueckner.de\/dxradio\/php\/wordpress\/index.php?rest_route=\/wp\/v2\/posts"}],"about":[{"href":"https:\/\/www.achimbrueckner.de\/dxradio\/php\/wordpress\/index.php?rest_route=\/wp\/v2\/types\/post"}],"author":[{"embeddable":true,"href":"https:\/\/www.achimbrueckner.de\/dxradio\/php\/wordpress\/index.php?rest_route=\/wp\/v2\/users\/1"}],"replies":[{"embeddable":true,"href":"https:\/\/www.achimbrueckner.de\/dxradio\/php\/wordpress\/index.php?rest_route=%2Fwp%2Fv2%2Fcomments&post=38570"}],"version-history":[{"count":0,"href":"https:\/\/www.achimbrueckner.de\/dxradio\/php\/wordpress\/index.php?rest_route=\/wp\/v2\/posts\/38570\/revisions"}],"wp:attachment":[{"href":"https:\/\/www.achimbrueckner.de\/dxradio\/php\/wordpress\/index.php?rest_route=%2Fwp%2Fv2%2Fmedia&parent=38570"}],"wp:term":[{"taxonomy":"category","embeddable":true,"href":"https:\/\/www.achimbrueckner.de\/dxradio\/php\/wordpress\/index.php?rest_route=%2Fwp%2Fv2%2Fcategories&post=38570"},{"taxonomy":"post_tag","embeddable":true,"href":"https:\/\/www.achimbrueckner.de\/dxradio\/php\/wordpress\/index.php?rest_route=%2Fwp%2Fv2%2Ftags&post=38570"}],"curies":[{"name":"wp","href":"https:\/\/api.w.org\/{rel}","templated":true}]}}