{"id":38599,"date":"2023-01-15T14:23:20","date_gmt":"2023-01-15T14:23:20","guid":{"rendered":"https:\/\/www.achimbrueckner.de\/dxradio\/php\/wordpress\/?p=38599"},"modified":"2023-01-15T14:23:20","modified_gmt":"2023-01-15T14:23:20","slug":"feature-das-radio-spricht-das-radio-swingt","status":"publish","type":"post","link":"https:\/\/www.achimbrueckner.de\/dxradio\/php\/wordpress\/?p=38599","title":{"rendered":"Feature Das Radio spricht, das Radio swingt"},"content":{"rendered":"<p><a href=\"https:\/\/www.hr2.de\/programm\/feature\/feature--das-radio-spricht-das-radio-swingt-,epg-feature-852.html\" rel=\"noopener\" target=\"_blank\">https:\/\/www.hr2.de\/programm\/feature\/feature&#8211;das-radio-spricht-das-radio-swingt-,epg-feature-852.html<\/a><\/p>\n","protected":false},"excerpt":{"rendered":"<p>https:\/\/www.hr2.de\/programm\/feature\/feature&#8211;das-radio-spricht-das-radio-swingt-,epg-feature-852.html<\/p>\n","protected":false},"author":1,"featured_media":0,"comment_status":"closed","ping_status":"open","sticky":false,"template":"","format":"standard","meta":{"_jetpack_memberships_contains_paid_content":false,"footnotes":"","jetpack_publicize_message":"","jetpack_publicize_feature_enabled":true,"jetpack_social_post_already_shared":true,"jetpack_social_options":{"image_generator_settings":{"template":"highway","default_image_id":0,"font":"","enabled":false},"version":2}},"categories":[1],"tags":[],"class_list":["post-38599","post","type-post","status-publish","format-standard","hentry","category-deutsch"],"jetpack_publicize_connections":[],"jetpack_featured_media_url":"","jetpack_sharing_enabled":true,"jetpack_shortlink":"https:\/\/wp.me\/p5CDmr-a2z","jetpack-related-posts":[{"id":39488,"url":"https:\/\/www.achimbrueckner.de\/dxradio\/php\/wordpress\/?p=39488","url_meta":{"origin":38599,"position":0},"title":"100 Jahre &#8211; Das Radio spricht, das Radio swingt","author":"Administrator","date":"May 15, 2023","format":false,"excerpt":"https:\/\/www.hr2.de\/podcasts\/dokumentation-reportage\/100-jahre---das-radio-spricht-das-radio-swingt,podcast-episode-113302.html","rel":"","context":"In &quot;Deutsch&quot;","block_context":{"text":"Deutsch","link":"https:\/\/www.achimbrueckner.de\/dxradio\/php\/wordpress\/?cat=1"},"img":{"alt_text":"","src":"","width":0,"height":0},"classes":[]},{"id":16383,"url":"https:\/\/www.achimbrueckner.de\/dxradio\/php\/wordpress\/?p=16383","url_meta":{"origin":38599,"position":1},"title":"Von \u00abNo Billag\u00bb w\u00e4re auch das Radio betroffen \u2013 doch niemand spricht davon","author":"Administrator","date":"February 7, 2018","format":false,"excerpt":"https:\/\/www.aargauerzeitung.ch\/schweiz\/von-no-billag-waere-auch-das-radio-betroffen-doch-niemand-spricht-davon-132174939","rel":"","context":"In &quot;Deutsch&quot;","block_context":{"text":"Deutsch","link":"https:\/\/www.achimbrueckner.de\/dxradio\/php\/wordpress\/?cat=1"},"img":{"alt_text":"","src":"","width":0,"height":0},"classes":[]},{"id":1149,"url":"https:\/\/www.achimbrueckner.de\/dxradio\/php\/wordpress\/?p=1149","url_meta":{"origin":38599,"position":2},"title":"H\u00f6rspiel \/ Feature Tipp: Hier spricht Dein liebster Feind","author":"Administrator","date":"September 18, 2010","format":false,"excerpt":"Deutschlandradio Kultur, 22.09.2010 um 00:05 MESZ Hier spricht dein liebster Feind Und: Der Laubfrosch hat die Farbe gewechselt Von Robert Weber und Falko Hennig \"Station D.E.B.U.N.K.T.\", \"Gerrys Front\", \"Gustav Siegfried Eins\" oder \"Radio Humanit\u00c3\u00a9\" - im II. Weltkrieg wurde erstmals ein Krieg im \u00c4ther gef\u00fchrt. Ein Milit\u00e4rhistoriker, ein Ohrenzeuge und\u2026","rel":"","context":"In &quot;Deutsch&quot;","block_context":{"text":"Deutsch","link":"https:\/\/www.achimbrueckner.de\/dxradio\/php\/wordpress\/?cat=1"},"img":{"alt_text":"","src":"","width":0,"height":0},"classes":[]},{"id":929,"url":"https:\/\/www.achimbrueckner.de\/dxradio\/php\/wordpress\/?p=929","url_meta":{"origin":38599,"position":3},"title":"Menschen im Gespr\u00e4ch &#8211; Wolf Harranth","author":"Administrator","date":"March 2, 2010","format":false,"excerpt":"in der o.g. Sendereihe beim ORF-Radio-Wien war am 13.2.2010: Zu Gast ist der Rundfunkhistoriker Wolf Harranth. Er arbeitet f\u00fcr das Dokumentationsarchiv Funk, das die \u00f6sterreichische Rundfunkgeschichte aufarbeitet und dokumentiert. Bernd Matschedolnig spricht mit ihm \u00fcber die Faszination des Radios, die Entwicklung des Rundfunks in \u00d6sterreich und \u00fcber ein stadtpr\u00e4gendes St\u00fcck\u2026","rel":"","context":"In &quot;Deutsch&quot;","block_context":{"text":"Deutsch","link":"https:\/\/www.achimbrueckner.de\/dxradio\/php\/wordpress\/?cat=1"},"img":{"alt_text":"","src":"","width":0,"height":0},"classes":[]},{"id":4733,"url":"https:\/\/www.achimbrueckner.de\/dxradio\/php\/wordpress\/?p=4733","url_meta":{"origin":38599,"position":4},"title":"LfM-Direktor spricht sich f\u00fcr Werbebegrenzung im \u00f6ffentlich-rechtlichen Radio aus","author":"Administrator","date":"May 26, 2015","format":false,"excerpt":"https:\/\/www.infosat.de\/radio\/lfm-direktor-spricht-sich-f-r-werbebegrenzung-im-ffentlich-rechtlichen-radio-aus","rel":"","context":"In &quot;Deutsch&quot;","block_context":{"text":"Deutsch","link":"https:\/\/www.achimbrueckner.de\/dxradio\/php\/wordpress\/?cat=1"},"img":{"alt_text":"","src":"","width":0,"height":0},"classes":[]},{"id":23739,"url":"https:\/\/www.achimbrueckner.de\/dxradio\/php\/wordpress\/?p=23739","url_meta":{"origin":38599,"position":5},"title":"Delmenhorster spricht plattdeutsche Nachrichten im Radio","author":"Administrator","date":"July 10, 2019","format":false,"excerpt":"https:\/\/www.noz.de\/lokales-dk\/delmenhorst\/artikel\/1802230\/delmenhorster-spricht-plattdeutsche-nachrichten-im-radio","rel":"","context":"In &quot;Deutsch&quot;","block_context":{"text":"Deutsch","link":"https:\/\/www.achimbrueckner.de\/dxradio\/php\/wordpress\/?cat=1"},"img":{"alt_text":"","src":"","width":0,"height":0},"classes":[]}],"_links":{"self":[{"href":"https:\/\/www.achimbrueckner.de\/dxradio\/php\/wordpress\/index.php?rest_route=\/wp\/v2\/posts\/38599","targetHints":{"allow":["GET"]}}],"collection":[{"href":"https:\/\/www.achimbrueckner.de\/dxradio\/php\/wordpress\/index.php?rest_route=\/wp\/v2\/posts"}],"about":[{"href":"https:\/\/www.achimbrueckner.de\/dxradio\/php\/wordpress\/index.php?rest_route=\/wp\/v2\/types\/post"}],"author":[{"embeddable":true,"href":"https:\/\/www.achimbrueckner.de\/dxradio\/php\/wordpress\/index.php?rest_route=\/wp\/v2\/users\/1"}],"replies":[{"embeddable":true,"href":"https:\/\/www.achimbrueckner.de\/dxradio\/php\/wordpress\/index.php?rest_route=%2Fwp%2Fv2%2Fcomments&post=38599"}],"version-history":[{"count":0,"href":"https:\/\/www.achimbrueckner.de\/dxradio\/php\/wordpress\/index.php?rest_route=\/wp\/v2\/posts\/38599\/revisions"}],"wp:attachment":[{"href":"https:\/\/www.achimbrueckner.de\/dxradio\/php\/wordpress\/index.php?rest_route=%2Fwp%2Fv2%2Fmedia&parent=38599"}],"wp:term":[{"taxonomy":"category","embeddable":true,"href":"https:\/\/www.achimbrueckner.de\/dxradio\/php\/wordpress\/index.php?rest_route=%2Fwp%2Fv2%2Fcategories&post=38599"},{"taxonomy":"post_tag","embeddable":true,"href":"https:\/\/www.achimbrueckner.de\/dxradio\/php\/wordpress\/index.php?rest_route=%2Fwp%2Fv2%2Ftags&post=38599"}],"curies":[{"name":"wp","href":"https:\/\/api.w.org\/{rel}","templated":true}]}}