{"id":3860,"date":"2014-12-17T17:13:57","date_gmt":"2014-12-17T17:13:57","guid":{"rendered":"https:\/\/www.achimbrueckner.de\/dxradio\/php\/wordpress\/?p=3860"},"modified":"2014-12-17T17:13:57","modified_gmt":"2014-12-17T17:13:57","slug":"deutsche-welle-aufschrei-zur-unzeit","status":"publish","type":"post","link":"https:\/\/www.achimbrueckner.de\/dxradio\/php\/wordpress\/?p=3860","title":{"rendered":"Deutsche Welle Aufschrei zur Unzeit"},"content":{"rendered":"<p><a href=\"http:\/\/www.faz.net\/aktuell\/feuilleton\/medien\/nur-noch-englisches-programm-der-deutschen-welle-13325116.html?google_editors_picks=true\" target=\"_blank\">http:\/\/www.faz.net\/aktuell\/feuilleton\/medien\/nur-noch-englisches-programm-der-deutschen-welle-13325116.html<\/a><\/p>\n<p>Info via <a href=\"http:\/\/www.ratzer.at\" target=\"_blank\">A-DX<\/a><\/p>\n","protected":false},"excerpt":{"rendered":"<p>http:\/\/www.faz.net\/aktuell\/feuilleton\/medien\/nur-noch-englisches-programm-der-deutschen-welle-13325116.html Info via A-DX<\/p>\n","protected":false},"author":1,"featured_media":0,"comment_status":"open","ping_status":"open","sticky":false,"template":"","format":"standard","meta":{"_jetpack_memberships_contains_paid_content":false,"footnotes":"","jetpack_publicize_message":"","jetpack_publicize_feature_enabled":true,"jetpack_social_post_already_shared":false,"jetpack_social_options":{"image_generator_settings":{"template":"highway","default_image_id":0,"font":"","enabled":false},"version":2}},"categories":[1,14,15],"tags":[24,40,45],"class_list":["post-3860","post","type-post","status-publish","format-standard","hentry","category-deutsch","category-dx","category-medien","tag-am","tag-dx","tag-medien"],"jetpack_publicize_connections":[],"jetpack_featured_media_url":"","jetpack_sharing_enabled":true,"jetpack_shortlink":"https:\/\/wp.me\/p5CDmr-10g","jetpack-related-posts":[{"id":3995,"url":"https:\/\/www.achimbrueckner.de\/dxradio\/php\/wordpress\/?p=3995","url_meta":{"origin":3860,"position":0},"title":"STREICHUNG DEUTSCHSPRACHIGER SENDUNGEN Kahlschlag bei der Deutschen Welle","author":"Administrator","date":"January 19, 2015","format":false,"excerpt":"http:\/\/www.berliner-zeitung.de\/medien\/streichung-deutschsprachiger-sendungen-kahlschlag-bei-der-deutschen-welle,10809188,25929534.html Info via A-DX","rel":"","context":"In &quot;Deutsch&quot;","block_context":{"text":"Deutsch","link":"https:\/\/www.achimbrueckner.de\/dxradio\/php\/wordpress\/?cat=1"},"img":{"alt_text":"","src":"","width":0,"height":0},"classes":[]},{"id":2651,"url":"https:\/\/www.achimbrueckner.de\/dxradio\/php\/wordpress\/?p=2651","url_meta":{"origin":3860,"position":1},"title":"Radiotheken bei Soundcloud","author":"Administrator","date":"September 12, 2013","format":false,"excerpt":"Hallo in die Runde, Kuno Taufenbach, der Macher der Radiothek-Beitr\u00e4ge im Medienmagazin des RMRC hat vier weitere, \u00e4ltere Beitr\u00e4ge online bereitgestellt City Welle M\u00fcnchen - http:\/\/soundcloud.com\/kunosradiothek\/kunos-radiothek-30-city-welle Stadtradio Saarbr\u00fccken - http:\/\/soundcloud.com\/kunosradiothek\/kunos-radiothek-29-stadtradio Und da die Beitr\u00e4ge \u00fcber Radio Andernach gro\u00dfen Zuspruch fanden hier mal die Beitr\u00e4ge \u00fcber die beiden kanadischen Soldatensender Radio\u2026","rel":"","context":"In &quot;Deutsch&quot;","block_context":{"text":"Deutsch","link":"https:\/\/www.achimbrueckner.de\/dxradio\/php\/wordpress\/?cat=1"},"img":{"alt_text":"","src":"","width":0,"height":0},"classes":[]},{"id":1666,"url":"https:\/\/www.achimbrueckner.de\/dxradio\/php\/wordpress\/?p=1666","url_meta":{"origin":3860,"position":2},"title":"Iran: WM-Reporterin f\u00fcr &#8220;Deutsche Welle&#8221; in Haft","author":"Administrator","date":"July 18, 2011","format":false,"excerpt":"Iran: WM-Reporterin f\u00fcr \"Deutsche Welle\" in Haft http:\/\/derstandard.at\/1310511458595\/Iran-WM-Reporterin-fuer-Deutsche-Welle-in-Haft Info via A-DX","rel":"","context":"In &quot;Deutsch&quot;","block_context":{"text":"Deutsch","link":"https:\/\/www.achimbrueckner.de\/dxradio\/php\/wordpress\/?cat=1"},"img":{"alt_text":"","src":"","width":0,"height":0},"classes":[]},{"id":29665,"url":"https:\/\/www.achimbrueckner.de\/dxradio\/php\/wordpress\/?p=29665","url_meta":{"origin":3860,"position":3},"title":"QSL Welle 370 via Moosbrunn","author":"Administrator","date":"August 3, 2020","format":false,"excerpt":"https:\/\/maresmedx.blogspot.com\/2020\/08\/qsl-welle-370-via-moosbrunn.html","rel":"","context":"In &quot;dx&quot;","block_context":{"text":"dx","link":"https:\/\/www.achimbrueckner.de\/dxradio\/php\/wordpress\/?cat=14"},"img":{"alt_text":"","src":"","width":0,"height":0},"classes":[]},{"id":1961,"url":"https:\/\/www.achimbrueckner.de\/dxradio\/php\/wordpress\/?p=1961","url_meta":{"origin":3860,"position":4},"title":"Deutsche Welle last day QSL","author":"Administrator","date":"November 22, 2011","format":false,"excerpt":"Deutsche Welle last day QSL http:\/\/www.ekubra.de\/BWR1\/index.html Info via A-DX","rel":"","context":"In &quot;English&quot;","block_context":{"text":"English","link":"https:\/\/www.achimbrueckner.de\/dxradio\/php\/wordpress\/?cat=2"},"img":{"alt_text":"","src":"","width":0,"height":0},"classes":[]},{"id":3411,"url":"https:\/\/www.achimbrueckner.de\/dxradio\/php\/wordpress\/?p=3411","url_meta":{"origin":3860,"position":5},"title":"Welle 370: Funkerberg geht wieder auf Sendung","author":"Administrator","date":"August 14, 2014","format":false,"excerpt":"http:\/\/www.dxaktuell.de\/2014\/08\/welle-370-funkerberg-geht-wieder-auf-sendung\/","rel":"","context":"In &quot;Deutsch&quot;","block_context":{"text":"Deutsch","link":"https:\/\/www.achimbrueckner.de\/dxradio\/php\/wordpress\/?cat=1"},"img":{"alt_text":"","src":"","width":0,"height":0},"classes":[]}],"_links":{"self":[{"href":"https:\/\/www.achimbrueckner.de\/dxradio\/php\/wordpress\/index.php?rest_route=\/wp\/v2\/posts\/3860","targetHints":{"allow":["GET"]}}],"collection":[{"href":"https:\/\/www.achimbrueckner.de\/dxradio\/php\/wordpress\/index.php?rest_route=\/wp\/v2\/posts"}],"about":[{"href":"https:\/\/www.achimbrueckner.de\/dxradio\/php\/wordpress\/index.php?rest_route=\/wp\/v2\/types\/post"}],"author":[{"embeddable":true,"href":"https:\/\/www.achimbrueckner.de\/dxradio\/php\/wordpress\/index.php?rest_route=\/wp\/v2\/users\/1"}],"replies":[{"embeddable":true,"href":"https:\/\/www.achimbrueckner.de\/dxradio\/php\/wordpress\/index.php?rest_route=%2Fwp%2Fv2%2Fcomments&post=3860"}],"version-history":[{"count":0,"href":"https:\/\/www.achimbrueckner.de\/dxradio\/php\/wordpress\/index.php?rest_route=\/wp\/v2\/posts\/3860\/revisions"}],"wp:attachment":[{"href":"https:\/\/www.achimbrueckner.de\/dxradio\/php\/wordpress\/index.php?rest_route=%2Fwp%2Fv2%2Fmedia&parent=3860"}],"wp:term":[{"taxonomy":"category","embeddable":true,"href":"https:\/\/www.achimbrueckner.de\/dxradio\/php\/wordpress\/index.php?rest_route=%2Fwp%2Fv2%2Fcategories&post=3860"},{"taxonomy":"post_tag","embeddable":true,"href":"https:\/\/www.achimbrueckner.de\/dxradio\/php\/wordpress\/index.php?rest_route=%2Fwp%2Fv2%2Ftags&post=3860"}],"curies":[{"name":"wp","href":"https:\/\/api.w.org\/{rel}","templated":true}]}}