{"id":38627,"date":"2023-01-18T18:18:02","date_gmt":"2023-01-18T18:18:02","guid":{"rendered":"https:\/\/www.achimbrueckner.de\/dxradio\/php\/wordpress\/?p=38627"},"modified":"2023-01-18T18:18:02","modified_gmt":"2023-01-18T18:18:02","slug":"lra-36-radio-nacional-arcangel-san-gabriel-21-januar-2023","status":"publish","type":"post","link":"https:\/\/www.achimbrueckner.de\/dxradio\/php\/wordpress\/?p=38627","title":{"rendered":"LRA 36 RADIO NACIONAL ARCANGEL SAN GABRIEL 21 Januar 2023"},"content":{"rendered":"<p>Die Antarktis ruft!<br \/>\nLRA 36 RADIO NACIONAL ARCANGEL SAN GABRIEL pr\u00e4sentiert &#8220;UNIENDO Voces&#8221; (&#8220;Gemeinsame Stimmen&#8221;). Es handelt sich um eine Sondersendung, die in Zusammenarbeit mit RAE (Radiodifusi\u00f3n Argentina al Exterior) produziert wird und sich an Kurzwellenh\u00f6rer, DXer und Funkamateure aus der ganzen Welt richtet.<\/p>\n<p>Die Sendung findet am SAMSTAG, 21. JANUAR um 15 UTC mit einer Wiederholung um 19 UTC auf der Frequenz 15476 KHz (USB) im 19-Meter-Band statt und wird von Adrian Korol, Direktor der RAE, und Juan Benavente, Mitglied des Antarktis-Kommandos, zusammen mit Marcelo Ayala, Journalist von Radio Nacional, der im Januar von LRA36 aus das morgendliche &#8220;Panorama Informativo&#8221; f\u00fcr alle Stationen des Netzes des argentinischen \u00f6ffentlichen Rundfunks leitet, gestaltet.<br \/>\nZu den Inhalten geh\u00f6ren Live-Interviews, interessantes Material aus dem Tonarchiv von LRA36 wie Audios der ersten Sendung, verschiedene IDs, Stationsmnitschnitte von DXern in verschiedenen Zeiten und Material von LA ROSA DE TOKIO, der Sendung von Omar Somma und Arnaldo Slaen, dem DX-Redakteur von RAE.<\/p>\n<p>Dieses Jahr ist sehr wichtig f\u00fcr LRA36. Im Februar wird das Kurzwellensende- und Antennensystem bewertet und vermessen, um den geliebten Antarktissender mit einem NEUEN KURZWELLENSENDER auszustatten, und der 10 KW CCA-Sender wird zur Reparatur auf das Festland zur\u00fcckgebracht.<br \/>\nAu\u00dferdem wird eine neue Antenne f\u00fcr das FM-Signal auf 96,7 MHz installiert, die mit einer Leistung von 250 Watt senden wird (derzeit l\u00e4uft sie mit 25).<br \/>\nWie immer freuen wir uns auf Ihre Kommentare und Empfangsberichte unter lra36nacional@gmail.com<br \/>\nIG: lra36radionacional<br \/>\nFB: Arcangel San Gabriel &#8211; Antarktis<\/p>\n<p>Wir freuen uns \u00fcber die weitere Verbreitung dieser Informationen&#8221;.<\/p>\n<p>Unterzeichnet von Adrian Korol, RAE, Argentinien, \u00fcber Facebook- und Whatsapp-Gruppennachrichten, \u00fcbersetzt und leicht redigiert aus dem spanischen Original, von Horacio Nigro, Montevideo, Uruguay, 18. Januar 2023).<\/p>\n<p>Info via A-DX Facebook<\/p>\n","protected":false},"excerpt":{"rendered":"<p>Die Antarktis ruft! LRA 36 RADIO NACIONAL ARCANGEL SAN GABRIEL pr\u00e4sentiert &#8220;UNIENDO Voces&#8221; (&#8220;Gemeinsame Stimmen&#8221;). Es handelt sich um eine Sondersendung, die in Zusammenarbeit mit RAE (Radiodifusi\u00f3n Argentina al Exterior) produziert wird und sich an Kurzwellenh\u00f6rer, DXer und Funkamateure aus der ganzen Welt richtet. Die Sendung findet am SAMSTAG, 21. JANUAR um 15 UTC mit &hellip; <a href=\"https:\/\/www.achimbrueckner.de\/dxradio\/php\/wordpress\/?p=38627\" class=\"more-link\">Continue reading <span class=\"screen-reader-text\">LRA 36 RADIO NACIONAL ARCANGEL SAN GABRIEL 21 Januar 2023<\/span><\/a><\/p>\n","protected":false},"author":1,"featured_media":0,"comment_status":"closed","ping_status":"open","sticky":false,"template":"","format":"standard","meta":{"_jetpack_memberships_contains_paid_content":false,"footnotes":"","jetpack_publicize_message":"","jetpack_publicize_feature_enabled":true,"jetpack_social_post_already_shared":true,"jetpack_social_options":{"image_generator_settings":{"template":"highway","default_image_id":0,"font":"","enabled":false},"version":2}},"categories":[1],"tags":[],"class_list":["post-38627","post","type-post","status-publish","format-standard","hentry","category-deutsch"],"jetpack_publicize_connections":[],"jetpack_featured_media_url":"","jetpack_sharing_enabled":true,"jetpack_shortlink":"https:\/\/wp.me\/p5CDmr-a31","jetpack-related-posts":[{"id":25377,"url":"https:\/\/www.achimbrueckner.de\/dxradio\/php\/wordpress\/?p=25377","url_meta":{"origin":38627,"position":0},"title":"40 Jahre LRA36 Radio Nacional Arc\u00e1ngel San Gabriel Sondersendung","author":"Administrator","date":"October 18, 2019","format":false,"excerpt":"Am Sonntag den 20. Oktober feiert LRA36 Radio Nacional Arc\u00e1ngel San Gabriel, die Station, die von der argentinischen Antarktis aus sendet, ihr 40- j\u00e4hriges Jubil\u00e4um. Aus diesem Anla\u00df hat RAE - Argentinien in die Welt eine Sondersendung in verschiedenen Sprachen vorbereitet. An diesem Sonntag ab 12:00 Uhr UTC moderieren die\u2026","rel":"","context":"In &quot;Deutsch&quot;","block_context":{"text":"Deutsch","link":"https:\/\/www.achimbrueckner.de\/dxradio\/php\/wordpress\/?cat=1"},"img":{"alt_text":"","src":"","width":0,"height":0},"classes":[]},{"id":38674,"url":"https:\/\/www.achimbrueckner.de\/dxradio\/php\/wordpress\/?p=38674","url_meta":{"origin":38627,"position":1},"title":"LRA 36 28. Januar 2023","author":"Administrator","date":"January 24, 2023","format":false,"excerpt":"LRA36 - Antarktis Wie in Facebook gelesen sagt Adrian Korol von RAE, dass die n\u00e4chste Sendung von LRA 36 am kommenden Samstag, 28.1. um 15:00 UTC und die Wiederholung um 19:00 UTC auf 15476 khz USB stattfinden wird. Ich habe erfahren, dass es schwierig ist, das Signal in Europa und\u2026","rel":"","context":"In &quot;Deutsch&quot;","block_context":{"text":"Deutsch","link":"https:\/\/www.achimbrueckner.de\/dxradio\/php\/wordpress\/?cat=1"},"img":{"alt_text":"","src":"","width":0,"height":0},"classes":[]},{"id":38758,"url":"https:\/\/www.achimbrueckner.de\/dxradio\/php\/wordpress\/?p=38758","url_meta":{"origin":38627,"position":2},"title":"LRA 36 Radio Nacional Arc\u00e1ngel San Gabriel 3rd of February 2023","author":"Administrator","date":"February 3, 2023","format":false,"excerpt":"NEW TEST BROADCAST OF LRA 36 Radio Nacional Arc\u00e1ngel San Gabriel, just announced by Adrian Korol, head of RAE (and a long time DXer as we are): Friday, February 3rd, from 2000 TO 2100 UTC, on 15476 kHz, USB and via online audio streaming on www.rae.com.ar Info via Facebook","rel":"","context":"In &quot;English&quot;","block_context":{"text":"English","link":"https:\/\/www.achimbrueckner.de\/dxradio\/php\/wordpress\/?cat=2"},"img":{"alt_text":"","src":"","width":0,"height":0},"classes":[]},{"id":38881,"url":"https:\/\/www.achimbrueckner.de\/dxradio\/php\/wordpress\/?p=38881","url_meta":{"origin":38627,"position":3},"title":"Carlos\u2019 Shortwave Art and recording of Radio Nacional Arc\u00e1ngel San Gabriel, LRA 36 (February 18, 2023)","author":"Administrator","date":"February 20, 2023","format":false,"excerpt":"https:\/\/swling.com\/blog\/2023\/02\/carlos-shortwave-art-and-recording-of-radio-nacional-arcangel-san-gabriel-lra-36-february-18-2023\/","rel":"","context":"In &quot;English&quot;","block_context":{"text":"English","link":"https:\/\/www.achimbrueckner.de\/dxradio\/php\/wordpress\/?cat=2"},"img":{"alt_text":"","src":"","width":0,"height":0},"classes":[]},{"id":30319,"url":"https:\/\/www.achimbrueckner.de\/dxradio\/php\/wordpress\/?p=30319","url_meta":{"origin":38627,"position":4},"title":"LRA 36 Radio Nacional Arcangel San Gabriel","author":"Administrator","date":"October 4, 2020","format":false,"excerpt":"https:\/\/it2021swl.blogspot.com\/2020\/10\/lra-36-radio-nacional-arcangel-san.html","rel":"","context":"In &quot;English&quot;","block_context":{"text":"English","link":"https:\/\/www.achimbrueckner.de\/dxradio\/php\/wordpress\/?cat=2"},"img":{"alt_text":"","src":"","width":0,"height":0},"classes":[]},{"id":34200,"url":"https:\/\/www.achimbrueckner.de\/dxradio\/php\/wordpress\/?p=34200","url_meta":{"origin":38627,"position":5},"title":"FMK Weihnachten 2021","author":"Administrator","date":"December 18, 2021","format":false,"excerpt":"Hallo liebe Radiofreunde, es wird dieses Jahr keinen DX-Marathon geben an dem sich FM Kompakt bzw. Radio Klein Paris beteiligen. Trotzdem habe ich mir etwas, einen kleinen Kontest, \u00fcberlegt. FM Kompakt hat in den Programmen von Partnerstationen jeweils einen Gru\u00df platziert und auch Musikw\u00fcnsche ge\u00e4u\u00dfert. Schaltet bitte folgende Programme ein\u2026","rel":"","context":"In &quot;Deutsch&quot;","block_context":{"text":"Deutsch","link":"https:\/\/www.achimbrueckner.de\/dxradio\/php\/wordpress\/?cat=1"},"img":{"alt_text":"","src":"","width":0,"height":0},"classes":[]}],"_links":{"self":[{"href":"https:\/\/www.achimbrueckner.de\/dxradio\/php\/wordpress\/index.php?rest_route=\/wp\/v2\/posts\/38627","targetHints":{"allow":["GET"]}}],"collection":[{"href":"https:\/\/www.achimbrueckner.de\/dxradio\/php\/wordpress\/index.php?rest_route=\/wp\/v2\/posts"}],"about":[{"href":"https:\/\/www.achimbrueckner.de\/dxradio\/php\/wordpress\/index.php?rest_route=\/wp\/v2\/types\/post"}],"author":[{"embeddable":true,"href":"https:\/\/www.achimbrueckner.de\/dxradio\/php\/wordpress\/index.php?rest_route=\/wp\/v2\/users\/1"}],"replies":[{"embeddable":true,"href":"https:\/\/www.achimbrueckner.de\/dxradio\/php\/wordpress\/index.php?rest_route=%2Fwp%2Fv2%2Fcomments&post=38627"}],"version-history":[{"count":0,"href":"https:\/\/www.achimbrueckner.de\/dxradio\/php\/wordpress\/index.php?rest_route=\/wp\/v2\/posts\/38627\/revisions"}],"wp:attachment":[{"href":"https:\/\/www.achimbrueckner.de\/dxradio\/php\/wordpress\/index.php?rest_route=%2Fwp%2Fv2%2Fmedia&parent=38627"}],"wp:term":[{"taxonomy":"category","embeddable":true,"href":"https:\/\/www.achimbrueckner.de\/dxradio\/php\/wordpress\/index.php?rest_route=%2Fwp%2Fv2%2Fcategories&post=38627"},{"taxonomy":"post_tag","embeddable":true,"href":"https:\/\/www.achimbrueckner.de\/dxradio\/php\/wordpress\/index.php?rest_route=%2Fwp%2Fv2%2Ftags&post=38627"}],"curies":[{"name":"wp","href":"https:\/\/api.w.org\/{rel}","templated":true}]}}